{"id":62947,"date":"2024-03-12T21:36:45","date_gmt":"2024-03-13T00:36:45","guid":{"rendered":"https:\/\/blogopara.com.br\/?p=62947"},"modified":"2024-03-12T21:36:49","modified_gmt":"2024-03-13T00:36:49","slug":"achar-que-e-tarde-demais-so-leva-a-nao-fazer-nada-o-otimismo-de-pesquisadora-de-oxford-diante-da-emergencia-climatica","status":"publish","type":"post","link":"https:\/\/blogopara.com.br\/index.php\/2024\/03\/12\/achar-que-e-tarde-demais-so-leva-a-nao-fazer-nada-o-otimismo-de-pesquisadora-de-oxford-diante-da-emergencia-climatica","title":{"rendered":"&#8216;Achar que \u00e9 tarde demais s\u00f3 leva a n\u00e3o fazer nada&#8217;: o otimismo de pesquisadora de Oxford diante da emerg\u00eancia clim\u00e1tica"},"content":{"rendered":"<div class=\"bbc-19j92fr ebmt73l0\" dir=\"ltr\">\n<p class=\"bbc-hhl7in e17g058b0\" dir=\"ltr\" style=\"text-align: justify;\">Em uma pesquisa global sobre\u00a0como os jovens se sentem em rela\u00e7\u00e3o \u00e0s mudan\u00e7as clim\u00e1ticas, metade dos entrevistados respondeu que acredita que &#8220;a humanidade est\u00e1 condenada&#8221;.<\/p>\n<\/div>\n<div class=\"bbc-19j92fr ebmt73l0\" dir=\"ltr\" style=\"text-align: justify;\">\n<p class=\"bbc-hhl7in e17g058b0\" dir=\"ltr\">Em outras palavras, eles n\u00e3o creem que as necessidades da gera\u00e7\u00e3o atual possam ser atendidas sem prejudicar a pr\u00f3xima. E receiam que a vida como conhecemos hoje n\u00e3o seja sustent\u00e1vel.<\/p>\n<\/div>\n<div class=\"bbc-19j92fr ebmt73l0\" dir=\"ltr\" style=\"text-align: justify;\">\n<p class=\"bbc-hhl7in e17g058b0\" dir=\"ltr\">A cientista de dados Hannah Ritchie costumava pensar da mesma forma. Na adolesc\u00eancia, ela temia que\u00a0a devasta\u00e7\u00e3o do planeta pela humanidade\u00a0\u2014 em todas as suas formas, do desmatamento \u00e0 pesca predat\u00f3ria, culminando nas mudan\u00e7as clim\u00e1ticas \u2014 gerasse uma s\u00e9rie de problemas insol\u00faveis.<\/p>\n<\/div>\n<div class=\"bbc-19j92fr ebmt73l0\" dir=\"ltr\" style=\"text-align: justify;\">\n<p class=\"bbc-hhl7in e17g058b0\" dir=\"ltr\">Sua forma\u00e7\u00e3o acad\u00eamica, iniciada na Universidade de Edimburgo, na Esc\u00f3cia, com apenas 16 anos, apenas parecia confirmar estas preocupa\u00e7\u00f5es.<\/p>\n<\/div>\n<section class=\"bbc-geybui\" role=\"region\" aria-label=\"Publicidade 2\" aria-hidden=\"true\" data-e2e=\"advertisement\"><\/section>\n<div class=\"bbc-19j92fr ebmt73l0\" dir=\"ltr\" style=\"text-align: justify;\">\n<p class=\"bbc-hhl7in e17g058b0\" dir=\"ltr\">&#8220;Eu estava convencida de que n\u00e3o havia mais um futuro&#8221;, escreve Ritchie, agora com 30 anos, em seu primeiro livro,\u00a0<i class=\"bbc-h1y5j7 eih42320\">Not the End of the World\u00a0<\/i>(&#8220;N\u00e3o \u00e9 o fim do mundo&#8221;, em tradu\u00e7\u00e3o livre).<\/p>\n<\/div>\n<div class=\"bbc-19j92fr ebmt73l0\" dir=\"ltr\" style=\"text-align: justify;\">\n<p class=\"bbc-hhl7in e17g058b0\" dir=\"ltr\">Hoje, no entanto, ela pensa diferente. Embora ainda esteja preocupada com o rumo que o mundo est\u00e1 tomando, acredita que h\u00e1 esperan\u00e7a de que a humanidade seja capaz de reverter seu curso.<\/p>\n<\/div>\n<div class=\"bbc-19j92fr ebmt73l0\" dir=\"ltr\" style=\"text-align: justify;\">\n<p class=\"bbc-hhl7in e17g058b0\" dir=\"ltr\">Como editora-assistente da plataforma digital Our World In Data, da Universidade de Oxford, no Reino Unido, e pesquisadora s\u00eanior da renomada institui\u00e7\u00e3o, ela apresenta avan\u00e7os e estat\u00edsticas que contam uma hist\u00f3ria mais otimista \u2014 desde a melhoria da qualidade do ar at\u00e9 o aumento das vendas de ve\u00edculos el\u00e9tricos.<\/p>\n<\/div>\n<div class=\"bbc-19j92fr ebmt73l0\" dir=\"ltr\" style=\"text-align: justify;\">\n<p class=\"bbc-hhl7in e17g058b0\" dir=\"ltr\">Ritchie conversou com a BBC Future Planet sobre o que mudou sua maneira de pensar, por que o mundo poderia estar atingindo seu &#8220;pico de polui\u00e7\u00e3o&#8221; &#8211; e maneiras de garantir um futuro mais sustent\u00e1vel.<\/p>\n<\/div>\n<div class=\"bbc-19j92fr ebmt73l0\" dir=\"ltr\" style=\"text-align: justify;\">\n<p class=\"bbc-hhl7in e17g058b0\" dir=\"ltr\"><b>BBC Future Planet &#8211; O que a levou a mudar de ideia sobre o futuro da humanidade? E por que voc\u00ea acha agora que as previs\u00f5es &#8220;catastr\u00f3ficas&#8221; n\u00e3o inspiram a\u00e7\u00e3o?<\/b><\/p>\n<\/div>\n<div class=\"bbc-19j92fr ebmt73l0\" dir=\"ltr\" style=\"text-align: justify;\">\n<p class=\"bbc-hhl7in e17g058b0\" dir=\"ltr\"><b>Hannah Ritchie &#8211;<\/b>\u00a0As mudan\u00e7as clim\u00e1ticas sempre fizeram parte da minha vida, e sempre me preocupei bastante, desde crian\u00e7a. Piorou quando entrei para a universidade, porque estava estudando ci\u00eancias ambientais, e todas as tend\u00eancias iam na dire\u00e7\u00e3o contr\u00e1ria.<\/p>\n<\/div>\n<div class=\"bbc-19j92fr ebmt73l0\" dir=\"ltr\" style=\"text-align: justify;\">\n<p class=\"bbc-hhl7in e17g058b0\" dir=\"ltr\">Mas Rosling fazia palestras no TED em que mostrava, por meio de dados, como o mundo havia mudado para melhor nos \u00faltimos s\u00e9culos.<\/p>\n<\/div>\n<div class=\"bbc-19j92fr ebmt73l0\" dir=\"ltr\" style=\"text-align: justify;\">\n<p class=\"bbc-hhl7in e17g058b0\" dir=\"ltr\">Ent\u00e3o comecei a me perguntar: podemos fazer as duas coisas ao mesmo tempo? Podemos continuar a melhorar o bem-estar humano, enquanto tamb\u00e9m reduzimos nosso impacto ambiental?<\/p>\n<\/div>\n<div class=\"bbc-19j92fr ebmt73l0\" dir=\"ltr\" style=\"text-align: justify;\">\n<p class=\"bbc-hhl7in e17g058b0\" dir=\"ltr\">E, ao longo dos \u00faltimos 10 anos mais ou menos, de acordo com os dados ambientais, tem havido sinais para um otimismo cauteloso.<\/p>\n<\/div>\n<div class=\"bbc-19j92fr ebmt73l0\" dir=\"ltr\" style=\"text-align: justify;\">\n<p class=\"bbc-hhl7in e17g058b0\" dir=\"ltr\">O problema do pessimismo catastr\u00f3fico n\u00e3o \u00e9 que as pessoas acham que as mudan\u00e7as clim\u00e1ticas s\u00e3o um problema muito s\u00e9rio &#8211; porque eu tamb\u00e9m acho. \u00c9 a ideia de que \u00e9 tarde demais para fazer algo a respeito.<\/p>\n<\/div>\n<div class=\"bbc-19j92fr ebmt73l0\" dir=\"ltr\" style=\"text-align: justify;\">\n<p class=\"bbc-hhl7in e17g058b0\" dir=\"ltr\">Acho que a ci\u00eancia \u00e9 muito clara em rela\u00e7\u00e3o a que nunca \u00e9 tarde demais; os impactos das mudan\u00e7as clim\u00e1ticas est\u00e3o num espectro, e aonde chegaremos nesse espectro depende do que fazemos hoje.<\/p>\n<\/div>\n<div class=\"bbc-19j92fr ebmt73l0\" dir=\"ltr\" style=\"text-align: justify;\">\n<p class=\"bbc-hhl7in e17g058b0\" dir=\"ltr\">Quanto mais medidas a gente tomar, mais vamos limitar os danos clim\u00e1ticos.<\/p>\n<\/div>\n<div class=\"bbc-19j92fr ebmt73l0\" dir=\"ltr\" style=\"text-align: justify;\">\n<p class=\"bbc-hhl7in e17g058b0\" dir=\"ltr\">A sensa\u00e7\u00e3o de que &#8220;\u00e9 tarde demais&#8221; apenas leva \u00e0 in\u00e9rcia e \u00e0 paralisia. E eu sei, por ter me sentido assim no passado, que isso n\u00e3o me tornou muito eficiente na promo\u00e7\u00e3o de solu\u00e7\u00f5es.<\/p>\n<\/div>\n<div class=\"bbc-19j92fr ebmt73l0\" dir=\"ltr\" style=\"text-align: justify;\">\n<p class=\"bbc-hhl7in e17g058b0\" dir=\"ltr\"><b>BBC Future Planet &#8211; H\u00e1 uma s\u00e9rie de amea\u00e7as \u00e0 sa\u00fade humana e planet\u00e1ria. Mas sua an\u00e1lise de dados deu a esperan\u00e7a de que um futuro mais verde \u00e9 poss\u00edvel. Qual voc\u00ea acha que tem sido o exemplo mais forte da capacidade da humanidade de mudar para melhor?<\/b><\/p>\n<\/div>\n<div class=\"bbc-19j92fr ebmt73l0\" dir=\"ltr\" style=\"text-align: justify;\">\n<p class=\"bbc-hhl7in e17g058b0\" dir=\"ltr\"><b>Ritchie &#8211;\u00a0<\/b>Houve uma \u00e9poca que a camada de oz\u00f4nio foi o grande problema das mudan\u00e7as clim\u00e1ticas, e n\u00e3o falamos mais sobre isso porque \u00e9 um problema que resolvemos.<\/p>\n<\/div>\n<div class=\"bbc-19j92fr ebmt73l0\" dir=\"ltr\" style=\"text-align: justify;\">\n<p class=\"bbc-hhl7in e17g058b0\" dir=\"ltr\">Reduzimos as emiss\u00f5es de gases que destroem a camada de oz\u00f4nio em mais de 99%. \u00c9 f\u00e1cil olharmos para tr\u00e1s agora e dizer que isso era inevit\u00e1vel. Mas acho que as pessoas que trabalhavam nisso na \u00e9poca enfrentaram uma forte resist\u00eancia por parte dos governos, assim como da ind\u00fastria, que negaram que se tratasse de um problema.<\/p>\n<\/div>\n<div class=\"bbc-19j92fr ebmt73l0\" dir=\"ltr\" style=\"text-align: justify;\">\n<p class=\"bbc-hhl7in e17g058b0\" dir=\"ltr\">\u00c9 poss\u00edvel ver muitos paralelos entre isso e as mudan\u00e7as clim\u00e1ticas hoje.<\/p>\n<\/div>\n<div class=\"bbc-19j92fr ebmt73l0\" dir=\"ltr\" style=\"text-align: justify;\">\n<p class=\"bbc-hhl7in e17g058b0\" dir=\"ltr\">Outro exemplo \u00e9 a chuva \u00e1cida. Este foi um grande problema ambiental que, especialmente na Europa e na Am\u00e9rica do Norte, fizemos um trabalho muito bom para combater.<\/p>\n<\/div>\n<div class=\"bbc-19j92fr ebmt73l0\" dir=\"ltr\" style=\"text-align: justify;\">\n<p class=\"bbc-hhl7in e17g058b0\" dir=\"ltr\">No que diz respeito \u00e0 polui\u00e7\u00e3o atmosf\u00e9rica de forma mais ampla, embora ainda seja um enorme problema de sa\u00fade, temos visto avan\u00e7os.<\/p>\n<\/div>\n<div class=\"bbc-19j92fr ebmt73l0\" dir=\"ltr\" style=\"text-align: justify;\">\n<p class=\"bbc-hhl7in e17g058b0\" dir=\"ltr\">Nos pa\u00edses ricos, em particular, as pol\u00edticas p\u00fablicas t\u00eam sido bastante eficazes na redu\u00e7\u00e3o da polui\u00e7\u00e3o atmosf\u00e9rica local. E a China conseguiu reduzir drasticamente os n\u00edveis de polui\u00e7\u00e3o em muitas cidades do pa\u00eds num per\u00edodo muito curto de tempo.<\/p>\n<\/div>\n<div class=\"bbc-19j92fr ebmt73l0\" dir=\"ltr\" style=\"text-align: justify;\">\n<p class=\"bbc-hhl7in e17g058b0\" dir=\"ltr\"><b>BBC Future Planet &#8211; O seu livro d\u00e1 uma s\u00e9rie de exemplos da transi\u00e7\u00e3o verde j\u00e1 em curso em todo o mundo. Tendo em vista estas tend\u00eancias, voc\u00ea diria que o planeta j\u00e1 atingiu seu &#8220;pico de polui\u00e7\u00e3o&#8221;?<\/b><\/p>\n<\/div>\n<div class=\"bbc-19j92fr ebmt73l0\" dir=\"ltr\" style=\"text-align: justify;\">\n<p class=\"bbc-hhl7in e17g058b0\" dir=\"ltr\"><b>Ritchie &#8211;\u00a0<\/b>Isso requer comparar muitas m\u00e9tricas diferentes. Vou dizer que estamos muito perto do pico de polui\u00e7\u00e3o. Estamos muito perto do pico das emiss\u00f5es de CO2. E espero que alcancemos o pico e comecemos o decl\u00ednio em breve.<\/p>\n<\/div>\n<div class=\"bbc-19j92fr ebmt73l0\" dir=\"ltr\" style=\"text-align: justify;\">\n<p class=\"bbc-hhl7in e17g058b0\" dir=\"ltr\">No que diz respeito \u00e0 polui\u00e7\u00e3o atmosf\u00e9rica, podemos estar muito, muito pr\u00f3ximos do pico. E j\u00e1 ultrapassamos o pico no caso de alguns poluentes atmosf\u00e9ricos \u2013 como o di\u00f3xido de enxofre, que provoca a chuva \u00e1cida.<\/p>\n<\/div>\n<div class=\"bbc-19j92fr ebmt73l0\" dir=\"ltr\" style=\"text-align: justify;\">\n<p class=\"bbc-hhl7in e17g058b0\" dir=\"ltr\">Tamb\u00e9m atingimos o pico em coisas pequenas, mas significativas, como a venda global de carros com motor de combust\u00e3o. Portanto, h\u00e1 uma s\u00e9rie de picos menores que se somam para alcan\u00e7ar um pico de polui\u00e7\u00e3o em um n\u00edvel macro.<\/p>\n<\/div>\n<div class=\"bbc-19j92fr ebmt73l0\" dir=\"ltr\" style=\"text-align: justify;\">\n<p class=\"bbc-hhl7in e17g058b0\" dir=\"ltr\"><b>BBC Future Planet &#8211; Voc\u00ea fala muito sobre o poder positivo das novas tecnologias e do avan\u00e7o tecnol\u00f3gico. O que mais est\u00e1 ajudando a humanidade a chegar ao pico de polui\u00e7\u00e3o?<\/b><\/p>\n<\/div>\n<div class=\"bbc-19j92fr ebmt73l0\" dir=\"ltr\" style=\"text-align: justify;\">\n<p class=\"bbc-hhl7in e17g058b0\" dir=\"ltr\"><b>Ritchie &#8211;<\/b>\u00a0A queda do custo da energia de baixo carbono \u2014 em particular solar, e\u00f3lica e baterias \u2014 \u00e9 essencial para atingirmos o pico e reduzirmos as emiss\u00f5es de CO2.<\/p>\n<\/div>\n<div class=\"bbc-19j92fr ebmt73l0\" dir=\"ltr\" style=\"text-align: justify;\">\n<p class=\"bbc-hhl7in e17g058b0\" dir=\"ltr\">Para avan\u00e7ar, essas tecnologias precisam ser competitivas ou custar menos do que os combust\u00edveis f\u00f3sseis. Sem isso, nossas perspectivas de combater as mudan\u00e7as clim\u00e1ticas seriam muito baixas.<\/p>\n<\/div>\n<div class=\"bbc-19j92fr ebmt73l0\" dir=\"ltr\" style=\"text-align: justify;\">\n<p class=\"bbc-hhl7in e17g058b0\" dir=\"ltr\">Ent\u00e3o, \u00e9 uma boa not\u00edcia que muitas j\u00e1 tenham custos competitivos.<\/p>\n<\/div>\n<div class=\"bbc-19j92fr ebmt73l0\" dir=\"ltr\" style=\"text-align: justify;\">\n<p class=\"bbc-hhl7in e17g058b0\" dir=\"ltr\"><b>BBC Future Planet &#8211; Qual \u00e9 o maior obst\u00e1culo para alcan\u00e7ar o pico de polui\u00e7\u00e3o?<\/b><\/p>\n<\/div>\n<div class=\"bbc-19j92fr ebmt73l0\" dir=\"ltr\" style=\"text-align: justify;\">\n<p class=\"bbc-hhl7in e17g058b0\" dir=\"ltr\"><b>Ritchie &#8211;\u00a0<\/b>Um fator importante que limita os avan\u00e7os \u00e9 a falta de investimento na transi\u00e7\u00e3o energ\u00e9tica e em tecnologias limpas por parte das empresas de combust\u00edveis f\u00f3sseis.<\/p>\n<\/div>\n<div class=\"bbc-19j92fr ebmt73l0\" dir=\"ltr\" style=\"text-align: justify;\">\n<p class=\"bbc-hhl7in e17g058b0\" dir=\"ltr\">Elas geram lucros extremamente altos que poderiam ser reinvestidos em solu\u00e7\u00f5es inovadoras, mas n\u00e3o est\u00e3o fazendo isso.<\/p>\n<\/div>\n<div class=\"bbc-19j92fr ebmt73l0\" dir=\"ltr\" style=\"text-align: justify;\">\n<p class=\"bbc-hhl7in e17g058b0\" dir=\"ltr\">Isso n\u00e3o significa acabar com os combust\u00edveis f\u00f3sseis amanh\u00e3, mas significa investir em um futuro energ\u00e9tico limpo.<\/p>\n<\/div>\n<div class=\"bbc-19j92fr ebmt73l0\" dir=\"ltr\" style=\"text-align: justify;\">\n<p class=\"bbc-hhl7in e17g058b0\" dir=\"ltr\">Outro desafio para atingir o pico de polui\u00e7\u00e3o \u2014 tanto em termos de emiss\u00f5es de CO2, quanto de polui\u00e7\u00e3o atmosf\u00e9rica \u2014 s\u00e3o os n\u00edveis de pobreza energ\u00e9tica no mundo. Nos pa\u00edses ricos, a polui\u00e7\u00e3o est\u00e1 caindo, mas continua a aumentar nos pa\u00edses de baixa e m\u00e9dia renda.<\/p>\n<\/div>\n<div class=\"bbc-19j92fr ebmt73l0\" dir=\"ltr\" style=\"text-align: justify;\">\n<p class=\"bbc-hhl7in e17g058b0\" dir=\"ltr\">Isso porque h\u00e1 bilh\u00f5es de pessoas que, com toda a raz\u00e3o, querem um padr\u00e3o de vida mais elevado. Para estes pa\u00edses, a prioridade n\u00e3o \u00e9 necessariamente como manter a polui\u00e7\u00e3o baixa, mas como fornecer energia de forma r\u00e1pida e barata.<\/p>\n<\/div>\n<div class=\"bbc-19j92fr ebmt73l0\" dir=\"ltr\" style=\"text-align: justify;\">\n<p class=\"bbc-hhl7in e17g058b0\" dir=\"ltr\"><b>BBC Future Planet &#8211; As dietas ricas em carne representam um desafio em particular para ultrapassar o pico de polui\u00e7\u00e3o global \u2013 seja em termos de desmatamento ou de emiss\u00f5es. O que voc\u00ea diria aos pol\u00edticos que t\u00eam receio de dizer \u00e0 popula\u00e7\u00e3o o que fazer quando se trata da alimenta\u00e7\u00e3o?<\/b><\/p>\n<\/div>\n<div class=\"bbc-19j92fr ebmt73l0\" dir=\"ltr\" style=\"text-align: justify;\">\n<p class=\"bbc-hhl7in e17g058b0\" dir=\"ltr\"><b>Ritchie &#8211;\u00a0<\/b>Sou muito mais otimista em rela\u00e7\u00e3o \u00e0 transi\u00e7\u00e3o energ\u00e9tica, e menos em rela\u00e7\u00e3o ao aspecto do sistema alimentar. Muitos indiv\u00edduos realmente n\u00e3o se importam com de onde vem sua energia.<\/p>\n<\/div>\n<div class=\"bbc-19j92fr ebmt73l0\" dir=\"ltr\" style=\"text-align: justify;\">\n<p class=\"bbc-hhl7in e17g058b0\" dir=\"ltr\">Eles podem protestar pela constru\u00e7\u00e3o de um parque e\u00f3lico ou solar, mas a maioria das pessoas n\u00e3o se importa, desde que a energia seja barata e confi\u00e1vel.<\/p>\n<\/div>\n<div class=\"bbc-19j92fr ebmt73l0\" dir=\"ltr\" style=\"text-align: justify;\">\n<p class=\"bbc-hhl7in e17g058b0\" dir=\"ltr\">J\u00e1 a dieta \u00e9 uma quest\u00e3o muito pessoal. Est\u00e1 fortemente ligada \u00e0 nossa identidade, e as mudan\u00e7as de h\u00e1bito individuais s\u00e3o mais dif\u00edceis de serem alcan\u00e7adas do que as tecnol\u00f3gicas.<\/p>\n<\/div>\n<div class=\"bbc-19j92fr ebmt73l0\" dir=\"ltr\" style=\"text-align: justify;\">\n<p class=\"bbc-hhl7in e17g058b0\" dir=\"ltr\">Sou c\u00e9tica de que veremos uma transi\u00e7\u00e3o para dietas \u00e0 base de legumes e verduras a longo prazo e em larga escala, sem avan\u00e7os tecnol\u00f3gicos bastante significativos \u2014 que podem fornecer \u00e0s pessoas produtos semelhantes \u00e0 carne.<\/p>\n<\/div>\n<div class=\"bbc-19j92fr ebmt73l0\" dir=\"ltr\" style=\"text-align: justify;\">\n<p class=\"bbc-hhl7in e17g058b0\" dir=\"ltr\">Em geral, tamb\u00e9m sou muito cautelosa ao dizer \u00e0s pessoas o que elas devem fazer.<\/p>\n<\/div>\n<div class=\"bbc-19j92fr ebmt73l0\" dir=\"ltr\" style=\"text-align: justify;\">\n<p class=\"bbc-hhl7in e17g058b0\" dir=\"ltr\">Aconselhar algo \u00e9 ineficaz \u2014 especialmente em rela\u00e7\u00e3o ao que as pessoas comem, mas tamb\u00e9m de forma mais ampla. Portanto, para os pol\u00edticos, \u00e9 uma linha bastante t\u00eanue. Como voc\u00ea mostra \u00e0 popula\u00e7\u00e3o os impactos e as alternativas, mas sem impor nada?<\/p>\n<\/div>\n<div class=\"bbc-19j92fr ebmt73l0\" dir=\"ltr\" style=\"text-align: justify;\">\n<p class=\"bbc-hhl7in e17g058b0\" dir=\"ltr\"><b>BBC Future Planet &#8211; Outras pessoas que, como voc\u00ea, enfatizam a import\u00e2ncia da tecnologia e a possibilidade de crescimento econ\u00f4mico cont\u00ednuo, foram chamadas de &#8220;ecomodernistas&#8221;. E algumas das solu\u00e7\u00f5es de tecnologia de ponta que este grupo defende \u2013 como a energia nuclear, a intensifica\u00e7\u00e3o agr\u00edcola e a carne cultivada em laborat\u00f3rio \u2013 suscitaram preocupa\u00e7\u00f5es.<\/b><\/p>\n<\/div>\n<div class=\"bbc-19j92fr ebmt73l0\" dir=\"ltr\" style=\"text-align: justify;\">\n<p class=\"bbc-hhl7in e17g058b0\" dir=\"ltr\"><b>Voc\u00ea se identifica com o termo &#8220;ecocomodernista&#8221;? E o que voc\u00ea diria \u00e0queles que advertem que, \u00e0s vezes, depender de novas tecnologias pode acelerar o decl\u00ednio ambiental?<\/b><\/p>\n<\/div>\n<div class=\"bbc-19j92fr ebmt73l0\" dir=\"ltr\" style=\"text-align: justify;\">\n<p class=\"bbc-hhl7in e17g058b0\" dir=\"ltr\"><b>Ritchie &#8211;<\/b>\u00a0Provavelmente h\u00e1 uma s\u00e9rie de defini\u00e7\u00f5es do que \u00e9 um ecomodernista. Para mim, a tecnologia \u00e9 apenas uma ferramenta.<\/p>\n<\/div>\n<div class=\"bbc-19j92fr ebmt73l0\" dir=\"ltr\" style=\"text-align: justify;\">\n<p class=\"bbc-hhl7in e17g058b0\" dir=\"ltr\">N\u00e3o creio que a tecnologia por si s\u00f3 nos salve, mas quando se tenta aplicar solu\u00e7\u00f5es para 8 bilh\u00f5es de pessoas, voc\u00ea precisa dela.<\/p>\n<\/div>\n<div class=\"bbc-19j92fr ebmt73l0\" dir=\"ltr\" style=\"text-align: justify;\">\n<p class=\"bbc-hhl7in e17g058b0\" dir=\"ltr\">Muitas vezes, as pessoas tentam buscar solu\u00e7\u00f5es do passado. Elas podem ter funcionado para uma pequena popula\u00e7\u00e3o de milh\u00f5es de habitantes, mas n\u00e3o d\u00e3o conta de uma popula\u00e7\u00e3o de bilh\u00f5es.<\/p>\n<\/div>\n<div class=\"bbc-19j92fr ebmt73l0\" dir=\"ltr\" style=\"text-align: justify;\">\n<p class=\"bbc-hhl7in e17g058b0\" dir=\"ltr\">Na agricultura, por exemplo, voc\u00ea n\u00e3o consegue alimentar 8 bilh\u00f5es de pessoas sem mudan\u00e7as tecnol\u00f3gicas s\u00f3lidas e sem aumentar o rendimento das colheitas \u2014 o que temos visto com as inova\u00e7\u00f5es tecnol\u00f3gicas.<\/p>\n<\/div>\n<div class=\"bbc-19j92fr ebmt73l0\" dir=\"ltr\" style=\"text-align: justify;\">\n<p class=\"bbc-hhl7in e17g058b0\" dir=\"ltr\">Tamb\u00e9m contestaria o fato de a energia nuclear ser uma nova tecnologia: ela existe h\u00e1 muito mais tempo do que a energia solar e e\u00f3lica.<\/p>\n<\/div>\n<div class=\"bbc-19j92fr ebmt73l0\" dir=\"ltr\" style=\"text-align: justify;\">\n<p class=\"bbc-hhl7in e17g058b0\" dir=\"ltr\">Mesmo se a ideia for reduzir drasticamente a demanda individual pelos recursos do planeta, mudando nossos h\u00e1bitos, ainda assim precisar\u00edamos de um forte componente tecnol\u00f3gico.<\/p>\n<\/div>\n<div class=\"bbc-19j92fr ebmt73l0\" dir=\"ltr\" style=\"text-align: justify;\">\n<p class=\"bbc-hhl7in e17g058b0\" dir=\"ltr\">Mesmo que a demanda de energia seja menor, por exemplo, voc\u00ea ainda vai precisar de muita energia solar, e\u00f3lica, de baterias. E voc\u00ea provavelmente ainda vai precisar de energia nuclear, geot\u00e9rmica ou hidrel\u00e9trica para ter uma rede equilibrada.<\/p>\n<\/div>\n<div class=\"bbc-19j92fr ebmt73l0\" dir=\"ltr\" style=\"text-align: justify;\">\n<p class=\"bbc-hhl7in e17g058b0\" dir=\"ltr\">Ent\u00e3o, acho que muitas vezes h\u00e1 uma falsa dicotomia. Mesmo num mundo em que \u00e9 necess\u00e1rio reduzir a demanda, voc\u00ea ainda vai precisar de desenvolvimentos tecnol\u00f3gicos bastante s\u00f3lidos.<\/p>\n<\/div>\n<div class=\"bbc-19j92fr ebmt73l0\" dir=\"ltr\" style=\"text-align: justify;\">\n<p class=\"bbc-hhl7in e17g058b0\" dir=\"ltr\"><b>BBC Future Planet &#8211; O empres\u00e1rio Bill Gates e o jornalista americano David-Wallace Wells a aclamaram como a &#8220;Hans Rosling do movimento ambientalista&#8221;, com base no seu otimismo sobre o potencial mundial para um desenvolvimento positivo. Outros alertaram, no entanto, que figuras como Rosling v\u00e3o longe demais no seu otimismo, e que as m\u00e9dias podem obscurecer as desigualdades subjacentes entre os pa\u00edses e dentro dos pa\u00edses. Qu\u00e3o consciente voc\u00ea est\u00e1 destes riscos?<\/b><\/p>\n<\/div>\n<div class=\"bbc-19j92fr ebmt73l0\" dir=\"ltr\" style=\"text-align: justify;\">\n<p class=\"bbc-hhl7in e17g058b0\" dir=\"ltr\"><b>Ritchie &#8211;<\/b>\u00a0N\u00e3o podemos olhar apenas para as m\u00e9dias globais. No nosso trabalho na plataforma Our World in Data, mostramos m\u00e9tricas de dados entre pa\u00edses, n\u00e3o apenas a m\u00e9dia global.<\/p>\n<\/div>\n<div class=\"bbc-19j92fr ebmt73l0\" dir=\"ltr\" style=\"text-align: justify;\">\n<p class=\"bbc-hhl7in e17g058b0\" dir=\"ltr\">Isto revela muitas vezes que, embora ainda existam desigualdades muito grandes, do ponto de vista humano as coisas est\u00e3o melhorando.<\/p>\n<\/div>\n<div class=\"bbc-19j92fr ebmt73l0\" dir=\"ltr\" style=\"text-align: justify;\">\n<p class=\"bbc-hhl7in e17g058b0\" dir=\"ltr\"><b>BBC Future Planet &#8211; Voc\u00ea est\u00e1 esperan\u00e7osa no in\u00edcio de 2024, um ano de elei\u00e7\u00f5es nos EUA, de que o mundo vai manter sua trajet\u00f3ria positiva em rela\u00e7\u00e3o ao pico de polui\u00e7\u00e3o?<\/b><\/p>\n<\/div>\n<div class=\"bbc-19j92fr ebmt73l0\" dir=\"ltr\" style=\"text-align: justify;\">\n<p class=\"bbc-hhl7in e17g058b0\" dir=\"ltr\"><b>Ritchie &#8211;\u00a0<\/b>Acho que \u00e9 um ano decisivo. Estou bastante preocupada com algumas elei\u00e7\u00f5es: o [resultado] nos EUA ser\u00e1 crucial. Poderia retardar significativamente a transi\u00e7\u00e3o do pa\u00eds \u2014 e a forma como outros pa\u00edses respondem \u2014 se recuar na a\u00e7\u00e3o clim\u00e1tica.<\/p>\n<\/div>\n<div class=\"bbc-19j92fr ebmt73l0\" dir=\"ltr\" style=\"text-align: justify;\">\n<p class=\"bbc-hhl7in e17g058b0\" dir=\"ltr\">Ent\u00e3o, \u00e9 importante que haja incentivos econ\u00f4micos para a transi\u00e7\u00e3o energ\u00e9tica. Quando h\u00e1 tais incentivos, estas coisas podem come\u00e7ar a acontecer mesmo sem um forte apoio pol\u00edtico.<\/p>\n<\/div>\n<div class=\"bbc-19j92fr ebmt73l0\" dir=\"ltr\" style=\"text-align: justify;\">\n<p class=\"bbc-hhl7in e17g058b0\" dir=\"ltr\">Precisamos construir solu\u00e7\u00f5es e configura\u00e7\u00f5es capazes de resistir \u00e0s oscila\u00e7\u00f5es de um lado pol\u00edtico para o outro.<\/p>\n<\/div>\n<div class=\"bbc-19j92fr ebmt73l0\" dir=\"ltr\" style=\"text-align: justify;\">\n<p class=\"bbc-hhl7in e17g058b0\" dir=\"ltr\"><b>BBC Future Planet &#8211; O que a deixa mais esperan\u00e7osa?<\/b><\/p>\n<\/div>\n<div class=\"bbc-19j92fr ebmt73l0\" dir=\"ltr\" style=\"text-align: justify;\">\n<p class=\"bbc-hhl7in e17g058b0\" dir=\"ltr\"><b>Ritchie &#8211;<\/b>\u00a0O n\u00famero de pessoas incr\u00edveis de tantas \u00e1reas trabalhando nesses problemas.<\/p>\n<\/div>\n<div class=\"bbc-19j92fr ebmt73l0\" dir=\"ltr\" style=\"text-align: justify;\">\n<p class=\"bbc-hhl7in e17g058b0\" dir=\"ltr\">Eu me senti muito desamparada quando achei que estava sozinha e que outras pessoas n\u00e3o estavam trabalhando nisso. Mas agora o cen\u00e1rio mudou drasticamente.<\/p>\n<\/div>\n<div class=\"bbc-19j92fr ebmt73l0\" dir=\"ltr\" style=\"text-align: justify;\">\n<p class=\"bbc-hhl7in e17g058b0\" dir=\"ltr\">\u00c9 o que me deixa mais otimista de que podemos chegar l\u00e1.<\/p>\n<\/div>\n<div class=\"bbc-19j92fr ebmt73l0\" dir=\"ltr\">\n<p class=\"bbc-hhl7in e17g058b0\" dir=\"ltr\" style=\"text-align: justify;\"><i class=\"bbc-h1y5j7 eih42320\">Leia\u00a0<\/i><i class=\"bbc-h1y5j7 eih42320\">a \u00edntegra desta reportagem<\/i><i class=\"bbc-h1y5j7 eih42320\">\u00a0(em ingl\u00eas) no site\u00a0<\/i><i class=\"bbc-h1y5j7 eih42320\">BBC Future<\/i><i class=\"bbc-h1y5j7 eih42320\">.<\/i><\/p>\n<\/div>\n","protected":false},"excerpt":{"rendered":"<p>Em uma pesquisa global sobre\u00a0como os jovens se sentem em rela\u00e7\u00e3o \u00e0s mudan\u00e7as clim\u00e1ticas, metade dos entrevistados respondeu que acredita que &#8220;a humanidade est\u00e1 condenada&#8221;. Em outras palavras, eles n\u00e3o creem que as necessidades da gera\u00e7\u00e3o atual possam ser atendidas sem prejudicar a pr\u00f3xima. E receiam que a vida como conhecemos hoje n\u00e3o seja sustent\u00e1vel. [&hellip;]<\/p>\n","protected":false},"author":1,"featured_media":62948,"comment_status":"closed","ping_status":"open","sticky":false,"template":"","format":"standard","meta":{"_uag_custom_page_level_css":"","_monsterinsights_skip_tracking":false,"_monsterinsights_sitenote_active":false,"_monsterinsights_sitenote_note":"","_monsterinsights_sitenote_category":0,"jetpack_post_was_ever_published":false,"_jetpack_newsletter_access":"","_jetpack_dont_email_post_to_subs":false,"_jetpack_newsletter_tier_id":0,"_jetpack_memberships_contains_paywalled_content":false,"_jetpack_memberships_contains_paid_content":false,"footnotes":"","jetpack_publicize_message":"","jetpack_publicize_feature_enabled":true,"jetpack_social_post_already_shared":true,"jetpack_social_options":{"image_generator_settings":{"template":"highway","default_image_id":0,"font":"","enabled":false},"version":2}},"categories":[273],"tags":[2532],"class_list":["post-62947","post","type-post","status-publish","format-standard","has-post-thumbnail","hentry","category-mundo","tag-meio-ambiente"],"jetpack_publicize_connections":[],"jetpack_featured_media_url":"https:\/\/blogopara.com.br\/wp-content\/uploads\/2024\/03\/e412b9a0-c82d-11ee-8fc5-af7265fea5b6.jpg","uagb_featured_image_src":{"full":["https:\/\/blogopara.com.br\/wp-content\/uploads\/2024\/03\/e412b9a0-c82d-11ee-8fc5-af7265fea5b6.jpg",500,281,false],"thumbnail":["https:\/\/blogopara.com.br\/wp-content\/uploads\/2024\/03\/e412b9a0-c82d-11ee-8fc5-af7265fea5b6-150x150.jpg",150,150,true],"medium":["https:\/\/blogopara.com.br\/wp-content\/uploads\/2024\/03\/e412b9a0-c82d-11ee-8fc5-af7265fea5b6-300x169.jpg",300,169,true],"medium_large":["https:\/\/blogopara.com.br\/wp-content\/uploads\/2024\/03\/e412b9a0-c82d-11ee-8fc5-af7265fea5b6.jpg",500,281,false],"large":["https:\/\/blogopara.com.br\/wp-content\/uploads\/2024\/03\/e412b9a0-c82d-11ee-8fc5-af7265fea5b6.jpg",500,281,false],"1536x1536":["https:\/\/blogopara.com.br\/wp-content\/uploads\/2024\/03\/e412b9a0-c82d-11ee-8fc5-af7265fea5b6.jpg",500,281,false],"2048x2048":["https:\/\/blogopara.com.br\/wp-content\/uploads\/2024\/03\/e412b9a0-c82d-11ee-8fc5-af7265fea5b6.jpg",500,281,false],"mantranews-slider-large":["https:\/\/blogopara.com.br\/wp-content\/uploads\/2024\/03\/e412b9a0-c82d-11ee-8fc5-af7265fea5b6.jpg",500,281,false],"mantranews-featured-medium":["https:\/\/blogopara.com.br\/wp-content\/uploads\/2024\/03\/e412b9a0-c82d-11ee-8fc5-af7265fea5b6-420x281.jpg",420,281,true],"mantranews-featured-long":["https:\/\/blogopara.com.br\/wp-content\/uploads\/2024\/03\/e412b9a0-c82d-11ee-8fc5-af7265fea5b6-300x281.jpg",300,281,true],"mantranews-block-medium":["https:\/\/blogopara.com.br\/wp-content\/uploads\/2024\/03\/e412b9a0-c82d-11ee-8fc5-af7265fea5b6-464x281.jpg",464,281,true],"mantranews-carousel-image":["https:\/\/blogopara.com.br\/wp-content\/uploads\/2024\/03\/e412b9a0-c82d-11ee-8fc5-af7265fea5b6.jpg",500,281,false],"mantranews-block-thumb":["https:\/\/blogopara.com.br\/wp-content\/uploads\/2024\/03\/e412b9a0-c82d-11ee-8fc5-af7265fea5b6-322x230.jpg",322,230,true],"mantranews-single-large":["https:\/\/blogopara.com.br\/wp-content\/uploads\/2024\/03\/e412b9a0-c82d-11ee-8fc5-af7265fea5b6.jpg",500,281,false]},"uagb_author_info":{"display_name":"Reda\u00e7\u00e3o geral","author_link":"https:\/\/blogopara.com.br\/index.php\/author\/blogopara"},"uagb_comment_info":0,"uagb_excerpt":"Em uma pesquisa global sobre\u00a0como os jovens se sentem em rela\u00e7\u00e3o \u00e0s mudan\u00e7as clim\u00e1ticas, metade dos entrevistados respondeu que acredita que &#8220;a humanidade est\u00e1 condenada&#8221;. Em outras palavras, eles n\u00e3o creem que as necessidades da gera\u00e7\u00e3o atual possam ser atendidas sem prejudicar a pr\u00f3xima. E receiam que a vida como conhecemos hoje n\u00e3o seja sustent\u00e1vel.&hellip;","jetpack_sharing_enabled":true,"jetpack_likes_enabled":true,"_links":{"self":[{"href":"https:\/\/blogopara.com.br\/index.php\/wp-json\/wp\/v2\/posts\/62947","targetHints":{"allow":["GET"]}}],"collection":[{"href":"https:\/\/blogopara.com.br\/index.php\/wp-json\/wp\/v2\/posts"}],"about":[{"href":"https:\/\/blogopara.com.br\/index.php\/wp-json\/wp\/v2\/types\/post"}],"author":[{"embeddable":true,"href":"https:\/\/blogopara.com.br\/index.php\/wp-json\/wp\/v2\/users\/1"}],"replies":[{"embeddable":true,"href":"https:\/\/blogopara.com.br\/index.php\/wp-json\/wp\/v2\/comments?post=62947"}],"version-history":[{"count":1,"href":"https:\/\/blogopara.com.br\/index.php\/wp-json\/wp\/v2\/posts\/62947\/revisions"}],"predecessor-version":[{"id":62949,"href":"https:\/\/blogopara.com.br\/index.php\/wp-json\/wp\/v2\/posts\/62947\/revisions\/62949"}],"wp:featuredmedia":[{"embeddable":true,"href":"https:\/\/blogopara.com.br\/index.php\/wp-json\/wp\/v2\/media\/62948"}],"wp:attachment":[{"href":"https:\/\/blogopara.com.br\/index.php\/wp-json\/wp\/v2\/media?parent=62947"}],"wp:term":[{"taxonomy":"category","embeddable":true,"href":"https:\/\/blogopara.com.br\/index.php\/wp-json\/wp\/v2\/categories?post=62947"},{"taxonomy":"post_tag","embeddable":true,"href":"https:\/\/blogopara.com.br\/index.php\/wp-json\/wp\/v2\/tags?post=62947"}],"curies":[{"name":"wp","href":"https:\/\/api.w.org\/{rel}","templated":true}]}}