{"id":62972,"date":"2024-03-13T14:06:20","date_gmt":"2024-03-13T17:06:20","guid":{"rendered":"https:\/\/blogopara.com.br\/?p=62972"},"modified":"2024-03-13T14:06:24","modified_gmt":"2024-03-13T17:06:24","slug":"policial-morto-em-tentativa-de-assalto-em-feira-de-santana","status":"publish","type":"post","link":"https:\/\/blogopara.com.br\/index.php\/2024\/03\/13\/policial-morto-em-tentativa-de-assalto-em-feira-de-santana","title":{"rendered":"Policial morto em tentativa de assalto em Feira de Santana"},"content":{"rendered":"<p style=\"text-align: justify;\">Na noite de ter\u00e7a-feira (12\/03), o cabo da Pol\u00edcia Militar Alan dos Santos Silva, de 38 anos, foi morto a tiros durante uma tentativa de assalto em frente \u00e0 sua resid\u00eancia, no conjunto Feira X, em Feira de Santana.<img decoding=\"async\" id=\"clever-75989-cube-overlay\" style=\"color: initial;\" src=\"data:image\/gif;base64,R0lGODlhAQABAIAAAP\/\/\/wAAACH5BAEAAAAALAAAAAABAAEAAAICRAEAOw==\" alt=\"overlay-clever\" \/><\/p>\n<div class=\"td-a-ad id_inline_ad0 id_ad_content-horiz-left\" style=\"text-align: justify;\">\n<div class=\"g g-13\">\n<div class=\"g-single a-10\">\n<div class=\"clever-core-ads\">\n<div id=\"clever-75989-cube\"><\/div>\n<\/div>\n<\/div>\n<\/div>\n<\/div>\n<p style=\"text-align: justify;\">Conforme informa\u00e7\u00f5es enviadas ao Informe Baiano, o crime foi praticado por dois homens em uma motocicleta. Os criminosos abordaram o militar, que estava \u00e0 paisana, e anunciaram o assalto. Houve luta corporal e o policial foi baleado.<\/p>\n<p style=\"text-align: justify;\">Ainda de acordo com a PM, o cabo Alan foi socorrido por uma guarni\u00e7\u00e3o da Rondesp Leste e levado ao Hospital Geral Cl\u00e9riston Andrade (HGCA), onde passou por uma cirurgia. No entanto, ele n\u00e3o resistiu aos ferimentos e faleceu.<\/p>\n<p style=\"text-align: justify;\">O cabo Alan era lotado na 66\u00aa Companhia Independente de Pol\u00edcia Militar (CIPM) e atuava na seguran\u00e7a p\u00fablica de Feira de Santana h\u00e1 12 anos. Ele era casado e tinha dois filhos.<\/p>\n<p>Fonte: Informe Baiano<\/p>\n","protected":false},"excerpt":{"rendered":"<p>Na noite de ter\u00e7a-feira (12\/03), o cabo da Pol\u00edcia Militar Alan dos Santos Silva, de 38 anos, foi morto a tiros durante uma tentativa de assalto em frente \u00e0 sua resid\u00eancia, no conjunto Feira X, em Feira de Santana. Conforme informa\u00e7\u00f5es enviadas ao Informe Baiano, o crime foi praticado por dois homens em uma motocicleta. [&hellip;]<\/p>\n","protected":false},"author":1,"featured_media":62973,"comment_status":"closed","ping_status":"open","sticky":false,"template":"","format":"standard","meta":{"_uag_custom_page_level_css":"","_monsterinsights_skip_tracking":false,"_monsterinsights_sitenote_active":false,"_monsterinsights_sitenote_note":"","_monsterinsights_sitenote_category":0,"jetpack_post_was_ever_published":false,"_jetpack_newsletter_access":"","_jetpack_dont_email_post_to_subs":false,"_jetpack_newsletter_tier_id":0,"_jetpack_memberships_contains_paywalled_content":false,"_jetpack_memberships_contains_paid_content":false,"footnotes":"","jetpack_publicize_message":"","jetpack_publicize_feature_enabled":true,"jetpack_social_post_already_shared":true,"jetpack_social_options":{"image_generator_settings":{"template":"highway","default_image_id":0,"font":"","enabled":false},"version":2}},"categories":[199],"tags":[8075,10136,4889],"class_list":["post-62972","post","type-post","status-publish","format-standard","has-post-thumbnail","hentry","category-bahia","tag-jeronimo-rodrigues","tag-pt-da-bahia","tag-ssp-ba"],"jetpack_publicize_connections":[],"jetpack_featured_media_url":"https:\/\/blogopara.com.br\/wp-content\/uploads\/2024\/03\/1710329386_IMG_5254_img_slider_principal.jpg","uagb_featured_image_src":{"full":["https:\/\/blogopara.com.br\/wp-content\/uploads\/2024\/03\/1710329386_IMG_5254_img_slider_principal.jpg",500,291,false],"thumbnail":["https:\/\/blogopara.com.br\/wp-content\/uploads\/2024\/03\/1710329386_IMG_5254_img_slider_principal-150x150.jpg",150,150,true],"medium":["https:\/\/blogopara.com.br\/wp-content\/uploads\/2024\/03\/1710329386_IMG_5254_img_slider_principal-300x175.jpg",300,175,true],"medium_large":["https:\/\/blogopara.com.br\/wp-content\/uploads\/2024\/03\/1710329386_IMG_5254_img_slider_principal.jpg",500,291,false],"large":["https:\/\/blogopara.com.br\/wp-content\/uploads\/2024\/03\/1710329386_IMG_5254_img_slider_principal.jpg",500,291,false],"1536x1536":["https:\/\/blogopara.com.br\/wp-content\/uploads\/2024\/03\/1710329386_IMG_5254_img_slider_principal.jpg",500,291,false],"2048x2048":["https:\/\/blogopara.com.br\/wp-content\/uploads\/2024\/03\/1710329386_IMG_5254_img_slider_principal.jpg",500,291,false],"mantranews-slider-large":["https:\/\/blogopara.com.br\/wp-content\/uploads\/2024\/03\/1710329386_IMG_5254_img_slider_principal.jpg",500,291,false],"mantranews-featured-medium":["https:\/\/blogopara.com.br\/wp-content\/uploads\/2024\/03\/1710329386_IMG_5254_img_slider_principal-420x291.jpg",420,291,true],"mantranews-featured-long":["https:\/\/blogopara.com.br\/wp-content\/uploads\/2024\/03\/1710329386_IMG_5254_img_slider_principal-300x291.jpg",300,291,true],"mantranews-block-medium":["https:\/\/blogopara.com.br\/wp-content\/uploads\/2024\/03\/1710329386_IMG_5254_img_slider_principal-464x290.jpg",464,290,true],"mantranews-carousel-image":["https:\/\/blogopara.com.br\/wp-content\/uploads\/2024\/03\/1710329386_IMG_5254_img_slider_principal.jpg",500,291,false],"mantranews-block-thumb":["https:\/\/blogopara.com.br\/wp-content\/uploads\/2024\/03\/1710329386_IMG_5254_img_slider_principal-322x230.jpg",322,230,true],"mantranews-single-large":["https:\/\/blogopara.com.br\/wp-content\/uploads\/2024\/03\/1710329386_IMG_5254_img_slider_principal.jpg",500,291,false]},"uagb_author_info":{"display_name":"Reda\u00e7\u00e3o geral","author_link":"https:\/\/blogopara.com.br\/index.php\/author\/blogopara"},"uagb_comment_info":0,"uagb_excerpt":"Na noite de ter\u00e7a-feira (12\/03), o cabo da Pol\u00edcia Militar Alan dos Santos Silva, de 38 anos, foi morto a tiros durante uma tentativa de assalto em frente \u00e0 sua resid\u00eancia, no conjunto Feira X, em Feira de Santana. Conforme informa\u00e7\u00f5es enviadas ao Informe Baiano, o crime foi praticado por dois homens em uma motocicleta.&hellip;","jetpack_sharing_enabled":true,"jetpack_likes_enabled":true,"_links":{"self":[{"href":"https:\/\/blogopara.com.br\/index.php\/wp-json\/wp\/v2\/posts\/62972","targetHints":{"allow":["GET"]}}],"collection":[{"href":"https:\/\/blogopara.com.br\/index.php\/wp-json\/wp\/v2\/posts"}],"about":[{"href":"https:\/\/blogopara.com.br\/index.php\/wp-json\/wp\/v2\/types\/post"}],"author":[{"embeddable":true,"href":"https:\/\/blogopara.com.br\/index.php\/wp-json\/wp\/v2\/users\/1"}],"replies":[{"embeddable":true,"href":"https:\/\/blogopara.com.br\/index.php\/wp-json\/wp\/v2\/comments?post=62972"}],"version-history":[{"count":1,"href":"https:\/\/blogopara.com.br\/index.php\/wp-json\/wp\/v2\/posts\/62972\/revisions"}],"predecessor-version":[{"id":62974,"href":"https:\/\/blogopara.com.br\/index.php\/wp-json\/wp\/v2\/posts\/62972\/revisions\/62974"}],"wp:featuredmedia":[{"embeddable":true,"href":"https:\/\/blogopara.com.br\/index.php\/wp-json\/wp\/v2\/media\/62973"}],"wp:attachment":[{"href":"https:\/\/blogopara.com.br\/index.php\/wp-json\/wp\/v2\/media?parent=62972"}],"wp:term":[{"taxonomy":"category","embeddable":true,"href":"https:\/\/blogopara.com.br\/index.php\/wp-json\/wp\/v2\/categories?post=62972"},{"taxonomy":"post_tag","embeddable":true,"href":"https:\/\/blogopara.com.br\/index.php\/wp-json\/wp\/v2\/tags?post=62972"}],"curies":[{"name":"wp","href":"https:\/\/api.w.org\/{rel}","templated":true}]}}