{"id":6298,"date":"2020-01-15T15:27:18","date_gmt":"2020-01-15T18:27:18","guid":{"rendered":"http:\/\/blogopara.com.br\/?p=6298"},"modified":"2020-01-15T17:54:58","modified_gmt":"2020-01-15T20:54:58","slug":"juazeiro-gravida-e-destratada-por-medico-do-hospital-da-mulher","status":"publish","type":"post","link":"https:\/\/blogopara.com.br\/index.php\/2020\/01\/15\/juazeiro-gravida-e-destratada-por-medico-do-hospital-da-mulher","title":{"rendered":"Juazeiro: Gr\u00e1vida \u00e9 destratada por m\u00e9dico do Hospital da Mulher"},"content":{"rendered":"<p style=\"text-align: justify;\">Circula nas redes sociais \u00e1udios da Jovem Vanessa Pereira, 24 anos, gestante de 4 meses, a mesma relata que passou por uma situa\u00e7\u00e3o desagrad\u00e1vel na manh\u00e3 de segunda-feira (13), no Hospital Materno Infantil de Juazeiro a paciente relatou que foi humilhada por um profissional de sa\u00fade da unidade, o m\u00e9dico Alexandre Mariano.<\/p>\n<p style=\"text-align: justify;\">Ao chegar no Hospital da Mulher, a gestante foi atendida na triagem por uma enfermeira. A profissional chegou a salientar que as secre\u00e7\u00f5es vaginais s\u00e3o comuns em gestantes, mas devido aos outros sintomas apresentados, como as fortes dores, iria encaminhar a paciente para avalia\u00e7\u00e3o do m\u00e9dico de plant\u00e3o, Alexandre Mariano. Ao chegar na sala do m\u00e9dico, Vanessa se disse surpresa com sua atitude.<\/p>\n<p style=\"text-align: justify;\">\u201cQuando cheguei ele j\u00e1 estava bem estressado e come\u00e7ou a dizer que \u2018n\u00e3o seria poss\u00edvel que em Juazeiro n\u00e3o teria m\u00e9dicos em lugar nenhum\u2019. Ele gritava muito. Falou que era um caso para ser atendido em um posto de sa\u00fade, e n\u00e3o na maternidade. Ele pediu para que eu deitasse na maca, por\u00e9m fiquei constrangida com a atitude dele e fiquei sem coragem. Perguntei se ele passaria algum medicamento e ele questionou \u2018pra qu\u00ea?&#8217;\u201d, contou Vanessa.<\/p>\n<p style=\"text-align: justify;\">Vanessa registou uma den\u00fancia na recep\u00e7\u00e3o da maternidade contra o m\u00e9dico. Ela contou ainda que, apesar do m\u00e9dico ter passado uma medica\u00e7\u00e3o, saiu do hospital sem se sentir segura para usar o rem\u00e9dio, e muito constrangida com o tratamento nada humanizado dado pelo m\u00e9dico, que deveria ter uma atitude acolhedora. \u201cFoi uma situa\u00e7\u00e3o humilhante para mim e para a enfermeira\u201d, disse.<\/p>\n","protected":false},"excerpt":{"rendered":"<p>Embora o prefeito Paulo Bomfim (PCdoB) diga que a sa\u00fade em Juazeiro \u00e9 a melhor da regi\u00e3o, a realidade \u00e9 uma situa\u00e7\u00e3o ca\u00f3tica.<\/p>\n","protected":false},"author":1,"featured_media":6323,"comment_status":"open","ping_status":"open","sticky":false,"template":"","format":"standard","meta":{"_uag_custom_page_level_css":"","_monsterinsights_skip_tracking":false,"_monsterinsights_sitenote_active":false,"_monsterinsights_sitenote_note":"","_monsterinsights_sitenote_category":0,"jetpack_post_was_ever_published":false,"_jetpack_newsletter_access":"","_jetpack_dont_email_post_to_subs":false,"_jetpack_newsletter_tier_id":0,"_jetpack_memberships_contains_paywalled_content":false,"_jetpack_memberships_contains_paid_content":false,"footnotes":"","jetpack_publicize_message":"","jetpack_publicize_feature_enabled":true,"jetpack_social_post_already_shared":true,"jetpack_social_options":{"image_generator_settings":{"template":"highway","default_image_id":0,"font":"","enabled":false},"version":2}},"categories":[203],"tags":[],"class_list":["post-6298","post","type-post","status-publish","format-standard","has-post-thumbnail","hentry","category-juazeiro"],"jetpack_publicize_connections":[],"jetpack_featured_media_url":"https:\/\/blogopara.com.br\/wp-content\/uploads\/2020\/01\/maternidade-de-juazeiro.jpg","uagb_featured_image_src":{"full":["https:\/\/blogopara.com.br\/wp-content\/uploads\/2020\/01\/maternidade-de-juazeiro.jpg",496,329,false],"thumbnail":["https:\/\/blogopara.com.br\/wp-content\/uploads\/2020\/01\/maternidade-de-juazeiro-150x150.jpg",150,150,true],"medium":["https:\/\/blogopara.com.br\/wp-content\/uploads\/2020\/01\/maternidade-de-juazeiro-300x199.jpg",300,199,true],"medium_large":["https:\/\/blogopara.com.br\/wp-content\/uploads\/2020\/01\/maternidade-de-juazeiro.jpg",496,329,false],"large":["https:\/\/blogopara.com.br\/wp-content\/uploads\/2020\/01\/maternidade-de-juazeiro.jpg",496,329,false],"1536x1536":["https:\/\/blogopara.com.br\/wp-content\/uploads\/2020\/01\/maternidade-de-juazeiro.jpg",496,329,false],"2048x2048":["https:\/\/blogopara.com.br\/wp-content\/uploads\/2020\/01\/maternidade-de-juazeiro.jpg",496,329,false],"mantranews-slider-large":["https:\/\/blogopara.com.br\/wp-content\/uploads\/2020\/01\/maternidade-de-juazeiro.jpg",496,329,false],"mantranews-featured-medium":["https:\/\/blogopara.com.br\/wp-content\/uploads\/2020\/01\/maternidade-de-juazeiro.jpg",420,279,false],"mantranews-featured-long":["https:\/\/blogopara.com.br\/wp-content\/uploads\/2020\/01\/maternidade-de-juazeiro.jpg",300,199,false],"mantranews-block-medium":["https:\/\/blogopara.com.br\/wp-content\/uploads\/2020\/01\/maternidade-de-juazeiro.jpg",437,290,false],"mantranews-carousel-image":["https:\/\/blogopara.com.br\/wp-content\/uploads\/2020\/01\/maternidade-de-juazeiro.jpg",496,329,false],"mantranews-block-thumb":["https:\/\/blogopara.com.br\/wp-content\/uploads\/2020\/01\/maternidade-de-juazeiro.jpg",322,214,false],"mantranews-single-large":["https:\/\/blogopara.com.br\/wp-content\/uploads\/2020\/01\/maternidade-de-juazeiro.jpg",496,329,false]},"uagb_author_info":{"display_name":"Reda\u00e7\u00e3o geral","author_link":"https:\/\/blogopara.com.br\/index.php\/author\/blogopara"},"uagb_comment_info":4,"uagb_excerpt":"Embora o prefeito Paulo Bomfim (PCdoB) diga que a sa\u00fade em Juazeiro \u00e9 a melhor da regi\u00e3o, a realidade \u00e9 uma situa\u00e7\u00e3o ca\u00f3tica.","jetpack_sharing_enabled":true,"jetpack_likes_enabled":true,"_links":{"self":[{"href":"https:\/\/blogopara.com.br\/index.php\/wp-json\/wp\/v2\/posts\/6298","targetHints":{"allow":["GET"]}}],"collection":[{"href":"https:\/\/blogopara.com.br\/index.php\/wp-json\/wp\/v2\/posts"}],"about":[{"href":"https:\/\/blogopara.com.br\/index.php\/wp-json\/wp\/v2\/types\/post"}],"author":[{"embeddable":true,"href":"https:\/\/blogopara.com.br\/index.php\/wp-json\/wp\/v2\/users\/1"}],"replies":[{"embeddable":true,"href":"https:\/\/blogopara.com.br\/index.php\/wp-json\/wp\/v2\/comments?post=6298"}],"version-history":[{"count":5,"href":"https:\/\/blogopara.com.br\/index.php\/wp-json\/wp\/v2\/posts\/6298\/revisions"}],"predecessor-version":[{"id":6338,"href":"https:\/\/blogopara.com.br\/index.php\/wp-json\/wp\/v2\/posts\/6298\/revisions\/6338"}],"wp:featuredmedia":[{"embeddable":true,"href":"https:\/\/blogopara.com.br\/index.php\/wp-json\/wp\/v2\/media\/6323"}],"wp:attachment":[{"href":"https:\/\/blogopara.com.br\/index.php\/wp-json\/wp\/v2\/media?parent=6298"}],"wp:term":[{"taxonomy":"category","embeddable":true,"href":"https:\/\/blogopara.com.br\/index.php\/wp-json\/wp\/v2\/categories?post=6298"},{"taxonomy":"post_tag","embeddable":true,"href":"https:\/\/blogopara.com.br\/index.php\/wp-json\/wp\/v2\/tags?post=6298"}],"curies":[{"name":"wp","href":"https:\/\/api.w.org\/{rel}","templated":true}]}}