{"id":63013,"date":"2024-03-14T14:42:39","date_gmt":"2024-03-14T17:42:39","guid":{"rendered":"https:\/\/blogopara.com.br\/?p=63013"},"modified":"2024-03-14T14:42:43","modified_gmt":"2024-03-14T17:42:43","slug":"ambientalista-denuncia-precariedade-do-reservatorio-de-agua-da-compesa-empresa-responde","status":"publish","type":"post","link":"https:\/\/blogopara.com.br\/index.php\/2024\/03\/14\/ambientalista-denuncia-precariedade-do-reservatorio-de-agua-da-compesa-empresa-responde","title":{"rendered":"Ambientalista denuncia precariedade do reservat\u00f3rio de \u00e1gua da Compesa; empresa responde"},"content":{"rendered":"<p style=\"text-align: justify;\">Nesta ter\u00e7a-feira (12), o Blog repostou em seu perfil no Instagram o v\u00eddeo do ambientalista e petrolinense, Victor Flores, onde ele mostra a situa\u00e7\u00e3o prec\u00e1ria do reservat\u00f3rio elevado da Esta\u00e7\u00e3o de Tratamento de \u00c1gua (ETA) do Centro, localizada na Avenida Tancredo Neves, no bairro Vila Moc\u00f3, em Petrolina.<\/p>\n<p style=\"text-align: justify;\">A caixa d\u2019\u00e1gua da Compesa, como \u00e9 mais conhecida pela popula\u00e7\u00e3o, \u00e9 utilizada para armazenar a \u00e1gua distribu\u00edda para alguns dos bairros da \u00e1rea central da cidade e est\u00e1 quebrada na parte superior h\u00e1 anos, como denunciado aqui pelo Blog em 2022.<\/p>\n<p style=\"text-align: justify;\">Na \u00e9poca, a Compesa informou que as obras de recupera\u00e7\u00e3o da unidade estavam previstas para 2023.<\/p>\n<p style=\"text-align: justify;\">Agora, em 2024, a Compesa garante que o projeto para recupera\u00e7\u00e3o da cobertura do reservat\u00f3rio localizado na \u00e1rea central de Petrolina est\u00e1 em fase fina\u201d e nega o risco de contamina\u00e7\u00e3o da \u00e1gua por animais ou pelo mosquito transmissor da dengue (Aedes aegypti).<\/p>\n<p style=\"text-align: justify;\">Confira na \u00edntegra a nota da Compesa:<\/p>\n<p style=\"text-align: justify;\">A Compesa informa que o projeto para recupera\u00e7\u00e3o da cobertura do reservat\u00f3rio localizado na \u00e1rea central de Petrolina est\u00e1 em fase final. Os t\u00e9cnicos est\u00e3o estudando a melhor alternativa para executar as interven\u00e7\u00f5es sem comprometer o abastecimento de \u00e1gua da cidade, mas j\u00e1 se sabe que os servi\u00e7os ser\u00e3o de natureza complexa.<\/p>\n<p style=\"text-align: justify;\">Com rela\u00e7\u00e3o ao risco de contamina\u00e7\u00e3o da \u00e1gua por animais, a Compesa adianta que n\u00e3o h\u00e1 qualquer registro dessa natureza. Quanto ao mosquito da dengue, a Companhia explica que, biologicamente, \u00e9 imposs\u00edvel que o Aedes aegypti consiga voar acima de 1,5 metro de altura para depositar ovos na caixa d\u2019\u00e1gua, que possui 36 metros. E como a \u00e1gua est\u00e1 em constante movimento e o local concentra uma quantidade significativa de cloro, j\u00e1 que \u00e9 a sa\u00edda da esta\u00e7\u00e3o de tratamento, a prolifera\u00e7\u00e3o de insetos \u00e9 descartada, j\u00e1 que o ambiente n\u00e3o \u00e9 favor\u00e1vel.<\/p>\n<p style=\"text-align: justify;\">Ascom\/Compesa<\/p>\n","protected":false},"excerpt":{"rendered":"<p>Nesta ter\u00e7a-feira (12), o Blog repostou em seu perfil no Instagram o v\u00eddeo do ambientalista e petrolinense, Victor Flores, onde ele mostra a situa\u00e7\u00e3o prec\u00e1ria do reservat\u00f3rio elevado da Esta\u00e7\u00e3o de Tratamento de \u00c1gua (ETA) do Centro, localizada na Avenida Tancredo Neves, no bairro Vila Moc\u00f3, em Petrolina. A caixa d\u2019\u00e1gua da Compesa, como \u00e9 [&hellip;]<\/p>\n","protected":false},"author":1,"featured_media":63014,"comment_status":"closed","ping_status":"open","sticky":false,"template":"","format":"standard","meta":{"_uag_custom_page_level_css":"","_monsterinsights_skip_tracking":false,"_monsterinsights_sitenote_active":false,"_monsterinsights_sitenote_note":"","_monsterinsights_sitenote_category":0,"jetpack_post_was_ever_published":false,"_jetpack_newsletter_access":"","_jetpack_dont_email_post_to_subs":false,"_jetpack_newsletter_tier_id":0,"_jetpack_memberships_contains_paywalled_content":false,"_jetpack_memberships_contains_paid_content":false,"footnotes":"","jetpack_publicize_message":"","jetpack_publicize_feature_enabled":true,"jetpack_social_post_already_shared":true,"jetpack_social_options":{"image_generator_settings":{"template":"highway","default_image_id":0,"font":"","enabled":false},"version":2}},"categories":[851],"tags":[924,1192,2532,908,1739],"class_list":["post-63013","post","type-post","status-publish","format-standard","has-post-thumbnail","hentry","category-petrolina","tag-agua-potavel","tag-comunidades","tag-meio-ambiente","tag-poluicao","tag-tratamento"],"jetpack_publicize_connections":[],"jetpack_featured_media_url":"https:\/\/blogopara.com.br\/wp-content\/uploads\/2024\/03\/82f6c1af-b1bf-4532-8016-a46e7ebd30c1.jpg","uagb_featured_image_src":{"full":["https:\/\/blogopara.com.br\/wp-content\/uploads\/2024\/03\/82f6c1af-b1bf-4532-8016-a46e7ebd30c1.jpg",500,357,false],"thumbnail":["https:\/\/blogopara.com.br\/wp-content\/uploads\/2024\/03\/82f6c1af-b1bf-4532-8016-a46e7ebd30c1-150x150.jpg",150,150,true],"medium":["https:\/\/blogopara.com.br\/wp-content\/uploads\/2024\/03\/82f6c1af-b1bf-4532-8016-a46e7ebd30c1-300x214.jpg",300,214,true],"medium_large":["https:\/\/blogopara.com.br\/wp-content\/uploads\/2024\/03\/82f6c1af-b1bf-4532-8016-a46e7ebd30c1.jpg",500,357,false],"large":["https:\/\/blogopara.com.br\/wp-content\/uploads\/2024\/03\/82f6c1af-b1bf-4532-8016-a46e7ebd30c1.jpg",500,357,false],"1536x1536":["https:\/\/blogopara.com.br\/wp-content\/uploads\/2024\/03\/82f6c1af-b1bf-4532-8016-a46e7ebd30c1.jpg",500,357,false],"2048x2048":["https:\/\/blogopara.com.br\/wp-content\/uploads\/2024\/03\/82f6c1af-b1bf-4532-8016-a46e7ebd30c1.jpg",500,357,false],"mantranews-slider-large":["https:\/\/blogopara.com.br\/wp-content\/uploads\/2024\/03\/82f6c1af-b1bf-4532-8016-a46e7ebd30c1.jpg",500,357,false],"mantranews-featured-medium":["https:\/\/blogopara.com.br\/wp-content\/uploads\/2024\/03\/82f6c1af-b1bf-4532-8016-a46e7ebd30c1-420x307.jpg",420,307,true],"mantranews-featured-long":["https:\/\/blogopara.com.br\/wp-content\/uploads\/2024\/03\/82f6c1af-b1bf-4532-8016-a46e7ebd30c1-300x357.jpg",300,357,true],"mantranews-block-medium":["https:\/\/blogopara.com.br\/wp-content\/uploads\/2024\/03\/82f6c1af-b1bf-4532-8016-a46e7ebd30c1-464x290.jpg",464,290,true],"mantranews-carousel-image":["https:\/\/blogopara.com.br\/wp-content\/uploads\/2024\/03\/82f6c1af-b1bf-4532-8016-a46e7ebd30c1.jpg",500,357,false],"mantranews-block-thumb":["https:\/\/blogopara.com.br\/wp-content\/uploads\/2024\/03\/82f6c1af-b1bf-4532-8016-a46e7ebd30c1-322x230.jpg",322,230,true],"mantranews-single-large":["https:\/\/blogopara.com.br\/wp-content\/uploads\/2024\/03\/82f6c1af-b1bf-4532-8016-a46e7ebd30c1.jpg",500,357,false]},"uagb_author_info":{"display_name":"Reda\u00e7\u00e3o geral","author_link":"https:\/\/blogopara.com.br\/index.php\/author\/blogopara"},"uagb_comment_info":0,"uagb_excerpt":"Nesta ter\u00e7a-feira (12), o Blog repostou em seu perfil no Instagram o v\u00eddeo do ambientalista e petrolinense, Victor Flores, onde ele mostra a situa\u00e7\u00e3o prec\u00e1ria do reservat\u00f3rio elevado da Esta\u00e7\u00e3o de Tratamento de \u00c1gua (ETA) do Centro, localizada na Avenida Tancredo Neves, no bairro Vila Moc\u00f3, em Petrolina. A caixa d\u2019\u00e1gua da Compesa, como \u00e9&hellip;","jetpack_sharing_enabled":true,"jetpack_likes_enabled":true,"_links":{"self":[{"href":"https:\/\/blogopara.com.br\/index.php\/wp-json\/wp\/v2\/posts\/63013","targetHints":{"allow":["GET"]}}],"collection":[{"href":"https:\/\/blogopara.com.br\/index.php\/wp-json\/wp\/v2\/posts"}],"about":[{"href":"https:\/\/blogopara.com.br\/index.php\/wp-json\/wp\/v2\/types\/post"}],"author":[{"embeddable":true,"href":"https:\/\/blogopara.com.br\/index.php\/wp-json\/wp\/v2\/users\/1"}],"replies":[{"embeddable":true,"href":"https:\/\/blogopara.com.br\/index.php\/wp-json\/wp\/v2\/comments?post=63013"}],"version-history":[{"count":1,"href":"https:\/\/blogopara.com.br\/index.php\/wp-json\/wp\/v2\/posts\/63013\/revisions"}],"predecessor-version":[{"id":63015,"href":"https:\/\/blogopara.com.br\/index.php\/wp-json\/wp\/v2\/posts\/63013\/revisions\/63015"}],"wp:featuredmedia":[{"embeddable":true,"href":"https:\/\/blogopara.com.br\/index.php\/wp-json\/wp\/v2\/media\/63014"}],"wp:attachment":[{"href":"https:\/\/blogopara.com.br\/index.php\/wp-json\/wp\/v2\/media?parent=63013"}],"wp:term":[{"taxonomy":"category","embeddable":true,"href":"https:\/\/blogopara.com.br\/index.php\/wp-json\/wp\/v2\/categories?post=63013"},{"taxonomy":"post_tag","embeddable":true,"href":"https:\/\/blogopara.com.br\/index.php\/wp-json\/wp\/v2\/tags?post=63013"}],"curies":[{"name":"wp","href":"https:\/\/api.w.org\/{rel}","templated":true}]}}