{"id":63016,"date":"2024-03-15T14:43:00","date_gmt":"2024-03-15T17:43:00","guid":{"rendered":"https:\/\/blogopara.com.br\/?p=63016"},"modified":"2024-03-14T14:47:56","modified_gmt":"2024-03-14T17:47:56","slug":"prefeitura-de-juazeiro-anuncia-inscricoes-para-o-festival-mulher-do-sertao","status":"publish","type":"post","link":"https:\/\/blogopara.com.br\/index.php\/2024\/03\/15\/prefeitura-de-juazeiro-anuncia-inscricoes-para-o-festival-mulher-do-sertao","title":{"rendered":"Prefeitura de Juazeiro anuncia inscri\u00e7\u00f5es para o Festival Mulher do Sert\u00e3o"},"content":{"rendered":"<p dir=\"ltr\" style=\"text-align: justify;\">Est\u00e3o abertas as inscri\u00e7\u00f5es para o Festival Mulher do Sert\u00e3o, realizado pela (Ag\u00eancia de Desenvolvimento Econ\u00f4mico do Sert\u00e3o do S\u00e3o Francisco \u2013 BA (AgeLider), em parceria com a Prefeitura de Juazeiro, por meio da Ag\u00eancia de Desenvolvimento Econ\u00f4mico, Agricultura e Pecu\u00e1ria (Adeap). O evento \u00e9 voltado para as mulheres que desejam empreender, fortalecer seus neg\u00f3cios, repaginar suas carreiras ou ingressar no mercado de trabalho.<\/p>\n<p dir=\"ltr\" style=\"text-align: justify;\">O Festival, que tamb\u00e9m tem parceria com o Conselho da Mulher Empreendedora e da Cultura, C\u00e2mara da Mulher Empres\u00e1ria Sindilojas Juazeiro e Sebrae, ser\u00e1 realizado no dia 20 de mar\u00e7o, \u00e0s 17h, na Adeap. A Secretaria est\u00e1 localizada na Rua Ant\u00f4nio Cursino, 8, Centro, pr\u00f3ximo \u00e0 Pra\u00e7a do \u00cdndio.<\/p>\n<p dir=\"ltr\" style=\"text-align: justify;\">Na programa\u00e7\u00e3o haver\u00e1 a palestra \u201cDesafios da Mulher Empreendedora\u201d, abordando temas relevantes para o universo feminino empreendedor. As vagas s\u00e3o limitadas, portanto, n\u00e3o perca a oportunidade de participar deste evento que pode transformar sua vida profissional.<\/p>\n<p dir=\"ltr\" style=\"text-align: justify;\">A inscri\u00e7\u00e3o \u00e9 realizada atrav\u00e9s do link ou escaneando o QR Code no cartaz do evento:<\/p>\n<p style=\"text-align: justify;\">\n<p dir=\"ltr\" style=\"text-align: justify;\">\u00a0<a id=\"LPlnk510133\" href=\"https:\/\/forms.gle\/S3H3HWruXTHiMgN48\" target=\"_blank\" rel=\"noopener noreferrer\" data-auth=\"NotApplicable\" data-linkindex=\"0\">https:\/\/forms.gle\/S3H3HWruXTHiMgN48<\/a><\/p>\n<div id=\"LPBorder_GTaHR0cHM6Ly9mb3Jtcy5nbGUvUzNIM0hXcnVYVEhpTWdONDg.\" class=\"LPBorder750629\" style=\"text-align: justify;\">\n<table id=\"LPContainer750629\" role=\"presentation\">\n<tbody>\n<tr valign=\"top\">\n<td>\n<div id=\"LPImageContainer750629\"><a id=\"LPImageAnchor750629\" href=\"https:\/\/forms.gle\/S3H3HWruXTHiMgN48\" target=\"_blank\" rel=\"noopener\"><img loading=\"lazy\" decoding=\"async\" id=\"LPThumbnailImageId750629\" src=\"https:\/\/lh5.googleusercontent.com\/wW87gSM9cgfmLOVZ5fpBx7zVDl5-72ZNCHStux2Az147GBO4YhrOkJ8aunt9uWWL1qccvTOpKvw=w1200-h630-p\" alt=\"\" width=\"240\" height=\"126\" \/><\/a><\/div>\n<\/td>\n<td>\n<div id=\"LPTitle750629\"><a id=\"LPUrlAnchor750629\" href=\"https:\/\/forms.gle\/S3H3HWruXTHiMgN48\" target=\"_blank\" rel=\"noopener\">Festival Mulher do Sert\u00e3o<\/a><\/div>\n<div id=\"LPDescription750629\">O Festival Mulher do Sert\u00e3o \u00e9 uma realiza\u00e7\u00e3o da AgeLider(Ag\u00eancia de Desenvolvimento Econ\u00f4mico do Sert\u00e3o do S\u00e3o Francisco- BA) em parceria com SEBRAE, e parceiros locais que acontecer\u00e1 durante o m\u00eas de mar\u00e7o no Territ\u00f3rio Sert\u00e3o do S\u00e3o Francisco-BA com \u00eanfase no fortalecimento do Empreendedorismo Feminino no territ\u00f3rio.<\/div>\n<div id=\"LPMetadata750629\">forms.gle<\/div>\n<\/td>\n<\/tr>\n<\/tbody>\n<\/table>\n<\/div>\n<p style=\"text-align: justify;\">\n<p dir=\"ltr\" style=\"text-align: justify;\">Mais Amor por Elas<\/p>\n<p dir=\"ltr\" style=\"text-align: justify;\">O evento est\u00e1 integrado \u00e0s celebra\u00e7\u00f5es do m\u00eas da mulher, seguindo o exemplo inspirador do &#8220;Mais Amor por Elas&#8221;, criado por Suzana Ramos para promover o empoderamento feminino. \u201c\u00c9 por entender a import\u00e2ncia do incentivo e fortalecimento do empreendedorismo feminino que estamos ofertando junto aos nossos parceiros, esse momento de aprendizado, intera\u00e7\u00e3o e t\u00e9cnicas fundamentais para que as empreendedoras do nosso munic\u00edpio avancem cada vez mais nesse universo fant\u00e1stico e desafiador que \u00e9 empreender\u201d, frisou Risete Dias, uma das mobilizadoras da iniciativa<\/p>\n<p dir=\"ltr\" style=\"text-align: justify;\">Texto: Matheus Oliveira &#8211; Ascom\/PMJ<\/p>\n","protected":false},"excerpt":{"rendered":"<p>Est\u00e3o abertas as inscri\u00e7\u00f5es para o Festival Mulher do Sert\u00e3o, realizado pela (Ag\u00eancia de Desenvolvimento Econ\u00f4mico do Sert\u00e3o do S\u00e3o Francisco \u2013 BA (AgeLider), em parceria com a Prefeitura de Juazeiro, por meio da Ag\u00eancia de Desenvolvimento Econ\u00f4mico, Agricultura e Pecu\u00e1ria (Adeap). O evento \u00e9 voltado para as mulheres que desejam empreender, fortalecer seus neg\u00f3cios, [&hellip;]<\/p>\n","protected":false},"author":1,"featured_media":63017,"comment_status":"closed","ping_status":"open","sticky":false,"template":"","format":"standard","meta":{"_uag_custom_page_level_css":"","_monsterinsights_skip_tracking":false,"_monsterinsights_sitenote_active":false,"_monsterinsights_sitenote_note":"","_monsterinsights_sitenote_category":0,"jetpack_post_was_ever_published":false,"_jetpack_newsletter_access":"","_jetpack_dont_email_post_to_subs":false,"_jetpack_newsletter_tier_id":0,"_jetpack_memberships_contains_paywalled_content":false,"_jetpack_memberships_contains_paid_content":false,"footnotes":"","jetpack_publicize_message":"","jetpack_publicize_feature_enabled":true,"jetpack_social_post_already_shared":true,"jetpack_social_options":{"image_generator_settings":{"template":"highway","default_image_id":0,"font":"","enabled":false},"version":2}},"categories":[203],"tags":[],"class_list":["post-63016","post","type-post","status-publish","format-standard","has-post-thumbnail","hentry","category-juazeiro"],"jetpack_publicize_connections":[],"jetpack_featured_media_url":"https:\/\/blogopara.com.br\/wp-content\/uploads\/2024\/03\/WhatsApp-Image-2024-03-13-at-14.30.00.jpeg","uagb_featured_image_src":{"full":["https:\/\/blogopara.com.br\/wp-content\/uploads\/2024\/03\/WhatsApp-Image-2024-03-13-at-14.30.00.jpeg",400,711,false],"thumbnail":["https:\/\/blogopara.com.br\/wp-content\/uploads\/2024\/03\/WhatsApp-Image-2024-03-13-at-14.30.00-150x150.jpeg",150,150,true],"medium":["https:\/\/blogopara.com.br\/wp-content\/uploads\/2024\/03\/WhatsApp-Image-2024-03-13-at-14.30.00-169x300.jpeg",169,300,true],"medium_large":["https:\/\/blogopara.com.br\/wp-content\/uploads\/2024\/03\/WhatsApp-Image-2024-03-13-at-14.30.00.jpeg",400,711,false],"large":["https:\/\/blogopara.com.br\/wp-content\/uploads\/2024\/03\/WhatsApp-Image-2024-03-13-at-14.30.00.jpeg",400,711,false],"1536x1536":["https:\/\/blogopara.com.br\/wp-content\/uploads\/2024\/03\/WhatsApp-Image-2024-03-13-at-14.30.00.jpeg",400,711,false],"2048x2048":["https:\/\/blogopara.com.br\/wp-content\/uploads\/2024\/03\/WhatsApp-Image-2024-03-13-at-14.30.00.jpeg",400,711,false],"mantranews-slider-large":["https:\/\/blogopara.com.br\/wp-content\/uploads\/2024\/03\/WhatsApp-Image-2024-03-13-at-14.30.00.jpeg",400,711,false],"mantranews-featured-medium":["https:\/\/blogopara.com.br\/wp-content\/uploads\/2024\/03\/WhatsApp-Image-2024-03-13-at-14.30.00-400x307.jpeg",400,307,true],"mantranews-featured-long":["https:\/\/blogopara.com.br\/wp-content\/uploads\/2024\/03\/WhatsApp-Image-2024-03-13-at-14.30.00-300x443.jpeg",300,443,true],"mantranews-block-medium":["https:\/\/blogopara.com.br\/wp-content\/uploads\/2024\/03\/WhatsApp-Image-2024-03-13-at-14.30.00-400x290.jpeg",400,290,true],"mantranews-carousel-image":["https:\/\/blogopara.com.br\/wp-content\/uploads\/2024\/03\/WhatsApp-Image-2024-03-13-at-14.30.00-400x500.jpeg",400,500,true],"mantranews-block-thumb":["https:\/\/blogopara.com.br\/wp-content\/uploads\/2024\/03\/WhatsApp-Image-2024-03-13-at-14.30.00-322x230.jpeg",322,230,true],"mantranews-single-large":["https:\/\/blogopara.com.br\/wp-content\/uploads\/2024\/03\/WhatsApp-Image-2024-03-13-at-14.30.00-400x642.jpeg",400,642,true]},"uagb_author_info":{"display_name":"Reda\u00e7\u00e3o geral","author_link":"https:\/\/blogopara.com.br\/index.php\/author\/blogopara"},"uagb_comment_info":0,"uagb_excerpt":"Est\u00e3o abertas as inscri\u00e7\u00f5es para o Festival Mulher do Sert\u00e3o, realizado pela (Ag\u00eancia de Desenvolvimento Econ\u00f4mico do Sert\u00e3o do S\u00e3o Francisco \u2013 BA (AgeLider), em parceria com a Prefeitura de Juazeiro, por meio da Ag\u00eancia de Desenvolvimento Econ\u00f4mico, Agricultura e Pecu\u00e1ria (Adeap). O evento \u00e9 voltado para as mulheres que desejam empreender, fortalecer seus neg\u00f3cios,&hellip;","jetpack_sharing_enabled":true,"jetpack_likes_enabled":true,"_links":{"self":[{"href":"https:\/\/blogopara.com.br\/index.php\/wp-json\/wp\/v2\/posts\/63016","targetHints":{"allow":["GET"]}}],"collection":[{"href":"https:\/\/blogopara.com.br\/index.php\/wp-json\/wp\/v2\/posts"}],"about":[{"href":"https:\/\/blogopara.com.br\/index.php\/wp-json\/wp\/v2\/types\/post"}],"author":[{"embeddable":true,"href":"https:\/\/blogopara.com.br\/index.php\/wp-json\/wp\/v2\/users\/1"}],"replies":[{"embeddable":true,"href":"https:\/\/blogopara.com.br\/index.php\/wp-json\/wp\/v2\/comments?post=63016"}],"version-history":[{"count":1,"href":"https:\/\/blogopara.com.br\/index.php\/wp-json\/wp\/v2\/posts\/63016\/revisions"}],"predecessor-version":[{"id":63018,"href":"https:\/\/blogopara.com.br\/index.php\/wp-json\/wp\/v2\/posts\/63016\/revisions\/63018"}],"wp:featuredmedia":[{"embeddable":true,"href":"https:\/\/blogopara.com.br\/index.php\/wp-json\/wp\/v2\/media\/63017"}],"wp:attachment":[{"href":"https:\/\/blogopara.com.br\/index.php\/wp-json\/wp\/v2\/media?parent=63016"}],"wp:term":[{"taxonomy":"category","embeddable":true,"href":"https:\/\/blogopara.com.br\/index.php\/wp-json\/wp\/v2\/categories?post=63016"},{"taxonomy":"post_tag","embeddable":true,"href":"https:\/\/blogopara.com.br\/index.php\/wp-json\/wp\/v2\/tags?post=63016"}],"curies":[{"name":"wp","href":"https:\/\/api.w.org\/{rel}","templated":true}]}}