{"id":6341,"date":"2020-01-15T21:36:36","date_gmt":"2020-01-16T00:36:36","guid":{"rendered":"http:\/\/blogopara.com.br\/?p=6341"},"modified":"2020-01-15T21:36:41","modified_gmt":"2020-01-16T00:36:41","slug":"lei-romeo-mion-cria-carteira-para-pessoas-com-transtorno-do-espectro-autista","status":"publish","type":"post","link":"https:\/\/blogopara.com.br\/index.php\/2020\/01\/15\/lei-romeo-mion-cria-carteira-para-pessoas-com-transtorno-do-espectro-autista","title":{"rendered":"Lei Romeo Mion cria carteira para pessoas com transtorno do espectro autista"},"content":{"rendered":"<p style=\"text-align: justify;\">O presidente Jair Bolsonaro sancionou com vetos a <a class=\"external-link\" title=\"\" href=\"http:\/\/www.planalto.gov.br\/ccivil_03\/_ato2019-2022\/2020\/lei\/L13977.htm\" target=\"_self\" rel=\"noopener noreferrer\">Lei 13.977, de 2020<\/a>, que cria a Carteira de Identifica\u00e7\u00e3o da Pessoa com Transtorno do Espectro Autista (Ciptea). A norma foi batizada de Lei Romeo Mion, que \u00e9 filho do apresentador de televis\u00e3o Marcos Mion e tem transtorno do espectro autista. A san\u00e7\u00e3o foi publicada na edi\u00e7\u00e3o desta quinta-feira (9) do <i>Di\u00e1rio Oficial da Uni\u00e3o<\/i>.<\/p>\n<p style=\"text-align: justify;\">O texto altera a Lei Berenice Piana (<a class=\"external-link\" title=\"\" href=\"http:\/\/www.planalto.gov.br\/ccivil_03\/_ato2011-2014\/2012\/lei\/l12764.htm\" target=\"_self\" rel=\"noopener noreferrer\">12.764, 2012<\/a>), que institui a Pol\u00edtica Nacional de Prote\u00e7\u00e3o dos Direitos da Pessoa com Transtorno do Espectro Autista. De acordo com a nova lei, a Ciptea deve assegurar aos portadores aten\u00e7\u00e3o integral, pronto atendimento e prioridade no atendimento e no acesso aos servi\u00e7os p\u00fablicos e privados, em especial nas \u00e1reas de sa\u00fade, educa\u00e7\u00e3o e assist\u00eancia social.<\/p>\n<p style=\"text-align: justify;\">A carteira ser\u00e1 expedida pelos \u00f3rg\u00e3os estaduais, distritais e municiais que executam a Pol\u00edtica Nacional de Prote\u00e7\u00e3o dos Direitos da Pessoa com Transtorno do Espectro Autista. A fam\u00edlia deve apresentar um requerimento acompanhado de relat\u00f3rio m\u00e9dico com a indica\u00e7\u00e3o do c\u00f3digo da Classifica\u00e7\u00e3o Estat\u00edstica Internacional de Doen\u00e7as e Problemas Relacionados \u00e0 Sa\u00fade (CID).<\/p>\n<p style=\"text-align: justify;\">No requerimento, deve constar nome completo, filia\u00e7\u00e3o, local e data de nascimento, n\u00famero da carteira de identidade, n\u00famero de CPF, tipo sangu\u00edneo, endere\u00e7o residencial e telefone, al\u00e9m de foto 3&#215;4, assinatura ou impress\u00e3o digital do interessado. A lei tamb\u00e9m exige nome completo, documento de identifica\u00e7\u00e3o, endere\u00e7o residencial, telefone e e-mail do respons\u00e1vel legal ou do cuidador.<\/p>\n<p style=\"text-align: justify;\">A Ciptea ter\u00e1 validade de cinco anos, mas a fam\u00edlia deve manter atualizados os dados cadastrais do identificado. Sempre que a carteira for renovada, o n\u00famero de identifica\u00e7\u00e3o deve ser mantido, para permitir a contagem das pessoas com transtorno do espectro autista em todo o territ\u00f3rio nacional. At\u00e9 que a Ciptea comece a ser emitida, a lei recomenda que os \u00f3rg\u00e3os respons\u00e1veis pela emiss\u00e3o de documentos de identidade incluam nas c\u00e9dulas informa\u00e7\u00f5es sobre o transtorno do espectro autista.<\/p>\n<p style=\"text-align: justify;\">Se o interessado for imigrante detentor de visto tempor\u00e1rio ou de autoriza\u00e7\u00e3o de resid\u00eancia, residente fronteiri\u00e7o ou solicitante de ref\u00fagio, deve apresentar a C\u00e9dula de Identidade de Estrangeiro, a Carteira de Registro Nacional Migrat\u00f3rio ou o Documento Provis\u00f3rio de Registro Nacional Migrat\u00f3rio. A nova norma tamb\u00e9m altera a Lei da Gratuidade dos Atos de Cidadania (<a class=\"external-link\" title=\"\" href=\"http:\/\/www.planalto.gov.br\/ccivil_03\/LEIS\/L9265.htm\" target=\"_self\" rel=\"noopener noreferrer\">9.265, de 1996<\/a>) para prever que a emiss\u00e3o da Ciptea \u00e9 gratuita, assim como j\u00e1 ocorre para documentos como t\u00edtulo de eleitor, certificado de reservista e certid\u00f5es de nascimento e de \u00f3bito.<\/p>\n<h3 style=\"text-align: justify;\"><strong>No Senado<\/strong><\/h3>\n<p style=\"text-align: justify;\">O projeto de lei da C\u00e2mara (<a class=\"external-link\" title=\"\" href=\"http:\/\/www25.senado.leg.br\/web\/atividade\/materias\/-\/materia\/136518\" target=\"_self\" rel=\"noopener noreferrer\">PL 2.573\/2019<\/a>), da deputada Rejane Dias (PT-PI), foi aprovado no Senado em dezembro do ano passado. A senadora Soraya Thronicke (PSL-MS) foi relatora da mat\u00e9ria na Comiss\u00e3o de Direitos Humanos (CDH). Ela lembra que alguns munic\u00edpios no Brasil j\u00e1 adotam uma carteira de identifica\u00e7\u00e3o para pessoas com transtorno do espectro autista. \u201cA carteira n\u00e3o \u00e9 apenas importante; \u00e9 verdadeiramente essencial, principalmente em estabelecimentos comerciais ou p\u00fablicos, em particular os de sa\u00fade. O projeto d\u00e1 o necess\u00e1rio reconhecimento \u00e0 pessoa com transtorno do espectro autista, assegurando-lhe um importante direito que lhe promover\u00e1 maior inclus\u00e3o social, que \u00e9 o que, afinal, todo ser humano deseja: ser acolhido e respeitado em sua ess\u00eancia\u201d, destacou no relat\u00f3rio.<\/p>\n<p style=\"text-align: justify;\">Na Comiss\u00e3o de Constitui\u00e7\u00e3o e Justi\u00e7a (CCJ), a mat\u00e9ria foi relatada pelo senador Luis Carlos Heinze (PP-RS). Ele argumenta que a carteira de identifica\u00e7\u00e3o vai dar \u201cmaior visibilidade social\u201d ao portador do transtorno do espectro autista. \u201cO que mudar\u00e1 na vida dos autistas quando eles passarem a ter sua condi\u00e7\u00e3o de pessoa com defici\u00eancia reconhecida e estampada em um documento p\u00fablico e oficial \u00e9 a garantia de ter os seus direitos b\u00e1sicos respeitados, em especial, o acesso a a\u00e7\u00f5es e servi\u00e7os de sa\u00fade, com vistas \u00e0 aten\u00e7\u00e3o integral \u00e0s suas necessidades de sa\u00fade por meio de atendimento multiprofissional. O Poder P\u00fablico, ao reconhecer a condi\u00e7\u00e3o de pessoa com defici\u00eancia, conceder\u00e1 ao autista uma maior visibilidade social, permitindo acesso facilitado aos espa\u00e7os e servi\u00e7os p\u00fablicos. Isso, porque o documento p\u00fablico livra o autista, e a sua fam\u00edlia, do dever de explicar a todo momento a pr\u00f3pria condi\u00e7\u00e3o de pessoa com defici\u00eancia\u201d, afirma.<\/p>\n<h3 style=\"text-align: justify;\"><strong>Vetos<\/strong><\/h3>\n<p style=\"text-align: justify;\">O presidente da Rep\u00fablica vetou dois dispositivos da Lei Romeo Mion. O primeiro obriga os cinemas a reservarem uma sess\u00e3o mensal para pessoas com transtorno do espectro autista. De acordo com o projeto aprovado por deputados e senadores, as salas de exibi\u00e7\u00e3o devem oferecer \u201cos recursos de acessibilidade necess\u00e1rios\u201d.<\/p>\n<p style=\"text-align: justify;\">De acordo com o Pal\u00e1cio do Planalto, o texto \u201ccontraria o interesse p\u00fablico\u201d. Na mensagem de veto encaminhada ao Congresso, Jair Bolsonaro lembra que uma medida provis\u00f3ria editada em dezembro (<a class=\"external-link\" title=\"\" href=\"http:\/\/www.congressonacional.leg.br\/materias\/medidas-provisorias\/-\/mpv\/140392\" target=\"_self\" rel=\"noopener noreferrer\">MP 917\/2019<\/a>) d\u00e1 mais um ano de prazo para que os cinemas se adequem \u00e0 Lei Brasileira de Inclus\u00e3o (<a class=\"external-link\" title=\"\" href=\"http:\/\/www.planalto.gov.br\/ccivil_03\/_ato2015-2018\/2015\/lei\/l13146.htm\" target=\"_self\" rel=\"noopener noreferrer\">Lei 13.146, de 2015<\/a>). A norma determina que as salas de exibi\u00e7\u00e3o ofere\u00e7am acessibilidade para pessoas com defici\u00eancia visual e auditiva.<\/p>\n<p style=\"text-align: justify;\">Outro dispositivo vetado d\u00e1 um prazo de 180 dias para que o presidente da Rep\u00fablica, os governadores e os prefeitos regulamentem a Lei Romeo Mion. De acordo com o Pal\u00e1cio do Planalto, o dispositivo \u201cviola o princ\u00edpio da separa\u00e7\u00e3o dos poderes\u201d.<\/p>\n<pre style=\"text-align: justify;\">Fonte: Ag\u00eancia Senado<\/pre>\n","protected":false},"excerpt":{"rendered":"<p>O presidente Jair Bolsonaro sancionou com vetos a Lei 13.977, de 2020, que cria a Carteira de Identifica\u00e7\u00e3o da Pessoa com Transtorno do Espectro Autista (Ciptea). A norma foi batizada de Lei Romeo Mion, que \u00e9 filho do apresentador de televis\u00e3o Marcos Mion e tem transtorno do espectro autista. A san\u00e7\u00e3o foi publicada na edi\u00e7\u00e3o [&hellip;]<\/p>\n","protected":false},"author":1,"featured_media":6342,"comment_status":"open","ping_status":"open","sticky":false,"template":"","format":"standard","meta":{"_uag_custom_page_level_css":"","_monsterinsights_skip_tracking":false,"_monsterinsights_sitenote_active":false,"_monsterinsights_sitenote_note":"","_monsterinsights_sitenote_category":0,"jetpack_post_was_ever_published":false,"_jetpack_newsletter_access":"","_jetpack_dont_email_post_to_subs":false,"_jetpack_newsletter_tier_id":0,"_jetpack_memberships_contains_paywalled_content":false,"_jetpack_memberships_contains_paid_content":false,"footnotes":"","jetpack_publicize_message":"","jetpack_publicize_feature_enabled":true,"jetpack_social_post_already_shared":true,"jetpack_social_options":{"image_generator_settings":{"template":"highway","default_image_id":0,"font":"","enabled":false},"version":2}},"categories":[200],"tags":[683,1436,966],"class_list":["post-6341","post","type-post","status-publish","format-standard","has-post-thumbnail","hentry","category-brasil","tag-autismo","tag-carteira","tag-lei"],"jetpack_publicize_connections":[],"jetpack_featured_media_url":"https:\/\/blogopara.com.br\/wp-content\/uploads\/2020\/01\/imagem_materia.jpg","uagb_featured_image_src":{"full":["https:\/\/blogopara.com.br\/wp-content\/uploads\/2020\/01\/imagem_materia.jpg",860,570,false],"thumbnail":["https:\/\/blogopara.com.br\/wp-content\/uploads\/2020\/01\/imagem_materia-150x150.jpg",150,150,true],"medium":["https:\/\/blogopara.com.br\/wp-content\/uploads\/2020\/01\/imagem_materia-300x199.jpg",300,199,true],"medium_large":["https:\/\/blogopara.com.br\/wp-content\/uploads\/2020\/01\/imagem_materia-768x509.jpg",640,424,true],"large":["https:\/\/blogopara.com.br\/wp-content\/uploads\/2020\/01\/imagem_materia.jpg",640,424,false],"1536x1536":["https:\/\/blogopara.com.br\/wp-content\/uploads\/2020\/01\/imagem_materia.jpg",860,570,false],"2048x2048":["https:\/\/blogopara.com.br\/wp-content\/uploads\/2020\/01\/imagem_materia.jpg",860,570,false],"mantranews-slider-large":["https:\/\/blogopara.com.br\/wp-content\/uploads\/2020\/01\/imagem_materia.jpg",860,570,false],"mantranews-featured-medium":["https:\/\/blogopara.com.br\/wp-content\/uploads\/2020\/01\/imagem_materia.jpg",420,278,false],"mantranews-featured-long":["https:\/\/blogopara.com.br\/wp-content\/uploads\/2020\/01\/imagem_materia.jpg",300,199,false],"mantranews-block-medium":["https:\/\/blogopara.com.br\/wp-content\/uploads\/2020\/01\/imagem_materia.jpg",438,290,false],"mantranews-carousel-image":["https:\/\/blogopara.com.br\/wp-content\/uploads\/2020\/01\/imagem_materia.jpg",600,398,false],"mantranews-block-thumb":["https:\/\/blogopara.com.br\/wp-content\/uploads\/2020\/01\/imagem_materia.jpg",322,213,false],"mantranews-single-large":["https:\/\/blogopara.com.br\/wp-content\/uploads\/2020\/01\/imagem_materia.jpg",860,570,false]},"uagb_author_info":{"display_name":"Reda\u00e7\u00e3o geral","author_link":"https:\/\/blogopara.com.br\/index.php\/author\/blogopara"},"uagb_comment_info":0,"uagb_excerpt":"O presidente Jair Bolsonaro sancionou com vetos a Lei 13.977, de 2020, que cria a Carteira de Identifica\u00e7\u00e3o da Pessoa com Transtorno do Espectro Autista (Ciptea). A norma foi batizada de Lei Romeo Mion, que \u00e9 filho do apresentador de televis\u00e3o Marcos Mion e tem transtorno do espectro autista. A san\u00e7\u00e3o foi publicada na edi\u00e7\u00e3o&hellip;","jetpack_sharing_enabled":true,"jetpack_likes_enabled":true,"_links":{"self":[{"href":"https:\/\/blogopara.com.br\/index.php\/wp-json\/wp\/v2\/posts\/6341","targetHints":{"allow":["GET"]}}],"collection":[{"href":"https:\/\/blogopara.com.br\/index.php\/wp-json\/wp\/v2\/posts"}],"about":[{"href":"https:\/\/blogopara.com.br\/index.php\/wp-json\/wp\/v2\/types\/post"}],"author":[{"embeddable":true,"href":"https:\/\/blogopara.com.br\/index.php\/wp-json\/wp\/v2\/users\/1"}],"replies":[{"embeddable":true,"href":"https:\/\/blogopara.com.br\/index.php\/wp-json\/wp\/v2\/comments?post=6341"}],"version-history":[{"count":1,"href":"https:\/\/blogopara.com.br\/index.php\/wp-json\/wp\/v2\/posts\/6341\/revisions"}],"predecessor-version":[{"id":6343,"href":"https:\/\/blogopara.com.br\/index.php\/wp-json\/wp\/v2\/posts\/6341\/revisions\/6343"}],"wp:featuredmedia":[{"embeddable":true,"href":"https:\/\/blogopara.com.br\/index.php\/wp-json\/wp\/v2\/media\/6342"}],"wp:attachment":[{"href":"https:\/\/blogopara.com.br\/index.php\/wp-json\/wp\/v2\/media?parent=6341"}],"wp:term":[{"taxonomy":"category","embeddable":true,"href":"https:\/\/blogopara.com.br\/index.php\/wp-json\/wp\/v2\/categories?post=6341"},{"taxonomy":"post_tag","embeddable":true,"href":"https:\/\/blogopara.com.br\/index.php\/wp-json\/wp\/v2\/tags?post=6341"}],"curies":[{"name":"wp","href":"https:\/\/api.w.org\/{rel}","templated":true}]}}