{"id":63428,"date":"2024-03-26T20:55:51","date_gmt":"2024-03-26T23:55:51","guid":{"rendered":"https:\/\/blogopara.com.br\/?p=63428"},"modified":"2024-03-26T20:55:54","modified_gmt":"2024-03-26T23:55:54","slug":"prefeita-suzana-ramos-celebra-mes-da-mulher-com-servidoras-da-rede-municipal-de-ensino","status":"publish","type":"post","link":"https:\/\/blogopara.com.br\/index.php\/2024\/03\/26\/prefeita-suzana-ramos-celebra-mes-da-mulher-com-servidoras-da-rede-municipal-de-ensino","title":{"rendered":"Prefeita Suzana Ramos celebra M\u00eas da Mulher com servidoras da rede municipal de ensino"},"content":{"rendered":"<p class=\"x_MsoNormal\" style=\"text-align: justify;\">Para celebrar o M\u00eas da Mulher, a prefeita Suzana Ramos reuniu-se, nesta ter\u00e7a-feira (26), com secret\u00e1rias escolares e articuladoras tecnol\u00f3gicas da rede municipal de ensino. O encontro foi no audit\u00f3rio da Secretaria de Educa\u00e7\u00e3o e Juventude (Seduc) e contou com a palestra show \u201cTem que Ser Mulher!\u201d, da executive coach, Anne Patr\u00edcia Alves.<\/p>\n<p class=\"x_MsoNormal\" style=\"text-align: justify;\">Durante o evento, a prefeita Suzana Ramos foi homenageada pelas secret\u00e1rias escolares em gratid\u00e3o ao compromisso da gestora com a categoria e ressaltou a import\u00e2ncia de celebrar o Dia Internacional da Mulher todos os dias do ano. \u201cEstamos fechando, hoje o M\u00eas da Mulher com essa comemora\u00e7\u00e3o, mas eu costumo dizer que devemos festejar o Dia da Mulher todos os dias, porque n\u00f3s somos especiais\u201d, frisou a prefeita.<\/p>\n<p class=\"x_MsoNormal\" style=\"text-align: justify;\">A secret\u00e1ria escolar da Escola Municipal Jo\u00e3o Dias Ferreira, Zel Tupin\u00e1, compartilha da opini\u00e3o da prefeita Suzana. \u201cNo meu ponto de vista, todos os dias deveriam ser o Dia da Mulher, n\u00e3o desmerecendo os homens, mas \u00e9 importante lembrarmos essa data aqui e eu fico lisonjeada em ver mulheres como Suzana, nossa primeira prefeita. Eu sei que ainda h\u00e1 muita coisa por fazer, mas eu acredito no que ela fez em pouco tempo e no que ainda pode fazer por todos os servidores\u201d, declarou.<\/p>\n<p class=\"x_MsoNormal\" style=\"text-align: justify;\">A programa\u00e7\u00e3o incluiu comemora\u00e7\u00e3o com caf\u00e9 da manh\u00e3, momentos musicais, a abertura com a prefeita Suzana Ramos, a superintendente de Gest\u00e3o Escolar, Programas e Projetos da Seduc, Alexandrina Ara\u00fajo, e a chefe de Gabinete, Fernanda Barros, al\u00e9m da palestra sobre \u201cEmpoderamento feminino, evidenciando a valoriza\u00e7\u00e3o das colaboradoras, desempenho e dedica\u00e7\u00e3o no trabalho\u201d, ministrada por Anne Patr\u00edcia. \u201cN\u00f3s fizemos um momento especial com as mulheres, falamos sobre o papel da mulher na nossa hist\u00f3ria, a trajet\u00f3ria do movimento feminista, as conquistas das mulheres e tamb\u00e9m falamos sobre a import\u00e2ncia do autocuidado\u201d, revelou a executive coach.<\/p>\n<p class=\"x_MsoNormal\" style=\"text-align: justify;\">O evento foi finalizado pela superintendente Alexandrina Ara\u00fajo, que agradeceu a participa\u00e7\u00e3o das servidoras e pediu que a data seja lembrada durante todo o ano. \u201cCom esse encontro, n\u00f3s finalizamos os eventos alusivos ao Dia Internacional da Mulher, celebrado em 8 de Mar\u00e7o, mas precisamos continuar discutindo o empoderamento feminino como um movimento pol\u00edtico, filos\u00f3fico e social\u201d.<\/p>\n<p class=\"x_MsoNormal\" style=\"text-align: justify;\">&#8212;<\/p>\n<p class=\"x_MsoNormal\" style=\"text-align: justify;\">Texto: Eneida Trindade \u2013 Ascom Seduc\/PMJ<\/p>\n<p class=\"x_MsoNormal\" style=\"text-align: justify;\">Fotos:&nbsp;Airton&nbsp;Latapiat \u2013 Ascom\/PMJ<\/p>\n<div style=\"text-align: justify;\"><\/div>\n","protected":false},"excerpt":{"rendered":"<p>Para celebrar o M\u00eas da Mulher, a prefeita Suzana Ramos reuniu-se, nesta ter\u00e7a-feira (26), com secret\u00e1rias escolares e articuladoras tecnol\u00f3gicas da rede municipal de ensino. O encontro foi no audit\u00f3rio da Secretaria de Educa\u00e7\u00e3o e Juventude (Seduc) e contou com a palestra show \u201cTem que Ser Mulher!\u201d, da executive coach, Anne Patr\u00edcia Alves. Durante o [&hellip;]<\/p>\n","protected":false},"author":1,"featured_media":63434,"comment_status":"closed","ping_status":"open","sticky":false,"template":"","format":"standard","meta":{"_uag_custom_page_level_css":"","_monsterinsights_skip_tracking":false,"_monsterinsights_sitenote_active":false,"_monsterinsights_sitenote_note":"","_monsterinsights_sitenote_category":0,"jetpack_post_was_ever_published":false,"_jetpack_newsletter_access":"","_jetpack_dont_email_post_to_subs":false,"_jetpack_newsletter_tier_id":0,"_jetpack_memberships_contains_paywalled_content":false,"_jetpack_memberships_contains_paid_content":false,"footnotes":"","jetpack_publicize_message":"","jetpack_publicize_feature_enabled":true,"jetpack_social_post_already_shared":true,"jetpack_social_options":{"image_generator_settings":{"template":"highway","default_image_id":0,"font":"","enabled":false},"version":2}},"categories":[203],"tags":[],"class_list":["post-63428","post","type-post","status-publish","format-standard","has-post-thumbnail","hentry","category-juazeiro"],"jetpack_publicize_connections":[],"jetpack_featured_media_url":"https:\/\/blogopara.com.br\/wp-content\/uploads\/2024\/03\/thumbnail_WhatsApp-Image-2024-03-26-at-13.25.59.jpg","uagb_featured_image_src":{"full":["https:\/\/blogopara.com.br\/wp-content\/uploads\/2024\/03\/thumbnail_WhatsApp-Image-2024-03-26-at-13.25.59.jpg",500,312,false],"thumbnail":["https:\/\/blogopara.com.br\/wp-content\/uploads\/2024\/03\/thumbnail_WhatsApp-Image-2024-03-26-at-13.25.59-150x150.jpg",150,150,true],"medium":["https:\/\/blogopara.com.br\/wp-content\/uploads\/2024\/03\/thumbnail_WhatsApp-Image-2024-03-26-at-13.25.59-300x187.jpg",300,187,true],"medium_large":["https:\/\/blogopara.com.br\/wp-content\/uploads\/2024\/03\/thumbnail_WhatsApp-Image-2024-03-26-at-13.25.59.jpg",500,312,false],"large":["https:\/\/blogopara.com.br\/wp-content\/uploads\/2024\/03\/thumbnail_WhatsApp-Image-2024-03-26-at-13.25.59.jpg",500,312,false],"1536x1536":["https:\/\/blogopara.com.br\/wp-content\/uploads\/2024\/03\/thumbnail_WhatsApp-Image-2024-03-26-at-13.25.59.jpg",500,312,false],"2048x2048":["https:\/\/blogopara.com.br\/wp-content\/uploads\/2024\/03\/thumbnail_WhatsApp-Image-2024-03-26-at-13.25.59.jpg",500,312,false],"mantranews-slider-large":["https:\/\/blogopara.com.br\/wp-content\/uploads\/2024\/03\/thumbnail_WhatsApp-Image-2024-03-26-at-13.25.59.jpg",500,312,false],"mantranews-featured-medium":["https:\/\/blogopara.com.br\/wp-content\/uploads\/2024\/03\/thumbnail_WhatsApp-Image-2024-03-26-at-13.25.59-420x307.jpg",420,307,true],"mantranews-featured-long":["https:\/\/blogopara.com.br\/wp-content\/uploads\/2024\/03\/thumbnail_WhatsApp-Image-2024-03-26-at-13.25.59-300x312.jpg",300,312,true],"mantranews-block-medium":["https:\/\/blogopara.com.br\/wp-content\/uploads\/2024\/03\/thumbnail_WhatsApp-Image-2024-03-26-at-13.25.59-464x290.jpg",464,290,true],"mantranews-carousel-image":["https:\/\/blogopara.com.br\/wp-content\/uploads\/2024\/03\/thumbnail_WhatsApp-Image-2024-03-26-at-13.25.59.jpg",500,312,false],"mantranews-block-thumb":["https:\/\/blogopara.com.br\/wp-content\/uploads\/2024\/03\/thumbnail_WhatsApp-Image-2024-03-26-at-13.25.59-322x230.jpg",322,230,true],"mantranews-single-large":["https:\/\/blogopara.com.br\/wp-content\/uploads\/2024\/03\/thumbnail_WhatsApp-Image-2024-03-26-at-13.25.59.jpg",500,312,false]},"uagb_author_info":{"display_name":"Reda\u00e7\u00e3o geral","author_link":"https:\/\/blogopara.com.br\/index.php\/author\/blogopara"},"uagb_comment_info":0,"uagb_excerpt":"Para celebrar o M\u00eas da Mulher, a prefeita Suzana Ramos reuniu-se, nesta ter\u00e7a-feira (26), com secret\u00e1rias escolares e articuladoras tecnol\u00f3gicas da rede municipal de ensino. O encontro foi no audit\u00f3rio da Secretaria de Educa\u00e7\u00e3o e Juventude (Seduc) e contou com a palestra show \u201cTem que Ser Mulher!\u201d, da executive coach, Anne Patr\u00edcia Alves. Durante o&hellip;","jetpack_sharing_enabled":true,"jetpack_likes_enabled":true,"_links":{"self":[{"href":"https:\/\/blogopara.com.br\/index.php\/wp-json\/wp\/v2\/posts\/63428","targetHints":{"allow":["GET"]}}],"collection":[{"href":"https:\/\/blogopara.com.br\/index.php\/wp-json\/wp\/v2\/posts"}],"about":[{"href":"https:\/\/blogopara.com.br\/index.php\/wp-json\/wp\/v2\/types\/post"}],"author":[{"embeddable":true,"href":"https:\/\/blogopara.com.br\/index.php\/wp-json\/wp\/v2\/users\/1"}],"replies":[{"embeddable":true,"href":"https:\/\/blogopara.com.br\/index.php\/wp-json\/wp\/v2\/comments?post=63428"}],"version-history":[{"count":2,"href":"https:\/\/blogopara.com.br\/index.php\/wp-json\/wp\/v2\/posts\/63428\/revisions"}],"predecessor-version":[{"id":63435,"href":"https:\/\/blogopara.com.br\/index.php\/wp-json\/wp\/v2\/posts\/63428\/revisions\/63435"}],"wp:featuredmedia":[{"embeddable":true,"href":"https:\/\/blogopara.com.br\/index.php\/wp-json\/wp\/v2\/media\/63434"}],"wp:attachment":[{"href":"https:\/\/blogopara.com.br\/index.php\/wp-json\/wp\/v2\/media?parent=63428"}],"wp:term":[{"taxonomy":"category","embeddable":true,"href":"https:\/\/blogopara.com.br\/index.php\/wp-json\/wp\/v2\/categories?post=63428"},{"taxonomy":"post_tag","embeddable":true,"href":"https:\/\/blogopara.com.br\/index.php\/wp-json\/wp\/v2\/tags?post=63428"}],"curies":[{"name":"wp","href":"https:\/\/api.w.org\/{rel}","templated":true}]}}