{"id":6344,"date":"2020-01-16T08:34:07","date_gmt":"2020-01-16T11:34:07","guid":{"rendered":"http:\/\/blogopara.com.br\/?p=6344"},"modified":"2020-01-16T08:34:13","modified_gmt":"2020-01-16T11:34:13","slug":"compesa-identifica-furto-de-agua-e-agricultor-e-preso-em-flagrante","status":"publish","type":"post","link":"https:\/\/blogopara.com.br\/index.php\/2020\/01\/16\/compesa-identifica-furto-de-agua-e-agricultor-e-preso-em-flagrante","title":{"rendered":"COMPESA IDENTIFICA FURTO DE \u00c1GUA E AGRICULTOR \u00c9 PRESO EM FLAGRANTE"},"content":{"rendered":"<p style=\"text-align: justify;\">A Compesa realizou nesta ter\u00e7a (14), em Belo Jardim, uma a\u00e7\u00e3o, em parceria com a Pol\u00edcia Militar, para combater furto de \u00e1gua na regi\u00e3o. O Ten. Cel. Fl\u00e1vio Jos\u00e9 esteve \u00e0 frente da opera\u00e7\u00e3o que investigava uma liga\u00e7\u00e3o clandestina em propriedade na comunidade Gravat\u00e1. \u201cRecebemos diversas reclama\u00e7\u00f5es de dificuldade de abastecimento nessa localidade, al\u00e9m de den\u00fancias de liga\u00e7\u00f5es irregulares no trecho da adutora que abastece tanto a Vila Gravat\u00e1 como Vila Nova. Desde o m\u00eas de novembro, estamos realizando diversas a\u00e7\u00f5es de fiscaliza\u00e7\u00e3o, corte e cadastro at\u00e9 chegar nesta grande opera\u00e7\u00e3o de hoje junto com a PM\u201d, afirmou o gerente da Compesa, Tiago Grassi.<\/p>\n<p style=\"text-align: justify;\">Na propriedade, foi constatado que o hidr\u00f4metro estava sendo burlado uma vez que a \u00e1gua estava sendo desviada antes da aferi\u00e7\u00e3o do equipamento, al\u00e9m de que foi constatado a instala\u00e7\u00e3o irregular de um registro para direcionar toda \u00e1gua para a propriedade. A estimativa \u00e9 que eram desviados cerca de 280m3 de \u00e1gua por m\u00eas. O propriet\u00e1rio foi preso em flagrante e levado para o pres\u00eddio de Pesqueira. A audi\u00eancia de cust\u00f3dia est\u00e1 marcada para esta quarta (15).<\/p>\n<p style=\"text-align: justify;\">A Compesa orienta que as den\u00fancias podem ser realizadas, de forma an\u00f4nima, pelo site www.compesa.com.br, acessando os menus Canal de Den\u00fancias ou Ouvidoria, e ainda por meio do 0800 081 0195<\/p>\n","protected":false},"excerpt":{"rendered":"<p>A Compesa realizou nesta ter\u00e7a (14), em Belo Jardim, uma a\u00e7\u00e3o, em parceria com a Pol\u00edcia Militar, para combater furto de \u00e1gua na regi\u00e3o. O Ten. Cel. Fl\u00e1vio Jos\u00e9 esteve \u00e0 frente da opera\u00e7\u00e3o que investigava uma liga\u00e7\u00e3o clandestina em propriedade na comunidade Gravat\u00e1. \u201cRecebemos diversas reclama\u00e7\u00f5es de dificuldade de abastecimento nessa localidade, al\u00e9m de [&hellip;]<\/p>\n","protected":false},"author":1,"featured_media":6345,"comment_status":"open","ping_status":"open","sticky":false,"template":"","format":"standard","meta":{"_uag_custom_page_level_css":"","_monsterinsights_skip_tracking":false,"_monsterinsights_sitenote_active":false,"_monsterinsights_sitenote_note":"","_monsterinsights_sitenote_category":0,"jetpack_post_was_ever_published":false,"_jetpack_newsletter_access":"","_jetpack_dont_email_post_to_subs":false,"_jetpack_newsletter_tier_id":0,"_jetpack_memberships_contains_paywalled_content":false,"_jetpack_memberships_contains_paid_content":false,"footnotes":"","jetpack_publicize_message":"","jetpack_publicize_feature_enabled":true,"jetpack_social_post_already_shared":true,"jetpack_social_options":{"image_generator_settings":{"template":"highway","default_image_id":0,"font":"","enabled":false},"version":2}},"categories":[203],"tags":[],"class_list":["post-6344","post","type-post","status-publish","format-standard","has-post-thumbnail","hentry","category-juazeiro"],"jetpack_publicize_connections":[],"jetpack_featured_media_url":"https:\/\/blogopara.com.br\/wp-content\/uploads\/2020\/01\/WhatsApp-Image-2020-01-16-at-06.43.05.jpeg","uagb_featured_image_src":{"full":["https:\/\/blogopara.com.br\/wp-content\/uploads\/2020\/01\/WhatsApp-Image-2020-01-16-at-06.43.05.jpeg",768,576,false],"thumbnail":["https:\/\/blogopara.com.br\/wp-content\/uploads\/2020\/01\/WhatsApp-Image-2020-01-16-at-06.43.05-150x150.jpeg",150,150,true],"medium":["https:\/\/blogopara.com.br\/wp-content\/uploads\/2020\/01\/WhatsApp-Image-2020-01-16-at-06.43.05-300x225.jpeg",300,225,true],"medium_large":["https:\/\/blogopara.com.br\/wp-content\/uploads\/2020\/01\/WhatsApp-Image-2020-01-16-at-06.43.05.jpeg",640,480,false],"large":["https:\/\/blogopara.com.br\/wp-content\/uploads\/2020\/01\/WhatsApp-Image-2020-01-16-at-06.43.05.jpeg",640,480,false],"1536x1536":["https:\/\/blogopara.com.br\/wp-content\/uploads\/2020\/01\/WhatsApp-Image-2020-01-16-at-06.43.05.jpeg",768,576,false],"2048x2048":["https:\/\/blogopara.com.br\/wp-content\/uploads\/2020\/01\/WhatsApp-Image-2020-01-16-at-06.43.05.jpeg",768,576,false],"mantranews-slider-large":["https:\/\/blogopara.com.br\/wp-content\/uploads\/2020\/01\/WhatsApp-Image-2020-01-16-at-06.43.05.jpeg",768,576,false],"mantranews-featured-medium":["https:\/\/blogopara.com.br\/wp-content\/uploads\/2020\/01\/WhatsApp-Image-2020-01-16-at-06.43.05.jpeg",409,307,false],"mantranews-featured-long":["https:\/\/blogopara.com.br\/wp-content\/uploads\/2020\/01\/WhatsApp-Image-2020-01-16-at-06.43.05.jpeg",300,225,false],"mantranews-block-medium":["https:\/\/blogopara.com.br\/wp-content\/uploads\/2020\/01\/WhatsApp-Image-2020-01-16-at-06.43.05.jpeg",387,290,false],"mantranews-carousel-image":["https:\/\/blogopara.com.br\/wp-content\/uploads\/2020\/01\/WhatsApp-Image-2020-01-16-at-06.43.05.jpeg",600,450,false],"mantranews-block-thumb":["https:\/\/blogopara.com.br\/wp-content\/uploads\/2020\/01\/WhatsApp-Image-2020-01-16-at-06.43.05.jpeg",307,230,false],"mantranews-single-large":["https:\/\/blogopara.com.br\/wp-content\/uploads\/2020\/01\/WhatsApp-Image-2020-01-16-at-06.43.05.jpeg",768,576,false]},"uagb_author_info":{"display_name":"Reda\u00e7\u00e3o geral","author_link":"https:\/\/blogopara.com.br\/index.php\/author\/blogopara"},"uagb_comment_info":0,"uagb_excerpt":"A Compesa realizou nesta ter\u00e7a (14), em Belo Jardim, uma a\u00e7\u00e3o, em parceria com a Pol\u00edcia Militar, para combater furto de \u00e1gua na regi\u00e3o. O Ten. Cel. Fl\u00e1vio Jos\u00e9 esteve \u00e0 frente da opera\u00e7\u00e3o que investigava uma liga\u00e7\u00e3o clandestina em propriedade na comunidade Gravat\u00e1. \u201cRecebemos diversas reclama\u00e7\u00f5es de dificuldade de abastecimento nessa localidade, al\u00e9m de&hellip;","jetpack_sharing_enabled":true,"jetpack_likes_enabled":true,"_links":{"self":[{"href":"https:\/\/blogopara.com.br\/index.php\/wp-json\/wp\/v2\/posts\/6344","targetHints":{"allow":["GET"]}}],"collection":[{"href":"https:\/\/blogopara.com.br\/index.php\/wp-json\/wp\/v2\/posts"}],"about":[{"href":"https:\/\/blogopara.com.br\/index.php\/wp-json\/wp\/v2\/types\/post"}],"author":[{"embeddable":true,"href":"https:\/\/blogopara.com.br\/index.php\/wp-json\/wp\/v2\/users\/1"}],"replies":[{"embeddable":true,"href":"https:\/\/blogopara.com.br\/index.php\/wp-json\/wp\/v2\/comments?post=6344"}],"version-history":[{"count":1,"href":"https:\/\/blogopara.com.br\/index.php\/wp-json\/wp\/v2\/posts\/6344\/revisions"}],"predecessor-version":[{"id":6346,"href":"https:\/\/blogopara.com.br\/index.php\/wp-json\/wp\/v2\/posts\/6344\/revisions\/6346"}],"wp:featuredmedia":[{"embeddable":true,"href":"https:\/\/blogopara.com.br\/index.php\/wp-json\/wp\/v2\/media\/6345"}],"wp:attachment":[{"href":"https:\/\/blogopara.com.br\/index.php\/wp-json\/wp\/v2\/media?parent=6344"}],"wp:term":[{"taxonomy":"category","embeddable":true,"href":"https:\/\/blogopara.com.br\/index.php\/wp-json\/wp\/v2\/categories?post=6344"},{"taxonomy":"post_tag","embeddable":true,"href":"https:\/\/blogopara.com.br\/index.php\/wp-json\/wp\/v2\/tags?post=6344"}],"curies":[{"name":"wp","href":"https:\/\/api.w.org\/{rel}","templated":true}]}}