{"id":63477,"date":"2024-03-28T09:28:41","date_gmt":"2024-03-28T12:28:41","guid":{"rendered":"https:\/\/blogopara.com.br\/?p=63477"},"modified":"2024-03-28T09:28:43","modified_gmt":"2024-03-28T12:28:43","slug":"prefeitura-de-juazeiro-divulga-o-resultado-dos-espetaculos-sacros-2024","status":"publish","type":"post","link":"https:\/\/blogopara.com.br\/index.php\/2024\/03\/28\/prefeitura-de-juazeiro-divulga-o-resultado-dos-espetaculos-sacros-2024","title":{"rendered":"Prefeitura de Juazeiro divulga o resultado dos Espet\u00e1culos Sacros 2024 \u00a0"},"content":{"rendered":"<p style=\"text-align: justify;\">\u00a0A Prefeitura de Juazeiro, atrav\u00e9s da Secretaria de Cultura, Turismo e Esportes (Seculte), divulgou no Di\u00e1rio Oficial do Munic\u00edpio (DOEM) desta ter\u00e7a-feira (26), o resultado dos contemplados para o edital de Espet\u00e1culos Sacros 2024. Os projetos aprovados ser\u00e3o apresentados na sede e no interior do munic\u00edpio.<\/p>\n<p>Ao todo, quatro grupos foram contemplados, sendo dois grupos de grande porte e dois de m\u00e9dio porte. As apresenta\u00e7\u00f5es dos Espet\u00e1culos Sacros, que acontecem durante o per\u00edodo da Semana Santa, re\u00fane teatro, m\u00fasica, dan\u00e7a e religiosidade.<\/p>\n<p>Confira a lista dos espet\u00e1culos selecionados<\/p>\n<p>Espet\u00e1culos Sacros de grande porte:<\/p>\n<p>01\u00ba Jesus de Nazar\u00e9 \/ Geovane dos Santos Oliveira<\/p>\n<p>02\u00ba Paix\u00e3o de Cristo \/ Carlos Dias dos Santos J\u00fanior<\/p>\n<p>Espet\u00e1culos Sacros de m\u00e9dio porte:<\/p>\n<p>01\u00ba Paix\u00e3o de Cristo espet\u00e1culo da f\u00e9 \/ Aislan \u00a0Cavalcante da Silva<\/p>\n<p>02\u00ba Cristo, um lado da cruz \u00e9 teu, o outro lado \u00e9 nosso \/ Anderson Cristiano da Cruz Silva<\/p>\n<p>Programa\u00e7\u00e3o<\/p>\n<p>DIAS 28 E 29 DE MAR\u00c7O<\/p>\n<p>Espet\u00e1culo: \u201cJesus de Nazar\u00e9\u201d<\/p>\n<p>Respons\u00e1vel: Geovane dos Santos<\/p>\n<p>Local: Itamotinga<\/p>\n<p>Hor\u00e1rio: 20h<\/p>\n<p>DIA 30 DE MAR\u00c7O<\/p>\n<p>Espet\u00e1culo: \u201cPaix\u00e3o de Cristo, o espet\u00e1culo da f\u00e9\u201d<\/p>\n<p>Respons\u00e1vel: Aislan C. da Silva<\/p>\n<p>Local: Pra\u00e7a Monsenhor Nestor (Alagadi\u00e7o)<\/p>\n<p>Hor\u00e1rio: 20h<\/p>\n<p>DIA 31 DE MAR\u00c7O<\/p>\n<p>Espet\u00e1culo: \u201cCristo, um lado da cruz \u00e9 teu, o outro lado \u00e9 nosso\u201d<\/p>\n<p>Respons\u00e1vel: Anderson Cristiano da Cruz Silva<\/p>\n<p>Local: Bara\u00fana das Caba\u00e7as<\/p>\n<p>Hor\u00e1rio: 19h30<\/p>\n","protected":false},"excerpt":{"rendered":"<p>\u00a0A Prefeitura de Juazeiro, atrav\u00e9s da Secretaria de Cultura, Turismo e Esportes (Seculte), divulgou no Di\u00e1rio Oficial do Munic\u00edpio (DOEM) desta ter\u00e7a-feira (26), o resultado dos contemplados para o edital de Espet\u00e1culos Sacros 2024. Os projetos aprovados ser\u00e3o apresentados na sede e no interior do munic\u00edpio. Ao todo, quatro grupos foram contemplados, sendo dois grupos [&hellip;]<\/p>\n","protected":false},"author":1,"featured_media":63478,"comment_status":"closed","ping_status":"open","sticky":false,"template":"","format":"standard","meta":{"_uag_custom_page_level_css":"","_monsterinsights_skip_tracking":false,"_monsterinsights_sitenote_active":false,"_monsterinsights_sitenote_note":"","_monsterinsights_sitenote_category":0,"jetpack_post_was_ever_published":false,"_jetpack_newsletter_access":"","_jetpack_dont_email_post_to_subs":false,"_jetpack_newsletter_tier_id":0,"_jetpack_memberships_contains_paywalled_content":false,"_jetpack_memberships_contains_paid_content":false,"footnotes":"","jetpack_publicize_message":"","jetpack_publicize_feature_enabled":true,"jetpack_social_post_already_shared":true,"jetpack_social_options":{"image_generator_settings":{"template":"highway","default_image_id":0,"font":"","enabled":false},"version":2}},"categories":[203],"tags":[],"class_list":["post-63477","post","type-post","status-publish","format-standard","has-post-thumbnail","hentry","category-juazeiro"],"jetpack_publicize_connections":[],"jetpack_featured_media_url":"https:\/\/blogopara.com.br\/wp-content\/uploads\/2024\/03\/Arquivo-imagem-1.jpeg","uagb_featured_image_src":{"full":["https:\/\/blogopara.com.br\/wp-content\/uploads\/2024\/03\/Arquivo-imagem-1.jpeg",500,333,false],"thumbnail":["https:\/\/blogopara.com.br\/wp-content\/uploads\/2024\/03\/Arquivo-imagem-1-150x150.jpeg",150,150,true],"medium":["https:\/\/blogopara.com.br\/wp-content\/uploads\/2024\/03\/Arquivo-imagem-1-300x200.jpeg",300,200,true],"medium_large":["https:\/\/blogopara.com.br\/wp-content\/uploads\/2024\/03\/Arquivo-imagem-1.jpeg",500,333,false],"large":["https:\/\/blogopara.com.br\/wp-content\/uploads\/2024\/03\/Arquivo-imagem-1.jpeg",500,333,false],"1536x1536":["https:\/\/blogopara.com.br\/wp-content\/uploads\/2024\/03\/Arquivo-imagem-1.jpeg",500,333,false],"2048x2048":["https:\/\/blogopara.com.br\/wp-content\/uploads\/2024\/03\/Arquivo-imagem-1.jpeg",500,333,false],"mantranews-slider-large":["https:\/\/blogopara.com.br\/wp-content\/uploads\/2024\/03\/Arquivo-imagem-1.jpeg",500,333,false],"mantranews-featured-medium":["https:\/\/blogopara.com.br\/wp-content\/uploads\/2024\/03\/Arquivo-imagem-1-420x307.jpeg",420,307,true],"mantranews-featured-long":["https:\/\/blogopara.com.br\/wp-content\/uploads\/2024\/03\/Arquivo-imagem-1-300x333.jpeg",300,333,true],"mantranews-block-medium":["https:\/\/blogopara.com.br\/wp-content\/uploads\/2024\/03\/Arquivo-imagem-1-464x290.jpeg",464,290,true],"mantranews-carousel-image":["https:\/\/blogopara.com.br\/wp-content\/uploads\/2024\/03\/Arquivo-imagem-1.jpeg",500,333,false],"mantranews-block-thumb":["https:\/\/blogopara.com.br\/wp-content\/uploads\/2024\/03\/Arquivo-imagem-1-322x230.jpeg",322,230,true],"mantranews-single-large":["https:\/\/blogopara.com.br\/wp-content\/uploads\/2024\/03\/Arquivo-imagem-1.jpeg",500,333,false]},"uagb_author_info":{"display_name":"Reda\u00e7\u00e3o geral","author_link":"https:\/\/blogopara.com.br\/index.php\/author\/blogopara"},"uagb_comment_info":0,"uagb_excerpt":"\u00a0A Prefeitura de Juazeiro, atrav\u00e9s da Secretaria de Cultura, Turismo e Esportes (Seculte), divulgou no Di\u00e1rio Oficial do Munic\u00edpio (DOEM) desta ter\u00e7a-feira (26), o resultado dos contemplados para o edital de Espet\u00e1culos Sacros 2024. Os projetos aprovados ser\u00e3o apresentados na sede e no interior do munic\u00edpio. Ao todo, quatro grupos foram contemplados, sendo dois grupos&hellip;","jetpack_sharing_enabled":true,"jetpack_likes_enabled":true,"_links":{"self":[{"href":"https:\/\/blogopara.com.br\/index.php\/wp-json\/wp\/v2\/posts\/63477","targetHints":{"allow":["GET"]}}],"collection":[{"href":"https:\/\/blogopara.com.br\/index.php\/wp-json\/wp\/v2\/posts"}],"about":[{"href":"https:\/\/blogopara.com.br\/index.php\/wp-json\/wp\/v2\/types\/post"}],"author":[{"embeddable":true,"href":"https:\/\/blogopara.com.br\/index.php\/wp-json\/wp\/v2\/users\/1"}],"replies":[{"embeddable":true,"href":"https:\/\/blogopara.com.br\/index.php\/wp-json\/wp\/v2\/comments?post=63477"}],"version-history":[{"count":1,"href":"https:\/\/blogopara.com.br\/index.php\/wp-json\/wp\/v2\/posts\/63477\/revisions"}],"predecessor-version":[{"id":63479,"href":"https:\/\/blogopara.com.br\/index.php\/wp-json\/wp\/v2\/posts\/63477\/revisions\/63479"}],"wp:featuredmedia":[{"embeddable":true,"href":"https:\/\/blogopara.com.br\/index.php\/wp-json\/wp\/v2\/media\/63478"}],"wp:attachment":[{"href":"https:\/\/blogopara.com.br\/index.php\/wp-json\/wp\/v2\/media?parent=63477"}],"wp:term":[{"taxonomy":"category","embeddable":true,"href":"https:\/\/blogopara.com.br\/index.php\/wp-json\/wp\/v2\/categories?post=63477"},{"taxonomy":"post_tag","embeddable":true,"href":"https:\/\/blogopara.com.br\/index.php\/wp-json\/wp\/v2\/tags?post=63477"}],"curies":[{"name":"wp","href":"https:\/\/api.w.org\/{rel}","templated":true}]}}