{"id":63480,"date":"2024-03-28T09:32:02","date_gmt":"2024-03-28T12:32:02","guid":{"rendered":"https:\/\/blogopara.com.br\/?p=63480"},"modified":"2024-03-28T09:32:05","modified_gmt":"2024-03-28T12:32:05","slug":"pre-candidato-em-casa-nova-anisio-viana-demonstra-forca-politica-e-anuncia-galdino-araujo-como-vice","status":"publish","type":"post","link":"https:\/\/blogopara.com.br\/index.php\/2024\/03\/28\/pre-candidato-em-casa-nova-anisio-viana-demonstra-forca-politica-e-anuncia-galdino-araujo-como-vice","title":{"rendered":"Pr\u00e9-candidato em Casa Nova, Anisio Viana demonstra for\u00e7a pol\u00edtica e anuncia Galdino Ara\u00fajo como vice"},"content":{"rendered":"<p style=\"text-align: justify;\">O pr\u00e9-candidato a prefeito de Casa Nova Anisio Viana (PSDB) demonstrou sua for\u00e7a pol\u00edtica atraindo a ades\u00e3o do empres\u00e1rio Galdino Ara\u00fajo (PSD), que tamb\u00e9m estava no cen\u00e1rio da oposi\u00e7\u00e3o como pr\u00e9-candidato. A uni\u00e3o definiu Galdino como vice na chapa encabe\u00e7ada por Anisio Viana e foi anunciada nesta quarta-feira (26) nas redes sociais dos pr\u00e9-candidatos, em v\u00eddeo que teve a participa\u00e7\u00e3o da lideran\u00e7a pol\u00edtica Joelma Granja, que coordenar\u00e1 a campanha.<\/p>\n<p style=\"text-align: justify;\">A ades\u00e3o de Galdino Ara\u00fajo ao grupo de Anisio Viana representa um marco significativo na pol\u00edtica local por fortalecer ainda mais a oposi\u00e7\u00e3o no munic\u00edpio.<\/p>\n<p style=\"text-align: justify;\">Anisio Viana acolheu o apoio com entusiasmo e destacou a import\u00e2ncia dessa uni\u00e3o para a constru\u00e7\u00e3o de um futuro melhor para a cidade. Juntos, eles pretendem somar for\u00e7as, experi\u00eancias e propostas para impulsionar o desenvolvimento social e econ\u00f4mico local.<\/p>\n<p style=\"text-align: justify;\">\u201cRepresento hoje um projeto de uma nova Casa Nova, e o \u00fanico caminho para o desenvolvimento da nossa cidade \u00e9 por meio da soma de for\u00e7as e compet\u00eancias. Vamos fazer a melhor administra\u00e7\u00e3o que o casa-novense j\u00e1 viu e queremos a participa\u00e7\u00e3o popular nesse processo da mudan\u00e7a e da reconstru\u00e7\u00e3o. Junto com o povo, vamos compartilhar sonhos e ideias para superar os desafios que hoje nosso munic\u00edpio enfrenta e que temos a capacidade de solucionar\u201d, destacou Viana.<\/p>\n<p style=\"text-align: justify;\">\u201cNosso projeto est\u00e1 alinhado porque queremos trabalhar muito e trazer solu\u00e7\u00f5es na sa\u00fade, infraestrutura, educa\u00e7\u00e3o, abastecimento, dar assist\u00eancia tamb\u00e9m ao interior. Estamos unidos porque representamos a mudan\u00e7a que precisa ser feita e que o povo tanto espera em Casa Nova\u201d, afirmou Galdino.<\/p>\n","protected":false},"excerpt":{"rendered":"<p>O pr\u00e9-candidato a prefeito de Casa Nova Anisio Viana (PSDB) demonstrou sua for\u00e7a pol\u00edtica atraindo a ades\u00e3o do empres\u00e1rio Galdino Ara\u00fajo (PSD), que tamb\u00e9m estava no cen\u00e1rio da oposi\u00e7\u00e3o como pr\u00e9-candidato. A uni\u00e3o definiu Galdino como vice na chapa encabe\u00e7ada por Anisio Viana e foi anunciada nesta quarta-feira (26) nas redes sociais dos pr\u00e9-candidatos, em [&hellip;]<\/p>\n","protected":false},"author":1,"featured_media":63481,"comment_status":"closed","ping_status":"open","sticky":false,"template":"","format":"standard","meta":{"_uag_custom_page_level_css":"","_monsterinsights_skip_tracking":false,"_monsterinsights_sitenote_active":false,"_monsterinsights_sitenote_note":"","_monsterinsights_sitenote_category":0,"jetpack_post_was_ever_published":false,"_jetpack_newsletter_access":"","_jetpack_dont_email_post_to_subs":false,"_jetpack_newsletter_tier_id":0,"_jetpack_memberships_contains_paywalled_content":false,"_jetpack_memberships_contains_paid_content":false,"footnotes":"","jetpack_publicize_message":"","jetpack_publicize_feature_enabled":true,"jetpack_social_post_already_shared":true,"jetpack_social_options":{"image_generator_settings":{"template":"highway","default_image_id":0,"font":"","enabled":false},"version":2}},"categories":[4197],"tags":[],"class_list":["post-63480","post","type-post","status-publish","format-standard","has-post-thumbnail","hentry","category-casa-nova"],"jetpack_publicize_connections":[],"jetpack_featured_media_url":"https:\/\/blogopara.com.br\/wp-content\/uploads\/2024\/03\/WhatsApp-Image-2024-03-28-at-8.33.01-AM.jpeg","uagb_featured_image_src":{"full":["https:\/\/blogopara.com.br\/wp-content\/uploads\/2024\/03\/WhatsApp-Image-2024-03-28-at-8.33.01-AM.jpeg",500,333,false],"thumbnail":["https:\/\/blogopara.com.br\/wp-content\/uploads\/2024\/03\/WhatsApp-Image-2024-03-28-at-8.33.01-AM-150x150.jpeg",150,150,true],"medium":["https:\/\/blogopara.com.br\/wp-content\/uploads\/2024\/03\/WhatsApp-Image-2024-03-28-at-8.33.01-AM-300x200.jpeg",300,200,true],"medium_large":["https:\/\/blogopara.com.br\/wp-content\/uploads\/2024\/03\/WhatsApp-Image-2024-03-28-at-8.33.01-AM.jpeg",500,333,false],"large":["https:\/\/blogopara.com.br\/wp-content\/uploads\/2024\/03\/WhatsApp-Image-2024-03-28-at-8.33.01-AM.jpeg",500,333,false],"1536x1536":["https:\/\/blogopara.com.br\/wp-content\/uploads\/2024\/03\/WhatsApp-Image-2024-03-28-at-8.33.01-AM.jpeg",500,333,false],"2048x2048":["https:\/\/blogopara.com.br\/wp-content\/uploads\/2024\/03\/WhatsApp-Image-2024-03-28-at-8.33.01-AM.jpeg",500,333,false],"mantranews-slider-large":["https:\/\/blogopara.com.br\/wp-content\/uploads\/2024\/03\/WhatsApp-Image-2024-03-28-at-8.33.01-AM.jpeg",500,333,false],"mantranews-featured-medium":["https:\/\/blogopara.com.br\/wp-content\/uploads\/2024\/03\/WhatsApp-Image-2024-03-28-at-8.33.01-AM-420x307.jpeg",420,307,true],"mantranews-featured-long":["https:\/\/blogopara.com.br\/wp-content\/uploads\/2024\/03\/WhatsApp-Image-2024-03-28-at-8.33.01-AM-300x333.jpeg",300,333,true],"mantranews-block-medium":["https:\/\/blogopara.com.br\/wp-content\/uploads\/2024\/03\/WhatsApp-Image-2024-03-28-at-8.33.01-AM-464x290.jpeg",464,290,true],"mantranews-carousel-image":["https:\/\/blogopara.com.br\/wp-content\/uploads\/2024\/03\/WhatsApp-Image-2024-03-28-at-8.33.01-AM.jpeg",500,333,false],"mantranews-block-thumb":["https:\/\/blogopara.com.br\/wp-content\/uploads\/2024\/03\/WhatsApp-Image-2024-03-28-at-8.33.01-AM-322x230.jpeg",322,230,true],"mantranews-single-large":["https:\/\/blogopara.com.br\/wp-content\/uploads\/2024\/03\/WhatsApp-Image-2024-03-28-at-8.33.01-AM.jpeg",500,333,false]},"uagb_author_info":{"display_name":"Reda\u00e7\u00e3o geral","author_link":"https:\/\/blogopara.com.br\/index.php\/author\/blogopara"},"uagb_comment_info":0,"uagb_excerpt":"O pr\u00e9-candidato a prefeito de Casa Nova Anisio Viana (PSDB) demonstrou sua for\u00e7a pol\u00edtica atraindo a ades\u00e3o do empres\u00e1rio Galdino Ara\u00fajo (PSD), que tamb\u00e9m estava no cen\u00e1rio da oposi\u00e7\u00e3o como pr\u00e9-candidato. A uni\u00e3o definiu Galdino como vice na chapa encabe\u00e7ada por Anisio Viana e foi anunciada nesta quarta-feira (26) nas redes sociais dos pr\u00e9-candidatos, em&hellip;","jetpack_sharing_enabled":true,"jetpack_likes_enabled":true,"_links":{"self":[{"href":"https:\/\/blogopara.com.br\/index.php\/wp-json\/wp\/v2\/posts\/63480","targetHints":{"allow":["GET"]}}],"collection":[{"href":"https:\/\/blogopara.com.br\/index.php\/wp-json\/wp\/v2\/posts"}],"about":[{"href":"https:\/\/blogopara.com.br\/index.php\/wp-json\/wp\/v2\/types\/post"}],"author":[{"embeddable":true,"href":"https:\/\/blogopara.com.br\/index.php\/wp-json\/wp\/v2\/users\/1"}],"replies":[{"embeddable":true,"href":"https:\/\/blogopara.com.br\/index.php\/wp-json\/wp\/v2\/comments?post=63480"}],"version-history":[{"count":1,"href":"https:\/\/blogopara.com.br\/index.php\/wp-json\/wp\/v2\/posts\/63480\/revisions"}],"predecessor-version":[{"id":63482,"href":"https:\/\/blogopara.com.br\/index.php\/wp-json\/wp\/v2\/posts\/63480\/revisions\/63482"}],"wp:featuredmedia":[{"embeddable":true,"href":"https:\/\/blogopara.com.br\/index.php\/wp-json\/wp\/v2\/media\/63481"}],"wp:attachment":[{"href":"https:\/\/blogopara.com.br\/index.php\/wp-json\/wp\/v2\/media?parent=63480"}],"wp:term":[{"taxonomy":"category","embeddable":true,"href":"https:\/\/blogopara.com.br\/index.php\/wp-json\/wp\/v2\/categories?post=63480"},{"taxonomy":"post_tag","embeddable":true,"href":"https:\/\/blogopara.com.br\/index.php\/wp-json\/wp\/v2\/tags?post=63480"}],"curies":[{"name":"wp","href":"https:\/\/api.w.org\/{rel}","templated":true}]}}