{"id":63492,"date":"2024-03-28T13:13:56","date_gmt":"2024-03-28T16:13:56","guid":{"rendered":"https:\/\/blogopara.com.br\/?p=63492"},"modified":"2024-03-28T13:13:59","modified_gmt":"2024-03-28T16:13:59","slug":"desemprego-sobe-pelo-segundo-mes-seguido-e-atinge-85-milhoes-de-brasileiros-em-fevereiro","status":"publish","type":"post","link":"https:\/\/blogopara.com.br\/index.php\/2024\/03\/28\/desemprego-sobe-pelo-segundo-mes-seguido-e-atinge-85-milhoes-de-brasileiros-em-fevereiro","title":{"rendered":"Desemprego sobe pelo segundo m\u00eas seguido e atinge 8,5 milh\u00f5es de brasileiros em fevereiro"},"content":{"rendered":"<p style=\"text-align: justify;\">A taxa de desemprego no Brasil subiu pelo segundo m\u00eas seguido e chegou a 7,8% no trimestre encerrado em fevereiro. Os dados s\u00e3o da Pnad Cont\u00ednua (Pesquisa Nacional por Amostra de Domic\u00edlios), divulgada nesta quinta-feira (28) pelo IBGE (Instituto Brasileiro de Geografia e Estat\u00edstica).<\/p>\n<p style=\"text-align: justify;\">A pesquisa mostra que 8,5 milh\u00f5es de brasileiros n\u00e3o ocupam uma vaga de trabalho.<\/p>\n<p style=\"text-align: justify;\">Segundo o IBGE, a quantidade de pessoas desempregadas teve uma alta de 4,1% na compara\u00e7\u00e3o trimestral, o que equivale a mais 332 mil pessoas buscando uma ocupa\u00e7\u00e3o.<\/p>\n<p style=\"text-align: justify;\">Mesmo crescendo, o n\u00famero de desocupados ainda ficou 7,5% abaixo do registrado no mesmo trimestre m\u00f3vel de 2023 (9,2 milh\u00f5es de pessoas).<\/p>\n<p style=\"text-align: justify;\">A massa de empregados com carteira de trabalho no setor privado chegou a 38 milh\u00f5es, sem varia\u00e7\u00e3o significativa na compara\u00e7\u00e3o trimestral. Esse n\u00famero inclui os trabalhadores dom\u00e9sticos.<\/p>\n<p style=\"text-align: justify;\">Segundo Adriana Beringuy, coordenadora de Pesquisas Domiciliares do IBGE, as categorias em que ocorreram as dispensas \u201ct\u00eam predom\u00ednio de trabalhadores informais. Isso ajudou a manter est\u00e1vel o contingente de empregados com carteira assinada\u201d.<\/p>\n<p style=\"text-align: justify;\">J\u00e1 o n\u00famero de empregados sem carteira no setor privado (13,29 milh\u00f5es) ficou est\u00e1vel no trimestre. Em rela\u00e7\u00e3o ao mesmo trimestre do ano anterior, houve um crescimento de 2,6%.<\/p>\n<p style=\"text-align: justify;\">Sal\u00e1rio m\u00e9dio do brasileiro<\/p>\n<p style=\"text-align: justify;\">Os brasileiros empregados recebem, em m\u00e9dia, R$ 3.110 \u2014 uma alta de 1,1% no trimestre e de 4,3% na compara\u00e7\u00e3o anual. O valor \u00e9 o maior desde o trimestre encerrado em novembro de 2020.<\/p>\n<p style=\"text-align: justify;\">A analista acredita que as atividades que envolvem os profissionais do setor de alojamento e alimenta\u00e7\u00e3o ficaram aquecidas nos meses de dezembro a fevereiro, \u201cmesmo para os trabalhadores informais do setor, contribuindo para essa alta da renda\u201d.<\/p>\n<p style=\"text-align: justify;\">A massa de rendimento mensal real totalizou R$ 307,2 bilh\u00f5es em fevereiro de 2024, um novo recorde para a s\u00e9rie hist\u00f3rica iniciada em 2012. O n\u00famero cresceu 6,7% quando comparado com o ano anterior.<\/p>\n","protected":false},"excerpt":{"rendered":"<p>A taxa de desemprego no Brasil subiu pelo segundo m\u00eas seguido e chegou a 7,8% no trimestre encerrado em fevereiro. Os dados s\u00e3o da Pnad Cont\u00ednua (Pesquisa Nacional por Amostra de Domic\u00edlios), divulgada nesta quinta-feira (28) pelo IBGE (Instituto Brasileiro de Geografia e Estat\u00edstica). A pesquisa mostra que 8,5 milh\u00f5es de brasileiros n\u00e3o ocupam uma [&hellip;]<\/p>\n","protected":false},"author":1,"featured_media":18370,"comment_status":"closed","ping_status":"open","sticky":false,"template":"","format":"standard","meta":{"_uag_custom_page_level_css":"","_monsterinsights_skip_tracking":false,"_monsterinsights_sitenote_active":false,"_monsterinsights_sitenote_note":"","_monsterinsights_sitenote_category":0,"jetpack_post_was_ever_published":false,"_jetpack_newsletter_access":"","_jetpack_dont_email_post_to_subs":false,"_jetpack_newsletter_tier_id":0,"_jetpack_memberships_contains_paywalled_content":false,"_jetpack_memberships_contains_paid_content":false,"footnotes":"","jetpack_publicize_message":"","jetpack_publicize_feature_enabled":true,"jetpack_social_post_already_shared":true,"jetpack_social_options":{"image_generator_settings":{"template":"highway","default_image_id":0,"font":"","enabled":false},"version":2}},"categories":[200],"tags":[1179,24],"class_list":["post-63492","post","type-post","status-publish","format-standard","has-post-thumbnail","hentry","category-brasil","tag-crise","tag-economia"],"jetpack_publicize_connections":[],"jetpack_featured_media_url":"https:\/\/blogopara.com.br\/wp-content\/uploads\/2021\/01\/carteira-de-trabalho-desemprego.jpg","uagb_featured_image_src":{"full":["https:\/\/blogopara.com.br\/wp-content\/uploads\/2021\/01\/carteira-de-trabalho-desemprego.jpg",500,354,false],"thumbnail":["https:\/\/blogopara.com.br\/wp-content\/uploads\/2021\/01\/carteira-de-trabalho-desemprego-150x150.jpg",150,150,true],"medium":["https:\/\/blogopara.com.br\/wp-content\/uploads\/2021\/01\/carteira-de-trabalho-desemprego-300x212.jpg",300,212,true],"medium_large":["https:\/\/blogopara.com.br\/wp-content\/uploads\/2021\/01\/carteira-de-trabalho-desemprego.jpg",500,354,false],"large":["https:\/\/blogopara.com.br\/wp-content\/uploads\/2021\/01\/carteira-de-trabalho-desemprego.jpg",500,354,false],"1536x1536":["https:\/\/blogopara.com.br\/wp-content\/uploads\/2021\/01\/carteira-de-trabalho-desemprego.jpg",500,354,false],"2048x2048":["https:\/\/blogopara.com.br\/wp-content\/uploads\/2021\/01\/carteira-de-trabalho-desemprego.jpg",500,354,false],"mantranews-slider-large":["https:\/\/blogopara.com.br\/wp-content\/uploads\/2021\/01\/carteira-de-trabalho-desemprego.jpg",500,354,false],"mantranews-featured-medium":["https:\/\/blogopara.com.br\/wp-content\/uploads\/2021\/01\/carteira-de-trabalho-desemprego-420x307.jpg",420,307,true],"mantranews-featured-long":["https:\/\/blogopara.com.br\/wp-content\/uploads\/2021\/01\/carteira-de-trabalho-desemprego-300x354.jpg",300,354,true],"mantranews-block-medium":["https:\/\/blogopara.com.br\/wp-content\/uploads\/2021\/01\/carteira-de-trabalho-desemprego-464x290.jpg",464,290,true],"mantranews-carousel-image":["https:\/\/blogopara.com.br\/wp-content\/uploads\/2021\/01\/carteira-de-trabalho-desemprego.jpg",500,354,false],"mantranews-block-thumb":["https:\/\/blogopara.com.br\/wp-content\/uploads\/2021\/01\/carteira-de-trabalho-desemprego-322x230.jpg",322,230,true],"mantranews-single-large":["https:\/\/blogopara.com.br\/wp-content\/uploads\/2021\/01\/carteira-de-trabalho-desemprego.jpg",500,354,false]},"uagb_author_info":{"display_name":"Reda\u00e7\u00e3o geral","author_link":"https:\/\/blogopara.com.br\/index.php\/author\/blogopara"},"uagb_comment_info":0,"uagb_excerpt":"A taxa de desemprego no Brasil subiu pelo segundo m\u00eas seguido e chegou a 7,8% no trimestre encerrado em fevereiro. Os dados s\u00e3o da Pnad Cont\u00ednua (Pesquisa Nacional por Amostra de Domic\u00edlios), divulgada nesta quinta-feira (28) pelo IBGE (Instituto Brasileiro de Geografia e Estat\u00edstica). A pesquisa mostra que 8,5 milh\u00f5es de brasileiros n\u00e3o ocupam uma&hellip;","jetpack_sharing_enabled":true,"jetpack_likes_enabled":true,"_links":{"self":[{"href":"https:\/\/blogopara.com.br\/index.php\/wp-json\/wp\/v2\/posts\/63492","targetHints":{"allow":["GET"]}}],"collection":[{"href":"https:\/\/blogopara.com.br\/index.php\/wp-json\/wp\/v2\/posts"}],"about":[{"href":"https:\/\/blogopara.com.br\/index.php\/wp-json\/wp\/v2\/types\/post"}],"author":[{"embeddable":true,"href":"https:\/\/blogopara.com.br\/index.php\/wp-json\/wp\/v2\/users\/1"}],"replies":[{"embeddable":true,"href":"https:\/\/blogopara.com.br\/index.php\/wp-json\/wp\/v2\/comments?post=63492"}],"version-history":[{"count":1,"href":"https:\/\/blogopara.com.br\/index.php\/wp-json\/wp\/v2\/posts\/63492\/revisions"}],"predecessor-version":[{"id":63493,"href":"https:\/\/blogopara.com.br\/index.php\/wp-json\/wp\/v2\/posts\/63492\/revisions\/63493"}],"wp:featuredmedia":[{"embeddable":true,"href":"https:\/\/blogopara.com.br\/index.php\/wp-json\/wp\/v2\/media\/18370"}],"wp:attachment":[{"href":"https:\/\/blogopara.com.br\/index.php\/wp-json\/wp\/v2\/media?parent=63492"}],"wp:term":[{"taxonomy":"category","embeddable":true,"href":"https:\/\/blogopara.com.br\/index.php\/wp-json\/wp\/v2\/categories?post=63492"},{"taxonomy":"post_tag","embeddable":true,"href":"https:\/\/blogopara.com.br\/index.php\/wp-json\/wp\/v2\/tags?post=63492"}],"curies":[{"name":"wp","href":"https:\/\/api.w.org\/{rel}","templated":true}]}}