{"id":63517,"date":"2024-03-29T09:51:56","date_gmt":"2024-03-29T12:51:56","guid":{"rendered":"https:\/\/blogopara.com.br\/?p=63517"},"modified":"2024-03-29T09:51:59","modified_gmt":"2024-03-29T12:51:59","slug":"cultura-e-fe-marcam-a-apresentacao-da-via-sacra-em-itamotinga-nesta-quinta-feira-28","status":"publish","type":"post","link":"https:\/\/blogopara.com.br\/index.php\/2024\/03\/29\/cultura-e-fe-marcam-a-apresentacao-da-via-sacra-em-itamotinga-nesta-quinta-feira-28","title":{"rendered":"Cultura e f\u00e9 marcam a apresenta\u00e7\u00e3o da Via Sacra em Itamotinga nesta quinta-feira (28)"},"content":{"rendered":"<p style=\"text-align: justify;\">Momentos de emo\u00e7\u00e3o, cultura e muita f\u00e9 marcam as apresenta\u00e7\u00f5es da Via Sacra na sede e no interior de Juazeiro. Os espet\u00e1culos foram contemplados atrav\u00e9s do edital da Prefeitura de Juazeiro, por meio da Secretaria de Cultura, Turismo e Esporte (Seculte). Desde a \u00faltima ter\u00e7a-feira (27), os grupos se apresentam, levando uma mensagem de f\u00e9 e reflex\u00e3o. Nesta quinta-feira (28), a encena\u00e7\u00e3o foi no distrito de Itamotinga.<\/p>\n<p>&#8220;\u00c9 bonito contemplar as apresenta\u00e7\u00f5es dos espet\u00e1culos. Cada grupo com sua caracter\u00edstica de encena\u00e7\u00e3o e cen\u00e1rios que encantam o p\u00fablico pela veracidade da hist\u00f3ria. Quero agradecer o total apoio da prefeita Suzana Ramos no fomento dos editais que fortalecem e refor\u00e7am a veia art\u00edstica e cultural de Juazeiro&#8221;, destacou o coordenador de Projetos Culturais da Seculte, Edvaldo Franciolli.<\/p>\n<p>No distrito de Itamotinga, o grupo da Associa\u00e7\u00e3o Comunit\u00e1ria Cultural Art\u00edstica (ACCARDI) emocionou o p\u00fablico com o espet\u00e1culo com o t\u00edtulo \u2018Jesus de Nazar\u00e9&#8217;. Quem prestigiou o evento, aprovou a encena\u00e7\u00e3o. &#8220;\u00c9 sempre bom a gente ver um espet\u00e1culo que retrata o sacrif\u00edcio de Cristo pela humanidade. Serve para a gente refletir sobre nossas a\u00e7\u00f5es&#8221; disse a dona de casa, Maria C\u00e2ndido.<\/p>\n<p>Mais apresenta\u00e7\u00f5es<\/p>\n<p>Ainda haver\u00e1 mais apresenta\u00e7\u00f5es at\u00e9 o final da Semana Santa. Nesta Sexta-feira (29) haver\u00e1 a segunda noite de apresenta\u00e7\u00e3o do espet\u00e1culo &#8220;Jesus de Nazar\u00e9&#8221;, em Itamotinga. No S\u00e1bado de Aleluia (30), haver\u00e1 a encena\u00e7\u00e3o &#8220;Paix\u00e3o de Cristo, o espet\u00e1culo da f\u00e9&#8221;, no bairro Alagadi\u00e7o. No Domingo de P\u00e1scoa (31) ser\u00e1 a vez da encena\u00e7\u00e3o &#8220;Cristo, um lado da cruz \u00e9 teu, o outro lado \u00e9 nosso&#8221;, em Bara\u00fana das Caba\u00e7as.<\/p>\n<p>Texto: Maiara Santos-Ascom Seculte\/PMJjetos culturais<\/p>\n<p style=\"text-align: justify;\">Fotos: Marcel Cordeiro\/ PMJ<\/p>\n","protected":false},"excerpt":{"rendered":"<p>Momentos de emo\u00e7\u00e3o, cultura e muita f\u00e9 marcam as apresenta\u00e7\u00f5es da Via Sacra na sede e no interior de Juazeiro. Os espet\u00e1culos foram contemplados atrav\u00e9s do edital da Prefeitura de Juazeiro, por meio da Secretaria de Cultura, Turismo e Esporte (Seculte). Desde a \u00faltima ter\u00e7a-feira (27), os grupos se apresentam, levando uma mensagem de f\u00e9 [&hellip;]<\/p>\n","protected":false},"author":1,"featured_media":63518,"comment_status":"closed","ping_status":"open","sticky":false,"template":"","format":"standard","meta":{"_uag_custom_page_level_css":"","_monsterinsights_skip_tracking":false,"_monsterinsights_sitenote_active":false,"_monsterinsights_sitenote_note":"","_monsterinsights_sitenote_category":0,"jetpack_post_was_ever_published":false,"_jetpack_newsletter_access":"","_jetpack_dont_email_post_to_subs":false,"_jetpack_newsletter_tier_id":0,"_jetpack_memberships_contains_paywalled_content":false,"_jetpack_memberships_contains_paid_content":false,"footnotes":"","jetpack_publicize_message":"","jetpack_publicize_feature_enabled":true,"jetpack_social_post_already_shared":true,"jetpack_social_options":{"image_generator_settings":{"template":"highway","default_image_id":0,"font":"","enabled":false},"version":2}},"categories":[203],"tags":[],"class_list":["post-63517","post","type-post","status-publish","format-standard","has-post-thumbnail","hentry","category-juazeiro"],"jetpack_publicize_connections":[],"jetpack_featured_media_url":"https:\/\/blogopara.com.br\/wp-content\/uploads\/2024\/03\/thumbnail_Arquivo-imagem-8.jpg","uagb_featured_image_src":{"full":["https:\/\/blogopara.com.br\/wp-content\/uploads\/2024\/03\/thumbnail_Arquivo-imagem-8.jpg",500,333,false],"thumbnail":["https:\/\/blogopara.com.br\/wp-content\/uploads\/2024\/03\/thumbnail_Arquivo-imagem-8-150x150.jpg",150,150,true],"medium":["https:\/\/blogopara.com.br\/wp-content\/uploads\/2024\/03\/thumbnail_Arquivo-imagem-8-300x200.jpg",300,200,true],"medium_large":["https:\/\/blogopara.com.br\/wp-content\/uploads\/2024\/03\/thumbnail_Arquivo-imagem-8.jpg",500,333,false],"large":["https:\/\/blogopara.com.br\/wp-content\/uploads\/2024\/03\/thumbnail_Arquivo-imagem-8.jpg",500,333,false],"1536x1536":["https:\/\/blogopara.com.br\/wp-content\/uploads\/2024\/03\/thumbnail_Arquivo-imagem-8.jpg",500,333,false],"2048x2048":["https:\/\/blogopara.com.br\/wp-content\/uploads\/2024\/03\/thumbnail_Arquivo-imagem-8.jpg",500,333,false],"mantranews-slider-large":["https:\/\/blogopara.com.br\/wp-content\/uploads\/2024\/03\/thumbnail_Arquivo-imagem-8.jpg",500,333,false],"mantranews-featured-medium":["https:\/\/blogopara.com.br\/wp-content\/uploads\/2024\/03\/thumbnail_Arquivo-imagem-8-420x307.jpg",420,307,true],"mantranews-featured-long":["https:\/\/blogopara.com.br\/wp-content\/uploads\/2024\/03\/thumbnail_Arquivo-imagem-8-300x333.jpg",300,333,true],"mantranews-block-medium":["https:\/\/blogopara.com.br\/wp-content\/uploads\/2024\/03\/thumbnail_Arquivo-imagem-8-464x290.jpg",464,290,true],"mantranews-carousel-image":["https:\/\/blogopara.com.br\/wp-content\/uploads\/2024\/03\/thumbnail_Arquivo-imagem-8.jpg",500,333,false],"mantranews-block-thumb":["https:\/\/blogopara.com.br\/wp-content\/uploads\/2024\/03\/thumbnail_Arquivo-imagem-8-322x230.jpg",322,230,true],"mantranews-single-large":["https:\/\/blogopara.com.br\/wp-content\/uploads\/2024\/03\/thumbnail_Arquivo-imagem-8.jpg",500,333,false]},"uagb_author_info":{"display_name":"Reda\u00e7\u00e3o geral","author_link":"https:\/\/blogopara.com.br\/index.php\/author\/blogopara"},"uagb_comment_info":0,"uagb_excerpt":"Momentos de emo\u00e7\u00e3o, cultura e muita f\u00e9 marcam as apresenta\u00e7\u00f5es da Via Sacra na sede e no interior de Juazeiro. Os espet\u00e1culos foram contemplados atrav\u00e9s do edital da Prefeitura de Juazeiro, por meio da Secretaria de Cultura, Turismo e Esporte (Seculte). Desde a \u00faltima ter\u00e7a-feira (27), os grupos se apresentam, levando uma mensagem de f\u00e9&hellip;","jetpack_sharing_enabled":true,"jetpack_likes_enabled":true,"_links":{"self":[{"href":"https:\/\/blogopara.com.br\/index.php\/wp-json\/wp\/v2\/posts\/63517","targetHints":{"allow":["GET"]}}],"collection":[{"href":"https:\/\/blogopara.com.br\/index.php\/wp-json\/wp\/v2\/posts"}],"about":[{"href":"https:\/\/blogopara.com.br\/index.php\/wp-json\/wp\/v2\/types\/post"}],"author":[{"embeddable":true,"href":"https:\/\/blogopara.com.br\/index.php\/wp-json\/wp\/v2\/users\/1"}],"replies":[{"embeddable":true,"href":"https:\/\/blogopara.com.br\/index.php\/wp-json\/wp\/v2\/comments?post=63517"}],"version-history":[{"count":1,"href":"https:\/\/blogopara.com.br\/index.php\/wp-json\/wp\/v2\/posts\/63517\/revisions"}],"predecessor-version":[{"id":63519,"href":"https:\/\/blogopara.com.br\/index.php\/wp-json\/wp\/v2\/posts\/63517\/revisions\/63519"}],"wp:featuredmedia":[{"embeddable":true,"href":"https:\/\/blogopara.com.br\/index.php\/wp-json\/wp\/v2\/media\/63518"}],"wp:attachment":[{"href":"https:\/\/blogopara.com.br\/index.php\/wp-json\/wp\/v2\/media?parent=63517"}],"wp:term":[{"taxonomy":"category","embeddable":true,"href":"https:\/\/blogopara.com.br\/index.php\/wp-json\/wp\/v2\/categories?post=63517"},{"taxonomy":"post_tag","embeddable":true,"href":"https:\/\/blogopara.com.br\/index.php\/wp-json\/wp\/v2\/tags?post=63517"}],"curies":[{"name":"wp","href":"https:\/\/api.w.org\/{rel}","templated":true}]}}