{"id":63525,"date":"2024-03-29T10:12:59","date_gmt":"2024-03-29T13:12:59","guid":{"rendered":"https:\/\/blogopara.com.br\/?p=63525"},"modified":"2024-03-29T10:13:02","modified_gmt":"2024-03-29T13:13:02","slug":"casos-de-sindrome-respiratoria-aguda-grave-sobem-no-pais","status":"publish","type":"post","link":"https:\/\/blogopara.com.br\/index.php\/2024\/03\/29\/casos-de-sindrome-respiratoria-aguda-grave-sobem-no-pais","title":{"rendered":"Casos de s\u00edndrome respirat\u00f3ria aguda grave sobem no pa\u00eds"},"content":{"rendered":"<p style=\"text-align: justify;\">O boletim InfoGripe da Funda\u00e7\u00e3o Oswaldo Cruz (Fiocruz) divulgado nesta quinta-feira (28) aponta que os casos de S\u00edndrome Respirat\u00f3ria Aguda Grave (SRAG) aumentaram em crian\u00e7as, jovens e adultos em todo o pa\u00eds. O quadro \u00e9 decorrente do crescimento, em diversos estados, de diferentes v\u00edrus respirat\u00f3rios como influenza (gripe), v\u00edrus sincicial respirat\u00f3rio (VSR) e rinov\u00edrus.<\/p>\n<p style=\"text-align: justify;\">\nO boletim indica tamb\u00e9m uma tend\u00eancia de queda de casos de SRAG na popula\u00e7\u00e3o a partir dos 50 anos de idade, devido \u00e0 diminui\u00e7\u00e3o dos casos de Covid-19 nas regi\u00f5es Centro-Oeste e Sudeste, e tamb\u00e9m de redu\u00e7\u00e3o dos casos na regi\u00e3o Sul. As informa\u00e7\u00f5es s\u00e3o da Ag\u00eancia Brasil.<\/p>\n<p style=\"text-align: justify;\">\nDe acordo com o coordenador do InfoGripe, Marcelo Gomes essa conjuntura mascara o crescimento dos casos de SRAG pelos demais v\u00edrus respirat\u00f3rios nessas faixas et\u00e1rias, especialmente aqueles associados ao v\u00edrus influenza A. \u201cEsse cen\u00e1rio \u00e9 fundamentalmente igual ao da semana passada. Manuten\u00e7\u00e3o de queda nas interna\u00e7\u00f5es associadas \u00e0 Covid-19 no Centro-sul, contrastando com o aumento de VSR e rinov\u00edrus em praticamente todo o pa\u00eds (incluindo o Centro-sul) e influenza A no Norte, Nordeste, Sudeste e Sul\u201d, explicou.<\/p>\n<p style=\"text-align: justify;\">Nas cidades de S\u00e3o Paulo e Rio de Janeiro, quando se estuda o total de novas interna\u00e7\u00f5es por SRAG, sem a an\u00e1lise por faixa et\u00e1ria, observa-se cen\u00e1rio de estabilidade. Gomes avalia que, na verdade, esse quadro decorre da queda na Covid-19, camuflando o aumento nas interna\u00e7\u00f5es pelos demais v\u00edrus respirat\u00f3rios.<\/p>\n","protected":false},"excerpt":{"rendered":"<p>O boletim InfoGripe da Funda\u00e7\u00e3o Oswaldo Cruz (Fiocruz) divulgado nesta quinta-feira (28) aponta que os casos de S\u00edndrome Respirat\u00f3ria Aguda Grave (SRAG) aumentaram em crian\u00e7as, jovens e adultos em todo o pa\u00eds. O quadro \u00e9 decorrente do crescimento, em diversos estados, de diferentes v\u00edrus respirat\u00f3rios como influenza (gripe), v\u00edrus sincicial respirat\u00f3rio (VSR) e rinov\u00edrus. O [&hellip;]<\/p>\n","protected":false},"author":1,"featured_media":63527,"comment_status":"closed","ping_status":"open","sticky":false,"template":"","format":"standard","meta":{"_uag_custom_page_level_css":"","_monsterinsights_skip_tracking":false,"_monsterinsights_sitenote_active":false,"_monsterinsights_sitenote_note":"","_monsterinsights_sitenote_category":0,"jetpack_post_was_ever_published":false,"_jetpack_newsletter_access":"","_jetpack_dont_email_post_to_subs":false,"_jetpack_newsletter_tier_id":0,"_jetpack_memberships_contains_paywalled_content":false,"_jetpack_memberships_contains_paid_content":false,"footnotes":"","jetpack_publicize_message":"","jetpack_publicize_feature_enabled":true,"jetpack_social_post_already_shared":true,"jetpack_social_options":{"image_generator_settings":{"template":"highway","default_image_id":0,"font":"","enabled":false},"version":2}},"categories":[200],"tags":[2706,815,20],"class_list":["post-63525","post","type-post","status-publish","format-standard","has-post-thumbnail","hentry","category-brasil","tag-saude","tag-saude-publica","tag-sus"],"jetpack_publicize_connections":[],"jetpack_featured_media_url":"https:\/\/blogopara.com.br\/wp-content\/uploads\/2024\/03\/image_processing20220518-2501-izodqs.jpeg","uagb_featured_image_src":{"full":["https:\/\/blogopara.com.br\/wp-content\/uploads\/2024\/03\/image_processing20220518-2501-izodqs.jpeg",500,314,false],"thumbnail":["https:\/\/blogopara.com.br\/wp-content\/uploads\/2024\/03\/image_processing20220518-2501-izodqs-150x150.jpeg",150,150,true],"medium":["https:\/\/blogopara.com.br\/wp-content\/uploads\/2024\/03\/image_processing20220518-2501-izodqs-300x188.jpeg",300,188,true],"medium_large":["https:\/\/blogopara.com.br\/wp-content\/uploads\/2024\/03\/image_processing20220518-2501-izodqs.jpeg",500,314,false],"large":["https:\/\/blogopara.com.br\/wp-content\/uploads\/2024\/03\/image_processing20220518-2501-izodqs.jpeg",500,314,false],"1536x1536":["https:\/\/blogopara.com.br\/wp-content\/uploads\/2024\/03\/image_processing20220518-2501-izodqs.jpeg",500,314,false],"2048x2048":["https:\/\/blogopara.com.br\/wp-content\/uploads\/2024\/03\/image_processing20220518-2501-izodqs.jpeg",500,314,false],"mantranews-slider-large":["https:\/\/blogopara.com.br\/wp-content\/uploads\/2024\/03\/image_processing20220518-2501-izodqs.jpeg",500,314,false],"mantranews-featured-medium":["https:\/\/blogopara.com.br\/wp-content\/uploads\/2024\/03\/image_processing20220518-2501-izodqs-420x307.jpeg",420,307,true],"mantranews-featured-long":["https:\/\/blogopara.com.br\/wp-content\/uploads\/2024\/03\/image_processing20220518-2501-izodqs-300x314.jpeg",300,314,true],"mantranews-block-medium":["https:\/\/blogopara.com.br\/wp-content\/uploads\/2024\/03\/image_processing20220518-2501-izodqs-464x290.jpeg",464,290,true],"mantranews-carousel-image":["https:\/\/blogopara.com.br\/wp-content\/uploads\/2024\/03\/image_processing20220518-2501-izodqs.jpeg",500,314,false],"mantranews-block-thumb":["https:\/\/blogopara.com.br\/wp-content\/uploads\/2024\/03\/image_processing20220518-2501-izodqs-322x230.jpeg",322,230,true],"mantranews-single-large":["https:\/\/blogopara.com.br\/wp-content\/uploads\/2024\/03\/image_processing20220518-2501-izodqs.jpeg",500,314,false]},"uagb_author_info":{"display_name":"Reda\u00e7\u00e3o geral","author_link":"https:\/\/blogopara.com.br\/index.php\/author\/blogopara"},"uagb_comment_info":0,"uagb_excerpt":"O boletim InfoGripe da Funda\u00e7\u00e3o Oswaldo Cruz (Fiocruz) divulgado nesta quinta-feira (28) aponta que os casos de S\u00edndrome Respirat\u00f3ria Aguda Grave (SRAG) aumentaram em crian\u00e7as, jovens e adultos em todo o pa\u00eds. O quadro \u00e9 decorrente do crescimento, em diversos estados, de diferentes v\u00edrus respirat\u00f3rios como influenza (gripe), v\u00edrus sincicial respirat\u00f3rio (VSR) e rinov\u00edrus. O&hellip;","jetpack_sharing_enabled":true,"jetpack_likes_enabled":true,"_links":{"self":[{"href":"https:\/\/blogopara.com.br\/index.php\/wp-json\/wp\/v2\/posts\/63525","targetHints":{"allow":["GET"]}}],"collection":[{"href":"https:\/\/blogopara.com.br\/index.php\/wp-json\/wp\/v2\/posts"}],"about":[{"href":"https:\/\/blogopara.com.br\/index.php\/wp-json\/wp\/v2\/types\/post"}],"author":[{"embeddable":true,"href":"https:\/\/blogopara.com.br\/index.php\/wp-json\/wp\/v2\/users\/1"}],"replies":[{"embeddable":true,"href":"https:\/\/blogopara.com.br\/index.php\/wp-json\/wp\/v2\/comments?post=63525"}],"version-history":[{"count":1,"href":"https:\/\/blogopara.com.br\/index.php\/wp-json\/wp\/v2\/posts\/63525\/revisions"}],"predecessor-version":[{"id":63528,"href":"https:\/\/blogopara.com.br\/index.php\/wp-json\/wp\/v2\/posts\/63525\/revisions\/63528"}],"wp:featuredmedia":[{"embeddable":true,"href":"https:\/\/blogopara.com.br\/index.php\/wp-json\/wp\/v2\/media\/63527"}],"wp:attachment":[{"href":"https:\/\/blogopara.com.br\/index.php\/wp-json\/wp\/v2\/media?parent=63525"}],"wp:term":[{"taxonomy":"category","embeddable":true,"href":"https:\/\/blogopara.com.br\/index.php\/wp-json\/wp\/v2\/categories?post=63525"},{"taxonomy":"post_tag","embeddable":true,"href":"https:\/\/blogopara.com.br\/index.php\/wp-json\/wp\/v2\/tags?post=63525"}],"curies":[{"name":"wp","href":"https:\/\/api.w.org\/{rel}","templated":true}]}}