{"id":63529,"date":"2024-03-29T12:15:00","date_gmt":"2024-03-29T15:15:00","guid":{"rendered":"https:\/\/blogopara.com.br\/?p=63529"},"modified":"2024-03-29T10:16:53","modified_gmt":"2024-03-29T13:16:53","slug":"mais-de-5-mil-pessoas-devem-passar-pelo-aeroporto-de-petrolina-pe-durante-a-semana-santa","status":"publish","type":"post","link":"https:\/\/blogopara.com.br\/index.php\/2024\/03\/29\/mais-de-5-mil-pessoas-devem-passar-pelo-aeroporto-de-petrolina-pe-durante-a-semana-santa","title":{"rendered":"Mais de 5 mil pessoas devem passar pelo Aeroporto de Petrolina (PE) durante a Semana Santa"},"content":{"rendered":"<p style=\"text-align: justify;\">Seja para visitar a fam\u00edlia, amigos ou conhecer novos lugares, milh\u00f5es de brasileiros aproveitam o per\u00edodo da P\u00e1scoa para viajar. Muitos deles escolhem viajar de avi\u00e3o, impulsionando a quantidade de embarques e desembarques nos aeroportos do pa\u00eds. No Aeroporto de Petrolina (PNZ), a CCR Aeroportos, concession\u00e1ria que administra o terminal, prev\u00ea um movimento acima da m\u00e9dia no per\u00edodo.<\/p>\n<p style=\"text-align: justify;\">A estimativa \u00e9 que mais de 5 mil passageiros utilizem o aeroporto entre os dias 28 e 31 de mar\u00e7o, 14% maior que a Semana Santa 2023. Neste per\u00edodo, que vai desde a quinta-feira at\u00e9 o domingo de P\u00e1scoa, ser\u00e3o 61 opera\u00e7\u00f5es de pouso e decolagem.<\/p>\n<p style=\"text-align: justify;\">De acordo com o gerente do Aeroporto de Petrolina, Jamerson Vasconcelos, a equipe est\u00e1 preparada para proporcionar uma experi\u00eancia de viagem segura e agrad\u00e1vel aos passageiros. \u201cTodos os setores do aeroporto j\u00e1 foram refor\u00e7ados para garantir a continuidade das opera\u00e7\u00f5es nesse feriado prolongado. Nesse per\u00edodo de grande fluxo \u00e9 importante a compreens\u00e3o de todos, pois o terminal est\u00e1 passando por uma ampla reforma que ir\u00e1 proporcionar ainda mais conforto e seguran\u00e7a para todos que cruzarem os port\u00f5es de embarque e desembarque. Em breve, o sert\u00e3o pernambucano ter\u00e1 um aeroporto moderno e ampliado para contribuir ainda mais com o desenvolvimento da regi\u00e3o\u201d, ressalta o gerente.<\/p>\n<p style=\"text-align: justify;\">Em todos os 14 aeroportos com voos comerciais administrados pela CCR Aeroportos no Brasil, s\u00e3o esperadas, aproximadamente, 230 mil pessoas entre os dias 28 e 31 de mar\u00e7o.<\/p>\n","protected":false},"excerpt":{"rendered":"<p>Seja para visitar a fam\u00edlia, amigos ou conhecer novos lugares, milh\u00f5es de brasileiros aproveitam o per\u00edodo da P\u00e1scoa para viajar. Muitos deles escolhem viajar de avi\u00e3o, impulsionando a quantidade de embarques e desembarques nos aeroportos do pa\u00eds. No Aeroporto de Petrolina (PNZ), a CCR Aeroportos, concession\u00e1ria que administra o terminal, prev\u00ea um movimento acima da [&hellip;]<\/p>\n","protected":false},"author":1,"featured_media":27284,"comment_status":"closed","ping_status":"open","sticky":false,"template":"","format":"standard","meta":{"_uag_custom_page_level_css":"","_monsterinsights_skip_tracking":false,"_monsterinsights_sitenote_active":false,"_monsterinsights_sitenote_note":"","_monsterinsights_sitenote_category":0,"jetpack_post_was_ever_published":false,"_jetpack_newsletter_access":"","_jetpack_dont_email_post_to_subs":false,"_jetpack_newsletter_tier_id":0,"_jetpack_memberships_contains_paywalled_content":false,"_jetpack_memberships_contains_paid_content":false,"footnotes":"","jetpack_publicize_message":"","jetpack_publicize_feature_enabled":true,"jetpack_social_post_already_shared":true,"jetpack_social_options":{"image_generator_settings":{"template":"highway","default_image_id":0,"font":"","enabled":false},"version":2}},"categories":[851],"tags":[],"class_list":["post-63529","post","type-post","status-publish","format-standard","has-post-thumbnail","hentry","category-petrolina"],"jetpack_publicize_connections":[],"jetpack_featured_media_url":"https:\/\/blogopara.com.br\/wp-content\/uploads\/2021\/08\/aeroporto-do-recife-foto-chico-andrade.jpg","uagb_featured_image_src":{"full":["https:\/\/blogopara.com.br\/wp-content\/uploads\/2021\/08\/aeroporto-do-recife-foto-chico-andrade.jpg",500,333,false],"thumbnail":["https:\/\/blogopara.com.br\/wp-content\/uploads\/2021\/08\/aeroporto-do-recife-foto-chico-andrade-150x150.jpg",150,150,true],"medium":["https:\/\/blogopara.com.br\/wp-content\/uploads\/2021\/08\/aeroporto-do-recife-foto-chico-andrade-300x200.jpg",300,200,true],"medium_large":["https:\/\/blogopara.com.br\/wp-content\/uploads\/2021\/08\/aeroporto-do-recife-foto-chico-andrade.jpg",500,333,false],"large":["https:\/\/blogopara.com.br\/wp-content\/uploads\/2021\/08\/aeroporto-do-recife-foto-chico-andrade.jpg",500,333,false],"1536x1536":["https:\/\/blogopara.com.br\/wp-content\/uploads\/2021\/08\/aeroporto-do-recife-foto-chico-andrade.jpg",500,333,false],"2048x2048":["https:\/\/blogopara.com.br\/wp-content\/uploads\/2021\/08\/aeroporto-do-recife-foto-chico-andrade.jpg",500,333,false],"mantranews-slider-large":["https:\/\/blogopara.com.br\/wp-content\/uploads\/2021\/08\/aeroporto-do-recife-foto-chico-andrade.jpg",500,333,false],"mantranews-featured-medium":["https:\/\/blogopara.com.br\/wp-content\/uploads\/2021\/08\/aeroporto-do-recife-foto-chico-andrade-420x307.jpg",420,307,true],"mantranews-featured-long":["https:\/\/blogopara.com.br\/wp-content\/uploads\/2021\/08\/aeroporto-do-recife-foto-chico-andrade-300x333.jpg",300,333,true],"mantranews-block-medium":["https:\/\/blogopara.com.br\/wp-content\/uploads\/2021\/08\/aeroporto-do-recife-foto-chico-andrade-464x290.jpg",464,290,true],"mantranews-carousel-image":["https:\/\/blogopara.com.br\/wp-content\/uploads\/2021\/08\/aeroporto-do-recife-foto-chico-andrade.jpg",500,333,false],"mantranews-block-thumb":["https:\/\/blogopara.com.br\/wp-content\/uploads\/2021\/08\/aeroporto-do-recife-foto-chico-andrade-322x230.jpg",322,230,true],"mantranews-single-large":["https:\/\/blogopara.com.br\/wp-content\/uploads\/2021\/08\/aeroporto-do-recife-foto-chico-andrade.jpg",500,333,false]},"uagb_author_info":{"display_name":"Reda\u00e7\u00e3o geral","author_link":"https:\/\/blogopara.com.br\/index.php\/author\/blogopara"},"uagb_comment_info":0,"uagb_excerpt":"Seja para visitar a fam\u00edlia, amigos ou conhecer novos lugares, milh\u00f5es de brasileiros aproveitam o per\u00edodo da P\u00e1scoa para viajar. Muitos deles escolhem viajar de avi\u00e3o, impulsionando a quantidade de embarques e desembarques nos aeroportos do pa\u00eds. No Aeroporto de Petrolina (PNZ), a CCR Aeroportos, concession\u00e1ria que administra o terminal, prev\u00ea um movimento acima da&hellip;","jetpack_sharing_enabled":true,"jetpack_likes_enabled":true,"_links":{"self":[{"href":"https:\/\/blogopara.com.br\/index.php\/wp-json\/wp\/v2\/posts\/63529","targetHints":{"allow":["GET"]}}],"collection":[{"href":"https:\/\/blogopara.com.br\/index.php\/wp-json\/wp\/v2\/posts"}],"about":[{"href":"https:\/\/blogopara.com.br\/index.php\/wp-json\/wp\/v2\/types\/post"}],"author":[{"embeddable":true,"href":"https:\/\/blogopara.com.br\/index.php\/wp-json\/wp\/v2\/users\/1"}],"replies":[{"embeddable":true,"href":"https:\/\/blogopara.com.br\/index.php\/wp-json\/wp\/v2\/comments?post=63529"}],"version-history":[{"count":1,"href":"https:\/\/blogopara.com.br\/index.php\/wp-json\/wp\/v2\/posts\/63529\/revisions"}],"predecessor-version":[{"id":63530,"href":"https:\/\/blogopara.com.br\/index.php\/wp-json\/wp\/v2\/posts\/63529\/revisions\/63530"}],"wp:featuredmedia":[{"embeddable":true,"href":"https:\/\/blogopara.com.br\/index.php\/wp-json\/wp\/v2\/media\/27284"}],"wp:attachment":[{"href":"https:\/\/blogopara.com.br\/index.php\/wp-json\/wp\/v2\/media?parent=63529"}],"wp:term":[{"taxonomy":"category","embeddable":true,"href":"https:\/\/blogopara.com.br\/index.php\/wp-json\/wp\/v2\/categories?post=63529"},{"taxonomy":"post_tag","embeddable":true,"href":"https:\/\/blogopara.com.br\/index.php\/wp-json\/wp\/v2\/tags?post=63529"}],"curies":[{"name":"wp","href":"https:\/\/api.w.org\/{rel}","templated":true}]}}