{"id":63531,"date":"2024-03-29T13:17:00","date_gmt":"2024-03-29T16:17:00","guid":{"rendered":"https:\/\/blogopara.com.br\/?p=63531"},"modified":"2024-03-29T10:31:35","modified_gmt":"2024-03-29T13:31:35","slug":"vitoria-nao-tera-seis-recem-contratados-para-final-do-baianao-contra-o-bahia","status":"publish","type":"post","link":"https:\/\/blogopara.com.br\/index.php\/2024\/03\/29\/vitoria-nao-tera-seis-recem-contratados-para-final-do-baianao-contra-o-bahia","title":{"rendered":"Vit\u00f3ria n\u00e3o ter\u00e1 seis rec\u00e9m-contratados para final do Baian\u00e3o contra o Bahia"},"content":{"rendered":"<p style=\"text-align: justify;\">Em prepara\u00e7\u00e3o para a disputa da final do Campeonato Baiano, o Vit\u00f3ria j\u00e1 sabe que n\u00e3o poder\u00e1 contar com seis jogadores para o cl\u00e1ssico contra o Bahia, no pr\u00f3ximo domingo (31), \u00e0s 16h, no Barrad\u00e3o, pela partida de ida da decis\u00e3o estadual. O zagueiro Reynaldo, os volantes Luan Santos, L\u00e9o Naldi e Jean Mota, o meia Pablo e o centroavante Luiz Adriano foram contratados ap\u00f3s o fim do prazo de inscri\u00e7\u00e3o do Baian\u00e3o e est\u00e3o fora dos Ba-Vis decisivos.<\/p>\n<p style=\"text-align: justify;\">Para poderem estarem aptos, os seis jogadores teriam que ter sido regularizados at\u00e9 o dia 13 de fevereiro, um dia antes do in\u00edcio da 7\u00aa rodada do Campeonato Baiano, conforme manda o regulamento da competi\u00e7\u00e3o. Ap\u00f3s a partida de ida, a final\u00edssima do Baian\u00e3o acontece no domingo (7), na Arena Fonte Nova. Dessa forma, os \u00faltimos refor\u00e7os do Le\u00e3o s\u00f3 podem voltar a campo na estreia da equipe na S\u00e9rie A do Brasileir\u00e3o, marcada para dia 13 ou 14 de abril, contra o Palmeiras, no Barrad\u00e3o.<\/p>\n<p style=\"text-align: justify;\">At\u00e9 o momento, L\u00e9o Naldi foi o jogador mais utilizado pelo t\u00e9cnico L\u00e9o Cond\u00e9, sendo titular contra Bahia, Fortaleza e Treze. Luiz Adriano e Luan Santos come\u00e7aram jogando na partida de ontem e Jean Mota entrou no 2\u00b0 tempo contra Fortaleza e Treze. Reynaldo e Pablo ainda n\u00e3o estrearam.<\/p>\n<p style=\"text-align: justify;\">Al\u00e9m da S\u00e9rie A, eles jogar\u00e3o a Copa do Brasil. Como campe\u00e3o da S\u00e9rie B, o Vit\u00f3ria entra apenas na 3\u00aa fase da competi\u00e7\u00e3o, estreando entre os dias 1\u00b0 e 22 de maio. A \u00fanica exce\u00e7\u00e3o \u00e9 o meia Pablo, que j\u00e1 atuou pelo Jacuipense no torneio nacional.<\/p>\n","protected":false},"excerpt":{"rendered":"<p>Em prepara\u00e7\u00e3o para a disputa da final do Campeonato Baiano, o Vit\u00f3ria j\u00e1 sabe que n\u00e3o poder\u00e1 contar com seis jogadores para o cl\u00e1ssico contra o Bahia, no pr\u00f3ximo domingo (31), \u00e0s 16h, no Barrad\u00e3o, pela partida de ida da decis\u00e3o estadual. O zagueiro Reynaldo, os volantes Luan Santos, L\u00e9o Naldi e Jean Mota, o [&hellip;]<\/p>\n","protected":false},"author":1,"featured_media":63532,"comment_status":"closed","ping_status":"open","sticky":false,"template":"","format":"standard","meta":{"_uag_custom_page_level_css":"","_monsterinsights_skip_tracking":false,"_monsterinsights_sitenote_active":false,"_monsterinsights_sitenote_note":"","_monsterinsights_sitenote_category":0,"jetpack_post_was_ever_published":false,"_jetpack_newsletter_access":"","_jetpack_dont_email_post_to_subs":false,"_jetpack_newsletter_tier_id":0,"_jetpack_memberships_contains_paywalled_content":false,"_jetpack_memberships_contains_paid_content":false,"footnotes":"","jetpack_publicize_message":"","jetpack_publicize_feature_enabled":true,"jetpack_social_post_already_shared":true,"jetpack_social_options":{"image_generator_settings":{"template":"highway","default_image_id":0,"font":"","enabled":false},"version":2}},"categories":[199],"tags":[348,35],"class_list":["post-63531","post","type-post","status-publish","format-standard","has-post-thumbnail","hentry","category-bahia","tag-esporte","tag-futebol"],"jetpack_publicize_connections":[],"jetpack_featured_media_url":"https:\/\/blogopara.com.br\/wp-content\/uploads\/2024\/03\/Vitoria-goleia-o-Barcelona-de-Ilheus-e-encara-o-Bahia-na-final-do-Campeonato-Baiano.jpg","uagb_featured_image_src":{"full":["https:\/\/blogopara.com.br\/wp-content\/uploads\/2024\/03\/Vitoria-goleia-o-Barcelona-de-Ilheus-e-encara-o-Bahia-na-final-do-Campeonato-Baiano.jpg",500,337,false],"thumbnail":["https:\/\/blogopara.com.br\/wp-content\/uploads\/2024\/03\/Vitoria-goleia-o-Barcelona-de-Ilheus-e-encara-o-Bahia-na-final-do-Campeonato-Baiano-150x150.jpg",150,150,true],"medium":["https:\/\/blogopara.com.br\/wp-content\/uploads\/2024\/03\/Vitoria-goleia-o-Barcelona-de-Ilheus-e-encara-o-Bahia-na-final-do-Campeonato-Baiano-300x202.jpg",300,202,true],"medium_large":["https:\/\/blogopara.com.br\/wp-content\/uploads\/2024\/03\/Vitoria-goleia-o-Barcelona-de-Ilheus-e-encara-o-Bahia-na-final-do-Campeonato-Baiano.jpg",500,337,false],"large":["https:\/\/blogopara.com.br\/wp-content\/uploads\/2024\/03\/Vitoria-goleia-o-Barcelona-de-Ilheus-e-encara-o-Bahia-na-final-do-Campeonato-Baiano.jpg",500,337,false],"1536x1536":["https:\/\/blogopara.com.br\/wp-content\/uploads\/2024\/03\/Vitoria-goleia-o-Barcelona-de-Ilheus-e-encara-o-Bahia-na-final-do-Campeonato-Baiano.jpg",500,337,false],"2048x2048":["https:\/\/blogopara.com.br\/wp-content\/uploads\/2024\/03\/Vitoria-goleia-o-Barcelona-de-Ilheus-e-encara-o-Bahia-na-final-do-Campeonato-Baiano.jpg",500,337,false],"mantranews-slider-large":["https:\/\/blogopara.com.br\/wp-content\/uploads\/2024\/03\/Vitoria-goleia-o-Barcelona-de-Ilheus-e-encara-o-Bahia-na-final-do-Campeonato-Baiano.jpg",500,337,false],"mantranews-featured-medium":["https:\/\/blogopara.com.br\/wp-content\/uploads\/2024\/03\/Vitoria-goleia-o-Barcelona-de-Ilheus-e-encara-o-Bahia-na-final-do-Campeonato-Baiano-420x307.jpg",420,307,true],"mantranews-featured-long":["https:\/\/blogopara.com.br\/wp-content\/uploads\/2024\/03\/Vitoria-goleia-o-Barcelona-de-Ilheus-e-encara-o-Bahia-na-final-do-Campeonato-Baiano-300x337.jpg",300,337,true],"mantranews-block-medium":["https:\/\/blogopara.com.br\/wp-content\/uploads\/2024\/03\/Vitoria-goleia-o-Barcelona-de-Ilheus-e-encara-o-Bahia-na-final-do-Campeonato-Baiano-464x290.jpg",464,290,true],"mantranews-carousel-image":["https:\/\/blogopara.com.br\/wp-content\/uploads\/2024\/03\/Vitoria-goleia-o-Barcelona-de-Ilheus-e-encara-o-Bahia-na-final-do-Campeonato-Baiano.jpg",500,337,false],"mantranews-block-thumb":["https:\/\/blogopara.com.br\/wp-content\/uploads\/2024\/03\/Vitoria-goleia-o-Barcelona-de-Ilheus-e-encara-o-Bahia-na-final-do-Campeonato-Baiano-322x230.jpg",322,230,true],"mantranews-single-large":["https:\/\/blogopara.com.br\/wp-content\/uploads\/2024\/03\/Vitoria-goleia-o-Barcelona-de-Ilheus-e-encara-o-Bahia-na-final-do-Campeonato-Baiano.jpg",500,337,false]},"uagb_author_info":{"display_name":"Reda\u00e7\u00e3o geral","author_link":"https:\/\/blogopara.com.br\/index.php\/author\/blogopara"},"uagb_comment_info":0,"uagb_excerpt":"Em prepara\u00e7\u00e3o para a disputa da final do Campeonato Baiano, o Vit\u00f3ria j\u00e1 sabe que n\u00e3o poder\u00e1 contar com seis jogadores para o cl\u00e1ssico contra o Bahia, no pr\u00f3ximo domingo (31), \u00e0s 16h, no Barrad\u00e3o, pela partida de ida da decis\u00e3o estadual. O zagueiro Reynaldo, os volantes Luan Santos, L\u00e9o Naldi e Jean Mota, o&hellip;","jetpack_sharing_enabled":true,"jetpack_likes_enabled":true,"_links":{"self":[{"href":"https:\/\/blogopara.com.br\/index.php\/wp-json\/wp\/v2\/posts\/63531","targetHints":{"allow":["GET"]}}],"collection":[{"href":"https:\/\/blogopara.com.br\/index.php\/wp-json\/wp\/v2\/posts"}],"about":[{"href":"https:\/\/blogopara.com.br\/index.php\/wp-json\/wp\/v2\/types\/post"}],"author":[{"embeddable":true,"href":"https:\/\/blogopara.com.br\/index.php\/wp-json\/wp\/v2\/users\/1"}],"replies":[{"embeddable":true,"href":"https:\/\/blogopara.com.br\/index.php\/wp-json\/wp\/v2\/comments?post=63531"}],"version-history":[{"count":1,"href":"https:\/\/blogopara.com.br\/index.php\/wp-json\/wp\/v2\/posts\/63531\/revisions"}],"predecessor-version":[{"id":63533,"href":"https:\/\/blogopara.com.br\/index.php\/wp-json\/wp\/v2\/posts\/63531\/revisions\/63533"}],"wp:featuredmedia":[{"embeddable":true,"href":"https:\/\/blogopara.com.br\/index.php\/wp-json\/wp\/v2\/media\/63532"}],"wp:attachment":[{"href":"https:\/\/blogopara.com.br\/index.php\/wp-json\/wp\/v2\/media?parent=63531"}],"wp:term":[{"taxonomy":"category","embeddable":true,"href":"https:\/\/blogopara.com.br\/index.php\/wp-json\/wp\/v2\/categories?post=63531"},{"taxonomy":"post_tag","embeddable":true,"href":"https:\/\/blogopara.com.br\/index.php\/wp-json\/wp\/v2\/tags?post=63531"}],"curies":[{"name":"wp","href":"https:\/\/api.w.org\/{rel}","templated":true}]}}