{"id":63657,"date":"2024-04-03T09:01:00","date_gmt":"2024-04-03T12:01:00","guid":{"rendered":"https:\/\/blogopara.com.br\/?p=63657"},"modified":"2024-04-02T14:03:59","modified_gmt":"2024-04-02T17:03:59","slug":"dia-de-conscientizacao-do-autismo-prefeitura-de-juazeiro-otimiza-fluxo-de-assistencia-aos-autistas-no-municipio","status":"publish","type":"post","link":"https:\/\/blogopara.com.br\/index.php\/2024\/04\/03\/dia-de-conscientizacao-do-autismo-prefeitura-de-juazeiro-otimiza-fluxo-de-assistencia-aos-autistas-no-municipio","title":{"rendered":"Dia de Conscientiza\u00e7\u00e3o do Autismo: Prefeitura de Juazeiro otimiza fluxo de assist\u00eancia aos autistas no munic\u00edpio"},"content":{"rendered":"<p style=\"text-align: justify;\">Nesta ter\u00e7a-feira (02), \u00e9 celebrado o Dia Mundial de Conscientiza\u00e7\u00e3o sobre o Autismo. A data foi criada pela ONU em 2007, para promover conhecimento sobre o espectro autista, bem como sobre as necessidades e os direitos das pessoas autistas. A Prefeitura de Juazeiro, por meio da Secretaria de Sa\u00fade (Sesau), tem investido em a\u00e7\u00f5es para garantir a oferta de assist\u00eancia multiprofissional para crian\u00e7as com autismo.<\/p>\n<p>O autismo \u00e9 um transtorno do neurodesenvolvimento que pode se caracterizar pelo desenvolvimento at\u00edpico, manifesta\u00e7\u00f5es comportamentais, d\u00e9ficits na comunica\u00e7\u00e3o e na intera\u00e7\u00e3o social. \u201cAs pessoas com autismo podem apresentar altera\u00e7\u00f5es no \u00e2mbito do neurodesenvolvimento, d\u00e9ficit em rela\u00e7\u00e3o \u00e0 comunica\u00e7\u00e3o e implica\u00e7\u00f5es relacionadas \u00e0s habilidades sociais. A seletividade alimentar tamb\u00e9m pode aparecer em muitos dos casos&#8221;, citou a gerente do Centro de Aten\u00e7\u00e3o Psicossocial Infanto-Juvenil (CAPSij), Laila Ang\u00e9lica.<\/p>\n<p>Para cuidar das crian\u00e7as com autismo \u00e9 preciso ter uma rede ampliada. O processo de diagn\u00f3stico, quando se trata de casos mais leves, pode ser feito na Aten\u00e7\u00e3o B\u00e1sica de Sa\u00fade, j\u00e1 se tratando de casos severos e persistentes, comprometendo a autonomia e independ\u00eancia desses pacientes, eles s\u00e3o encaminhados ao CAPSij.<\/p>\n<p>\u201cNosso servi\u00e7o \u00e9 de porta aberta, mas tamb\u00e9m recebemos encaminhamentos das UBSs, escolas e demais pontos onde crian\u00e7as e adolescentes circulam. Nossa equipe multiprofissional \u00e9 formada por duas m\u00e9dicas psiquiatras, psicopedagoga, nutricionista, entre outros profissionais, que acolhem crian\u00e7as, adolescentes e seus pais. A partir do diagn\u00f3stico, criamos um plano de cuidados com terapias individuais e em grupo\u201d, explicou a gerente, Laila Ang\u00e9lica.<\/p>\n<p>O CAPSij fica localizado na Rua Almirante Tamandar\u00e9, n\u00ba 07, bairro Country Club. O atendimento \u00e9 oferecido de segunda a sexta-feira, das 7h30 \u00e0s 17h.<\/p>\n<p>CIPTEA<\/p>\n<p>A Secretaria de Sa\u00fade tamb\u00e9m j\u00e1 vem realizando a produ\u00e7\u00e3o e distribui\u00e7\u00e3o das Carteiras de Identifica\u00e7\u00e3o para Pessoa com Transtorno do Espectro Autista (CIPTEA). O documento foi institu\u00eddo no munic\u00edpio atrav\u00e9s da Lei 3.118\/ 2023 e garante direitos como a prioridade no atendimento e acesso aos servi\u00e7os p\u00fablicos e privados, em especial nas \u00e1reas de sa\u00fade, educa\u00e7\u00e3o e assist\u00eancia social. Mais de 400 carteiras j\u00e1 foram distribu\u00eddas para crian\u00e7as e adultos, independentemente do grau de autismo.<\/p>\n<p>Novo equipamento<\/p>\n<p>A Sesau, com o apoio do deputado Jord\u00e1vio Ramos, est\u00e1 trabalhando pela implanta\u00e7\u00e3o de um espa\u00e7o transdisciplinar especializado no atendimento de pacientes com TEA e outros transtornos. Profissionais de diversas \u00e1reas trabalhar\u00e3o conjuntamente para obter um desenvolvimento pleno de seus pacientes.<br \/>\nA reforma do im\u00f3vel que abrigar\u00e1 o projeto j\u00e1 foi iniciada, como tamb\u00e9m o processo de contrata\u00e7\u00e3o dos profissionais que prestar\u00e3o assist\u00eancia.<\/p>\n<p>&#8212;<br \/>\nTexto: Marcela Cavalcanti \u2013 Ascom Sesau\/PMJ<\/p>\n","protected":false},"excerpt":{"rendered":"<p>Nesta ter\u00e7a-feira (02), \u00e9 celebrado o Dia Mundial de Conscientiza\u00e7\u00e3o sobre o Autismo. A data foi criada pela ONU em 2007, para promover conhecimento sobre o espectro autista, bem como sobre as necessidades e os direitos das pessoas autistas. A Prefeitura de Juazeiro, por meio da Secretaria de Sa\u00fade (Sesau), tem investido em a\u00e7\u00f5es para [&hellip;]<\/p>\n","protected":false},"author":1,"featured_media":63658,"comment_status":"closed","ping_status":"open","sticky":false,"template":"","format":"standard","meta":{"_uag_custom_page_level_css":"","_monsterinsights_skip_tracking":false,"_monsterinsights_sitenote_active":false,"_monsterinsights_sitenote_note":"","_monsterinsights_sitenote_category":0,"jetpack_post_was_ever_published":false,"_jetpack_newsletter_access":"","_jetpack_dont_email_post_to_subs":false,"_jetpack_newsletter_tier_id":0,"_jetpack_memberships_contains_paywalled_content":false,"_jetpack_memberships_contains_paid_content":false,"footnotes":"","jetpack_publicize_message":"","jetpack_publicize_feature_enabled":true,"jetpack_social_post_already_shared":true,"jetpack_social_options":{"image_generator_settings":{"template":"highway","default_image_id":0,"font":"","enabled":false},"version":2}},"categories":[203],"tags":[],"class_list":["post-63657","post","type-post","status-publish","format-standard","has-post-thumbnail","hentry","category-juazeiro"],"jetpack_publicize_connections":[],"jetpack_featured_media_url":"https:\/\/blogopara.com.br\/wp-content\/uploads\/2024\/04\/thumbnail_52851308326_04ff36ce67_k.jpg","uagb_featured_image_src":{"full":["https:\/\/blogopara.com.br\/wp-content\/uploads\/2024\/04\/thumbnail_52851308326_04ff36ce67_k.jpg",500,333,false],"thumbnail":["https:\/\/blogopara.com.br\/wp-content\/uploads\/2024\/04\/thumbnail_52851308326_04ff36ce67_k-150x150.jpg",150,150,true],"medium":["https:\/\/blogopara.com.br\/wp-content\/uploads\/2024\/04\/thumbnail_52851308326_04ff36ce67_k-300x200.jpg",300,200,true],"medium_large":["https:\/\/blogopara.com.br\/wp-content\/uploads\/2024\/04\/thumbnail_52851308326_04ff36ce67_k.jpg",500,333,false],"large":["https:\/\/blogopara.com.br\/wp-content\/uploads\/2024\/04\/thumbnail_52851308326_04ff36ce67_k.jpg",500,333,false],"1536x1536":["https:\/\/blogopara.com.br\/wp-content\/uploads\/2024\/04\/thumbnail_52851308326_04ff36ce67_k.jpg",500,333,false],"2048x2048":["https:\/\/blogopara.com.br\/wp-content\/uploads\/2024\/04\/thumbnail_52851308326_04ff36ce67_k.jpg",500,333,false],"mantranews-slider-large":["https:\/\/blogopara.com.br\/wp-content\/uploads\/2024\/04\/thumbnail_52851308326_04ff36ce67_k.jpg",500,333,false],"mantranews-featured-medium":["https:\/\/blogopara.com.br\/wp-content\/uploads\/2024\/04\/thumbnail_52851308326_04ff36ce67_k-420x307.jpg",420,307,true],"mantranews-featured-long":["https:\/\/blogopara.com.br\/wp-content\/uploads\/2024\/04\/thumbnail_52851308326_04ff36ce67_k-300x333.jpg",300,333,true],"mantranews-block-medium":["https:\/\/blogopara.com.br\/wp-content\/uploads\/2024\/04\/thumbnail_52851308326_04ff36ce67_k-464x290.jpg",464,290,true],"mantranews-carousel-image":["https:\/\/blogopara.com.br\/wp-content\/uploads\/2024\/04\/thumbnail_52851308326_04ff36ce67_k.jpg",500,333,false],"mantranews-block-thumb":["https:\/\/blogopara.com.br\/wp-content\/uploads\/2024\/04\/thumbnail_52851308326_04ff36ce67_k-322x230.jpg",322,230,true],"mantranews-single-large":["https:\/\/blogopara.com.br\/wp-content\/uploads\/2024\/04\/thumbnail_52851308326_04ff36ce67_k.jpg",500,333,false]},"uagb_author_info":{"display_name":"Reda\u00e7\u00e3o geral","author_link":"https:\/\/blogopara.com.br\/index.php\/author\/blogopara"},"uagb_comment_info":0,"uagb_excerpt":"Nesta ter\u00e7a-feira (02), \u00e9 celebrado o Dia Mundial de Conscientiza\u00e7\u00e3o sobre o Autismo. A data foi criada pela ONU em 2007, para promover conhecimento sobre o espectro autista, bem como sobre as necessidades e os direitos das pessoas autistas. A Prefeitura de Juazeiro, por meio da Secretaria de Sa\u00fade (Sesau), tem investido em a\u00e7\u00f5es para&hellip;","jetpack_sharing_enabled":true,"jetpack_likes_enabled":true,"_links":{"self":[{"href":"https:\/\/blogopara.com.br\/index.php\/wp-json\/wp\/v2\/posts\/63657","targetHints":{"allow":["GET"]}}],"collection":[{"href":"https:\/\/blogopara.com.br\/index.php\/wp-json\/wp\/v2\/posts"}],"about":[{"href":"https:\/\/blogopara.com.br\/index.php\/wp-json\/wp\/v2\/types\/post"}],"author":[{"embeddable":true,"href":"https:\/\/blogopara.com.br\/index.php\/wp-json\/wp\/v2\/users\/1"}],"replies":[{"embeddable":true,"href":"https:\/\/blogopara.com.br\/index.php\/wp-json\/wp\/v2\/comments?post=63657"}],"version-history":[{"count":1,"href":"https:\/\/blogopara.com.br\/index.php\/wp-json\/wp\/v2\/posts\/63657\/revisions"}],"predecessor-version":[{"id":63659,"href":"https:\/\/blogopara.com.br\/index.php\/wp-json\/wp\/v2\/posts\/63657\/revisions\/63659"}],"wp:featuredmedia":[{"embeddable":true,"href":"https:\/\/blogopara.com.br\/index.php\/wp-json\/wp\/v2\/media\/63658"}],"wp:attachment":[{"href":"https:\/\/blogopara.com.br\/index.php\/wp-json\/wp\/v2\/media?parent=63657"}],"wp:term":[{"taxonomy":"category","embeddable":true,"href":"https:\/\/blogopara.com.br\/index.php\/wp-json\/wp\/v2\/categories?post=63657"},{"taxonomy":"post_tag","embeddable":true,"href":"https:\/\/blogopara.com.br\/index.php\/wp-json\/wp\/v2\/tags?post=63657"}],"curies":[{"name":"wp","href":"https:\/\/api.w.org\/{rel}","templated":true}]}}