{"id":63776,"date":"2024-04-05T11:16:20","date_gmt":"2024-04-05T14:16:20","guid":{"rendered":"https:\/\/blogopara.com.br\/?p=63776"},"modified":"2024-04-05T11:16:23","modified_gmt":"2024-04-05T14:16:23","slug":"lula-cumpre-agenda-com-a-governadora-de-pernambuco","status":"publish","type":"post","link":"https:\/\/blogopara.com.br\/index.php\/2024\/04\/05\/lula-cumpre-agenda-com-a-governadora-de-pernambuco","title":{"rendered":"Lula cumpre agenda com a governadora de Pernambuco"},"content":{"rendered":"<p style=\"text-align: justify;\">O presidente Lula (PT) desembarcou em Caruaru, no Agreste, logo nesta quinta-feira (4), para cumprir agenda de compromissos em Pernambuco. De l\u00e1, o presidente seguiu de helic\u00f3ptero para Arcoverde, no Sert\u00e3o, a primeira parada para a agenda de visitas ao Estado.<\/p>\n<p style=\"text-align: justify;\">Ele chegou acompanhado do senador Humberto Costa (PT) e dos ministros Alexandre Padilha (Rela\u00e7\u00f5es Insititucionais) e Rui Costa (Casa Civil). A governadora Raquel Lyra (PSDB) e a senadora Teresa Leit\u00e3o rcepcionaram o presidente no aeroporto.<\/p>\n<p style=\"text-align: justify;\">Em Arcoverde, acompanhado do ministro Waldez G\u00f3es (Integra\u00e7\u00e3o e Desenvolvimento Regional), Lula participa da inaugura\u00e7\u00e3o da Esta\u00e7\u00e3o Elevat\u00f3ria de \u00c1gua Bruta (EEAB) de Ipojuca e do trecho Belo Jardim \u2013 Caruaru da Adutora do Agreste de Pernambuco, no munic\u00edpio de Arcoverde.<\/p>\n<p style=\"text-align: justify;\">A agenda presidencial segue \u00e0 noite no Recife. \u00c0s 19h, o presidente participa da cerim\u00f4nia de san\u00e7\u00e3o do Projeto de Lei n\u00ba 9474\/2018, que institui marco regulat\u00f3rio do Sistema Nacional de Cultura. O evento ser\u00e1 no Teatro Luiz Mendon\u00e7a, Parque Dona Lindu, em Boa Viagem, na Zona Sul da cidade<\/p>\n<p style=\"text-align: justify;\">\n<div style=\"text-align: justify;\"><\/div>\n","protected":false},"excerpt":{"rendered":"<p>O presidente Lula (PT) desembarcou em Caruaru, no Agreste, logo nesta quinta-feira (4), para cumprir agenda de compromissos em Pernambuco. De l\u00e1, o presidente seguiu de helic\u00f3ptero para Arcoverde, no Sert\u00e3o, a primeira parada para a agenda de visitas ao Estado. Ele chegou acompanhado do senador Humberto Costa (PT) e dos ministros Alexandre Padilha (Rela\u00e7\u00f5es [&hellip;]<\/p>\n","protected":false},"author":1,"featured_media":63777,"comment_status":"closed","ping_status":"open","sticky":false,"template":"","format":"standard","meta":{"_uag_custom_page_level_css":"","_monsterinsights_skip_tracking":false,"_monsterinsights_sitenote_active":false,"_monsterinsights_sitenote_note":"","_monsterinsights_sitenote_category":0,"jetpack_post_was_ever_published":false,"_jetpack_newsletter_access":"","_jetpack_dont_email_post_to_subs":false,"_jetpack_newsletter_tier_id":0,"_jetpack_memberships_contains_paywalled_content":false,"_jetpack_memberships_contains_paid_content":false,"footnotes":"","jetpack_publicize_message":"","jetpack_publicize_feature_enabled":true,"jetpack_social_post_already_shared":true,"jetpack_social_options":{"image_generator_settings":{"template":"highway","default_image_id":0,"font":"","enabled":false},"version":2}},"categories":[1507],"tags":[],"class_list":["post-63776","post","type-post","status-publish","format-standard","has-post-thumbnail","hentry","category-pernambuco"],"jetpack_publicize_connections":[],"jetpack_featured_media_url":"https:\/\/blogopara.com.br\/wp-content\/uploads\/2024\/04\/cats2-2.jpg","uagb_featured_image_src":{"full":["https:\/\/blogopara.com.br\/wp-content\/uploads\/2024\/04\/cats2-2.jpg",500,344,false],"thumbnail":["https:\/\/blogopara.com.br\/wp-content\/uploads\/2024\/04\/cats2-2-150x150.jpg",150,150,true],"medium":["https:\/\/blogopara.com.br\/wp-content\/uploads\/2024\/04\/cats2-2-300x206.jpg",300,206,true],"medium_large":["https:\/\/blogopara.com.br\/wp-content\/uploads\/2024\/04\/cats2-2.jpg",500,344,false],"large":["https:\/\/blogopara.com.br\/wp-content\/uploads\/2024\/04\/cats2-2.jpg",500,344,false],"1536x1536":["https:\/\/blogopara.com.br\/wp-content\/uploads\/2024\/04\/cats2-2.jpg",500,344,false],"2048x2048":["https:\/\/blogopara.com.br\/wp-content\/uploads\/2024\/04\/cats2-2.jpg",500,344,false],"mantranews-slider-large":["https:\/\/blogopara.com.br\/wp-content\/uploads\/2024\/04\/cats2-2.jpg",500,344,false],"mantranews-featured-medium":["https:\/\/blogopara.com.br\/wp-content\/uploads\/2024\/04\/cats2-2-420x307.jpg",420,307,true],"mantranews-featured-long":["https:\/\/blogopara.com.br\/wp-content\/uploads\/2024\/04\/cats2-2-300x344.jpg",300,344,true],"mantranews-block-medium":["https:\/\/blogopara.com.br\/wp-content\/uploads\/2024\/04\/cats2-2-464x290.jpg",464,290,true],"mantranews-carousel-image":["https:\/\/blogopara.com.br\/wp-content\/uploads\/2024\/04\/cats2-2.jpg",500,344,false],"mantranews-block-thumb":["https:\/\/blogopara.com.br\/wp-content\/uploads\/2024\/04\/cats2-2-322x230.jpg",322,230,true],"mantranews-single-large":["https:\/\/blogopara.com.br\/wp-content\/uploads\/2024\/04\/cats2-2.jpg",500,344,false]},"uagb_author_info":{"display_name":"Reda\u00e7\u00e3o geral","author_link":"https:\/\/blogopara.com.br\/index.php\/author\/blogopara"},"uagb_comment_info":0,"uagb_excerpt":"O presidente Lula (PT) desembarcou em Caruaru, no Agreste, logo nesta quinta-feira (4), para cumprir agenda de compromissos em Pernambuco. De l\u00e1, o presidente seguiu de helic\u00f3ptero para Arcoverde, no Sert\u00e3o, a primeira parada para a agenda de visitas ao Estado. Ele chegou acompanhado do senador Humberto Costa (PT) e dos ministros Alexandre Padilha (Rela\u00e7\u00f5es&hellip;","jetpack_sharing_enabled":true,"jetpack_likes_enabled":true,"_links":{"self":[{"href":"https:\/\/blogopara.com.br\/index.php\/wp-json\/wp\/v2\/posts\/63776","targetHints":{"allow":["GET"]}}],"collection":[{"href":"https:\/\/blogopara.com.br\/index.php\/wp-json\/wp\/v2\/posts"}],"about":[{"href":"https:\/\/blogopara.com.br\/index.php\/wp-json\/wp\/v2\/types\/post"}],"author":[{"embeddable":true,"href":"https:\/\/blogopara.com.br\/index.php\/wp-json\/wp\/v2\/users\/1"}],"replies":[{"embeddable":true,"href":"https:\/\/blogopara.com.br\/index.php\/wp-json\/wp\/v2\/comments?post=63776"}],"version-history":[{"count":1,"href":"https:\/\/blogopara.com.br\/index.php\/wp-json\/wp\/v2\/posts\/63776\/revisions"}],"predecessor-version":[{"id":63778,"href":"https:\/\/blogopara.com.br\/index.php\/wp-json\/wp\/v2\/posts\/63776\/revisions\/63778"}],"wp:featuredmedia":[{"embeddable":true,"href":"https:\/\/blogopara.com.br\/index.php\/wp-json\/wp\/v2\/media\/63777"}],"wp:attachment":[{"href":"https:\/\/blogopara.com.br\/index.php\/wp-json\/wp\/v2\/media?parent=63776"}],"wp:term":[{"taxonomy":"category","embeddable":true,"href":"https:\/\/blogopara.com.br\/index.php\/wp-json\/wp\/v2\/categories?post=63776"},{"taxonomy":"post_tag","embeddable":true,"href":"https:\/\/blogopara.com.br\/index.php\/wp-json\/wp\/v2\/tags?post=63776"}],"curies":[{"name":"wp","href":"https:\/\/api.w.org\/{rel}","templated":true}]}}