{"id":6379,"date":"2020-01-17T17:10:58","date_gmt":"2020-01-17T20:10:58","guid":{"rendered":"http:\/\/blogopara.com.br\/?p=6379"},"modified":"2020-01-17T17:11:04","modified_gmt":"2020-01-17T20:11:04","slug":"governador-rui-costa-descumpre-promessas-feitas-a-oficiais-da-pm-e-do-corpo-de-bombeiros-militar","status":"publish","type":"post","link":"https:\/\/blogopara.com.br\/index.php\/2020\/01\/17\/governador-rui-costa-descumpre-promessas-feitas-a-oficiais-da-pm-e-do-corpo-de-bombeiros-militar","title":{"rendered":"Governador Rui Costa descumpre promessas feitas a oficiais da PM e do Corpo de Bombeiros Militar"},"content":{"rendered":"<p style=\"text-align: justify;\">A Associa\u00e7\u00e3o dos Oficiais Militares Estaduais da Bahia \u2013 For\u00e7a Invicta \u2013\u00a0vem a p\u00fablico esclarecer aos seus associados e \u00e0 sociedade baiana que foi convidada para participar de uma reuni\u00e3o com o Governador, em 07 de dezembro passado, na qual se trataria de repercuss\u00f5es da nova Lei 13.954\/2019, que instituiu o Sistema de Prote\u00e7\u00e3o Social dos Militares.<\/p>\n<p style=\"text-align: justify;\">Na mencionada reuni\u00e3o, ap\u00f3s negar o nosso pleito de cria\u00e7\u00e3o da promo\u00e7\u00e3o por requerimento, o Governador PROMETEU aos oficiais e pra\u00e7as um fluxo\u00a0ascensional mais justo e regular, permitindo aos pra\u00e7as chegarem ao posto de 1\u00ba Tenente na ativa e aos oficiais uma recomposi\u00e7\u00e3o salarial nos postos onde ocorre a inativa\u00e7\u00e3o que recupere metade das perdas\u00a0salariais, al\u00e9m da prorroga\u00e7\u00e3o do direito adquirido \u00e0 inativa\u00e7\u00e3o at\u00e9 31\/12\/2021, como permite a citada lei, de amplia\u00e7\u00e3o da quantidade de vagas nos graus hier\u00e1rquicos mais elevados das carreiras, da imediata cria\u00e7\u00e3o de um Grupo de Trabalho com participa\u00e7\u00e3o das associa\u00e7\u00f5es e tamb\u00e9m imediata promo\u00e7\u00e3o ocupando as vagas novas e ociosas na Pol\u00edcia Militar e no Corpo de Bombeiros Militar.<\/p>\n<p style=\"text-align: justify;\">\u00c9 com bastante estranheza que propostas PROMETIDAS pelo pr\u00f3prio governador, sem intermedi\u00e1rios, como compensa\u00e7\u00e3o ao nosso pleito, sejam DESCUMPRIDAS, impondo \u00e0 oficialidade da PM e CBM um preju\u00edzo salarial que decorre de um direito exercido h\u00e1 20 anos pelo Estado da Bahia e que nunca foi motivo de desequil\u00edbrio or\u00e7ament\u00e1rio, sendo importante para quem vai perder e insignificante para quem poderia preservar, se entendesse que a categoria fosse merecedora, o que n\u00e3o parece ser o caso em raz\u00e3o das medidas adotadas.<\/p>\n<p style=\"text-align: justify;\">Propomos a retirada do PL n\u00ba 23.723-2020 e a edi\u00e7\u00e3o de um decreto, como foi feito at\u00e9 o momento por mais de 15 (quinze) governadores de Estado, para prorrogar o direito adquirido \u00e0 inativa\u00e7\u00e3o at\u00e9 31\/12\/2921, como permite o artigo 26 da Lei 13.954\/2019.<\/p>\n<p style=\"text-align: justify;\">Deste modo, dando a n\u00f3s militares estaduais, tratamento digno conforme foi dado aos servidores p\u00fablicos, ao retirar\u00a0 a PEC da Reforma da Previd\u00eancia do Estado de pauta, para um melhor estudo, permitiria que o governador pudesse, em respeito a n\u00f3s trabalhadores da seguran\u00e7a p\u00fablica ostensiva e preventiva, a oportunidade de SURPREEND\u00ca-LO num grupo de trabalho em que pudesse participar da elabora\u00e7\u00e3o, com a viv\u00eancia de quem sente a dor com as injusti\u00e7as possibilitadas, como no caso dos mais de 400 oficiais com preju\u00edzo na progress\u00e3o funcional por j\u00e1 terem como tempo no posto atual mais que o dobro, triplo ou qu\u00e1druplo do interst\u00edcio. ISSO \u00c9 JUSTO?<\/p>\n<p style=\"text-align: justify;\">Em definitivo, ficamos com a triste experi\u00eancia de negociar com o governador e dele n\u00e3o poder contar com o cumprimento das promessas que sustentou em mesa de negocia\u00e7\u00f5es. Ao menos at\u00e9 aqui. Falou-se em um segundo momento. Ser\u00e1 a oportunidade dele nos mostrar que estamos errados? Sinceramente, esperamos, mas hoje n\u00e3o acreditamos.<\/p>\n<p style=\"text-align: justify;\">\n<strong>DIRETORIA EXECUTIVA<br \/>\nFOR\u00c7A INVICTA<\/strong><\/p>\n","protected":false},"excerpt":{"rendered":"<p>A Associa\u00e7\u00e3o dos Oficiais Militares Estaduais da Bahia \u2013 For\u00e7a Invicta \u2013\u00a0vem a p\u00fablico esclarecer aos seus associados e \u00e0 sociedade baiana que foi convidada para participar de uma reuni\u00e3o com o Governador, em 07 de dezembro passado, na qual se trataria de repercuss\u00f5es da nova Lei 13.954\/2019, que instituiu o Sistema de Prote\u00e7\u00e3o Social [&hellip;]<\/p>\n","protected":false},"author":1,"featured_media":6380,"comment_status":"open","ping_status":"open","sticky":false,"template":"","format":"standard","meta":{"_uag_custom_page_level_css":"","_monsterinsights_skip_tracking":false,"_monsterinsights_sitenote_active":false,"_monsterinsights_sitenote_note":"","_monsterinsights_sitenote_category":0,"jetpack_post_was_ever_published":false,"_jetpack_newsletter_access":"","_jetpack_dont_email_post_to_subs":false,"_jetpack_newsletter_tier_id":0,"_jetpack_memberships_contains_paywalled_content":false,"_jetpack_memberships_contains_paid_content":false,"footnotes":"","jetpack_publicize_message":"","jetpack_publicize_feature_enabled":true,"jetpack_social_post_already_shared":true,"jetpack_social_options":{"image_generator_settings":{"template":"highway","default_image_id":0,"font":"","enabled":false},"version":2}},"categories":[203],"tags":[],"class_list":["post-6379","post","type-post","status-publish","format-standard","has-post-thumbnail","hentry","category-juazeiro"],"jetpack_publicize_connections":[],"jetpack_featured_media_url":"https:\/\/blogopara.com.br\/wp-content\/uploads\/2020\/01\/Governador-Rui-Costa-compartilha-an\u00fancio-de-novo-concurso-p\u00fablico-20190723-e1634693355197.jpg","uagb_featured_image_src":{"full":["https:\/\/blogopara.com.br\/wp-content\/uploads\/2020\/01\/Governador-Rui-Costa-compartilha-an\u00fancio-de-novo-concurso-p\u00fablico-20190723-e1634693355197.jpg",500,333,false],"thumbnail":["https:\/\/blogopara.com.br\/wp-content\/uploads\/2020\/01\/Governador-Rui-Costa-compartilha-an\u00fancio-de-novo-concurso-p\u00fablico-20190723-150x150.jpg",150,150,true],"medium":["https:\/\/blogopara.com.br\/wp-content\/uploads\/2020\/01\/Governador-Rui-Costa-compartilha-an\u00fancio-de-novo-concurso-p\u00fablico-20190723-300x200.jpg",300,200,true],"medium_large":["https:\/\/blogopara.com.br\/wp-content\/uploads\/2020\/01\/Governador-Rui-Costa-compartilha-an\u00fancio-de-novo-concurso-p\u00fablico-20190723-768x512.jpg",640,427,true],"large":["https:\/\/blogopara.com.br\/wp-content\/uploads\/2020\/01\/Governador-Rui-Costa-compartilha-an\u00fancio-de-novo-concurso-p\u00fablico-20190723-1024x683.jpg",640,427,true],"1536x1536":["https:\/\/blogopara.com.br\/wp-content\/uploads\/2020\/01\/Governador-Rui-Costa-compartilha-an\u00fancio-de-novo-concurso-p\u00fablico-20190723-1536x1024.jpg",1536,1024,true],"2048x2048":["https:\/\/blogopara.com.br\/wp-content\/uploads\/2020\/01\/Governador-Rui-Costa-compartilha-an\u00fancio-de-novo-concurso-p\u00fablico-20190723-2048x1365.jpg",2048,1365,true],"mantranews-slider-large":["https:\/\/blogopara.com.br\/wp-content\/uploads\/2020\/01\/Governador-Rui-Costa-compartilha-an\u00fancio-de-novo-concurso-p\u00fablico-20190723-e1634693355197.jpg",500,333,false],"mantranews-featured-medium":["https:\/\/blogopara.com.br\/wp-content\/uploads\/2020\/01\/Governador-Rui-Costa-compartilha-an\u00fancio-de-novo-concurso-p\u00fablico-20190723-e1634693355197.jpg",420,280,false],"mantranews-featured-long":["https:\/\/blogopara.com.br\/wp-content\/uploads\/2020\/01\/Governador-Rui-Costa-compartilha-an\u00fancio-de-novo-concurso-p\u00fablico-20190723-e1634693355197.jpg",300,200,false],"mantranews-block-medium":["https:\/\/blogopara.com.br\/wp-content\/uploads\/2020\/01\/Governador-Rui-Costa-compartilha-an\u00fancio-de-novo-concurso-p\u00fablico-20190723-e1634693355197.jpg",435,290,false],"mantranews-carousel-image":["https:\/\/blogopara.com.br\/wp-content\/uploads\/2020\/01\/Governador-Rui-Costa-compartilha-an\u00fancio-de-novo-concurso-p\u00fablico-20190723-e1634693355197.jpg",500,333,false],"mantranews-block-thumb":["https:\/\/blogopara.com.br\/wp-content\/uploads\/2020\/01\/Governador-Rui-Costa-compartilha-an\u00fancio-de-novo-concurso-p\u00fablico-20190723-e1634693355197.jpg",322,214,false],"mantranews-single-large":["https:\/\/blogopara.com.br\/wp-content\/uploads\/2020\/01\/Governador-Rui-Costa-compartilha-an\u00fancio-de-novo-concurso-p\u00fablico-20190723-e1634693355197.jpg",500,333,false]},"uagb_author_info":{"display_name":"Reda\u00e7\u00e3o geral","author_link":"https:\/\/blogopara.com.br\/index.php\/author\/blogopara"},"uagb_comment_info":0,"uagb_excerpt":"A Associa\u00e7\u00e3o dos Oficiais Militares Estaduais da Bahia \u2013 For\u00e7a Invicta \u2013\u00a0vem a p\u00fablico esclarecer aos seus associados e \u00e0 sociedade baiana que foi convidada para participar de uma reuni\u00e3o com o Governador, em 07 de dezembro passado, na qual se trataria de repercuss\u00f5es da nova Lei 13.954\/2019, que instituiu o Sistema de Prote\u00e7\u00e3o Social&hellip;","jetpack_sharing_enabled":true,"jetpack_likes_enabled":true,"_links":{"self":[{"href":"https:\/\/blogopara.com.br\/index.php\/wp-json\/wp\/v2\/posts\/6379","targetHints":{"allow":["GET"]}}],"collection":[{"href":"https:\/\/blogopara.com.br\/index.php\/wp-json\/wp\/v2\/posts"}],"about":[{"href":"https:\/\/blogopara.com.br\/index.php\/wp-json\/wp\/v2\/types\/post"}],"author":[{"embeddable":true,"href":"https:\/\/blogopara.com.br\/index.php\/wp-json\/wp\/v2\/users\/1"}],"replies":[{"embeddable":true,"href":"https:\/\/blogopara.com.br\/index.php\/wp-json\/wp\/v2\/comments?post=6379"}],"version-history":[{"count":1,"href":"https:\/\/blogopara.com.br\/index.php\/wp-json\/wp\/v2\/posts\/6379\/revisions"}],"predecessor-version":[{"id":6381,"href":"https:\/\/blogopara.com.br\/index.php\/wp-json\/wp\/v2\/posts\/6379\/revisions\/6381"}],"wp:featuredmedia":[{"embeddable":true,"href":"https:\/\/blogopara.com.br\/index.php\/wp-json\/wp\/v2\/media\/6380"}],"wp:attachment":[{"href":"https:\/\/blogopara.com.br\/index.php\/wp-json\/wp\/v2\/media?parent=6379"}],"wp:term":[{"taxonomy":"category","embeddable":true,"href":"https:\/\/blogopara.com.br\/index.php\/wp-json\/wp\/v2\/categories?post=6379"},{"taxonomy":"post_tag","embeddable":true,"href":"https:\/\/blogopara.com.br\/index.php\/wp-json\/wp\/v2\/tags?post=6379"}],"curies":[{"name":"wp","href":"https:\/\/api.w.org\/{rel}","templated":true}]}}