{"id":63852,"date":"2024-04-08T07:13:00","date_gmt":"2024-04-08T10:13:00","guid":{"rendered":"https:\/\/blogopara.com.br\/?p=63852"},"modified":"2024-04-07T18:14:57","modified_gmt":"2024-04-07T21:14:57","slug":"julgamento-que-pode-cassar-sergio-moro-e-retomado-nesta-quarta","status":"publish","type":"post","link":"https:\/\/blogopara.com.br\/index.php\/2024\/04\/08\/julgamento-que-pode-cassar-sergio-moro-e-retomado-nesta-quarta","title":{"rendered":"Julgamento que pode cassar Sergio Moro \u00e9 retomado nesta quarta"},"content":{"rendered":"<p class=\"texto\" style=\"text-align: justify;\">O julgamento das a\u00e7\u00f5es que podem cassar o mandato do senador\u00a0Sergio Moro (Uni\u00e3o Brasil-PR)\u00a0ser\u00e1 retomado nesta quarta-feira (3\/4), \u00e0s 14h, no Tribunal Regional Eleitoral do Paran\u00e1 (TRE-PR). No primeiro dia de sess\u00e3o, o desembargador Luciano Carrasco Falavinha Souza, relator do caso, votou contra a cassa\u00e7\u00e3o, pois concluiu que n\u00e3o houve abuso de poder econ\u00f4mico, nem prova de caixa dois ou abuso nos meios de comunica\u00e7\u00e3o.<\/p>\n<p class=\"texto\" style=\"text-align: justify;\">O pr\u00f3ximo membro a votar \u00e9 o desembargador eleitoral Jos\u00e9 Rodrigo Sade. Na sequ\u00eancia,\u00a0votam a desembargadora Claudia Cristina Cristofani; o desembargador eleitoral Julio Jacob Junior; o desembargador eleitoral Anderson Ricardo Foga\u00e7a; o desembargador eleitoral Guilherme Frederico Hernandes Denz; e o presidente do TRE-PR, desembargador Sigurd Roberto Bengtsson.\u00a0Caso necess\u00e1rio, ainda est\u00e1 prevista a realiza\u00e7\u00e3o de mais uma sess\u00e3o na pr\u00f3xima segunda-feira (8\/4).<\/p>\n<p class=\"texto\" style=\"text-align: justify;\">Como o julgamento dos processos de A\u00e7\u00e3o de Investiga\u00e7\u00e3o Judicial Eleitoral (AIJE)\u00a0contra a chapa que elegeu Sergio Moro senador da Rep\u00fablica pode resultar em cassa\u00e7\u00e3o de mandato, al\u00e9m de inelegibilidade, a Corte do TRE-PR entendeu que \u00e9 necess\u00e1rio qu\u00f3rum completo (voto dos sete membros da Corte).<\/p>\n<p class=\"texto\" style=\"text-align: justify;\">Na sess\u00e3o de segunda-feira (1\u00ba\/4), o\u00a0procurador regional eleitoral Marcelo Godoy afirmou que o Minist\u00e9rio P\u00fablico Eleitoral do Paran\u00e1 utilizou como par\u00e2metro para an\u00e1lise do caso um \u201ccrit\u00e9rio de proporcionalidade objetiva\u201d. Com isso, o \u00f3rg\u00e3o manifestou-se pelo \u201cjulgamento de proced\u00eancia parcial dos pedidos a fim de que se reconhe\u00e7a a pr\u00e1tica de abuso de poder econ\u00f4mico, com a consequente cassa\u00e7\u00e3o da chapa eleita para o cargo majorit\u00e1rio de Senador da Rep\u00fablica e decreta\u00e7\u00e3o de inelegibilidade do titular e do primeiro suplente\u201d.<\/p>\n<p class=\"texto\" style=\"text-align: justify;\">As duas A\u00e7\u00f5es de Investiga\u00e7\u00e3o Judicial Eleitoral (AIJEs) foram movidas pelo Partido Liberal do Paran\u00e1 (PL\/Paran\u00e1) e pela Federa\u00e7\u00e3o Brasil da Esperan\u00e7a &#8211; F\u00e9 Brasil (PT, PV e PC do B).<\/p>\n<p>Fonte: Corrreio Braziliense<\/p>\n","protected":false},"excerpt":{"rendered":"<p>O julgamento das a\u00e7\u00f5es que podem cassar o mandato do senador\u00a0Sergio Moro (Uni\u00e3o Brasil-PR)\u00a0ser\u00e1 retomado nesta quarta-feira (3\/4), \u00e0s 14h, no Tribunal Regional Eleitoral do Paran\u00e1 (TRE-PR). No primeiro dia de sess\u00e3o, o desembargador Luciano Carrasco Falavinha Souza, relator do caso, votou contra a cassa\u00e7\u00e3o, pois concluiu que n\u00e3o houve abuso de poder econ\u00f4mico, nem [&hellip;]<\/p>\n","protected":false},"author":1,"featured_media":10042,"comment_status":"closed","ping_status":"open","sticky":false,"template":"","format":"standard","meta":{"_uag_custom_page_level_css":"","_monsterinsights_skip_tracking":false,"_monsterinsights_sitenote_active":false,"_monsterinsights_sitenote_note":"","_monsterinsights_sitenote_category":0,"jetpack_post_was_ever_published":false,"_jetpack_newsletter_access":"","_jetpack_dont_email_post_to_subs":false,"_jetpack_newsletter_tier_id":0,"_jetpack_memberships_contains_paywalled_content":false,"_jetpack_memberships_contains_paid_content":false,"footnotes":"","jetpack_publicize_message":"","jetpack_publicize_feature_enabled":true,"jetpack_social_post_already_shared":true,"jetpack_social_options":{"image_generator_settings":{"template":"highway","default_image_id":0,"font":"","enabled":false},"version":2}},"categories":[200],"tags":[],"class_list":["post-63852","post","type-post","status-publish","format-standard","has-post-thumbnail","hentry","category-brasil"],"jetpack_publicize_connections":[],"jetpack_featured_media_url":"https:\/\/blogopara.com.br\/wp-content\/uploads\/2020\/05\/91393apos-mais-de-oito-horas-moro-conclui-depoimento-a-pf-3.jpg","uagb_featured_image_src":{"full":["https:\/\/blogopara.com.br\/wp-content\/uploads\/2020\/05\/91393apos-mais-de-oito-horas-moro-conclui-depoimento-a-pf-3.jpg",500,235,false],"thumbnail":["https:\/\/blogopara.com.br\/wp-content\/uploads\/2020\/05\/91393apos-mais-de-oito-horas-moro-conclui-depoimento-a-pf-3-150x150.jpg",150,150,true],"medium":["https:\/\/blogopara.com.br\/wp-content\/uploads\/2020\/05\/91393apos-mais-de-oito-horas-moro-conclui-depoimento-a-pf-3-300x141.jpg",300,141,true],"medium_large":["https:\/\/blogopara.com.br\/wp-content\/uploads\/2020\/05\/91393apos-mais-de-oito-horas-moro-conclui-depoimento-a-pf-3.jpg",500,235,false],"large":["https:\/\/blogopara.com.br\/wp-content\/uploads\/2020\/05\/91393apos-mais-de-oito-horas-moro-conclui-depoimento-a-pf-3.jpg",500,235,false],"1536x1536":["https:\/\/blogopara.com.br\/wp-content\/uploads\/2020\/05\/91393apos-mais-de-oito-horas-moro-conclui-depoimento-a-pf-3.jpg",500,235,false],"2048x2048":["https:\/\/blogopara.com.br\/wp-content\/uploads\/2020\/05\/91393apos-mais-de-oito-horas-moro-conclui-depoimento-a-pf-3.jpg",500,235,false],"mantranews-slider-large":["https:\/\/blogopara.com.br\/wp-content\/uploads\/2020\/05\/91393apos-mais-de-oito-horas-moro-conclui-depoimento-a-pf-3.jpg",500,235,false],"mantranews-featured-medium":["https:\/\/blogopara.com.br\/wp-content\/uploads\/2020\/05\/91393apos-mais-de-oito-horas-moro-conclui-depoimento-a-pf-3-420x235.jpg",420,235,true],"mantranews-featured-long":["https:\/\/blogopara.com.br\/wp-content\/uploads\/2020\/05\/91393apos-mais-de-oito-horas-moro-conclui-depoimento-a-pf-3-300x235.jpg",300,235,true],"mantranews-block-medium":["https:\/\/blogopara.com.br\/wp-content\/uploads\/2020\/05\/91393apos-mais-de-oito-horas-moro-conclui-depoimento-a-pf-3-464x235.jpg",464,235,true],"mantranews-carousel-image":["https:\/\/blogopara.com.br\/wp-content\/uploads\/2020\/05\/91393apos-mais-de-oito-horas-moro-conclui-depoimento-a-pf-3.jpg",500,235,false],"mantranews-block-thumb":["https:\/\/blogopara.com.br\/wp-content\/uploads\/2020\/05\/91393apos-mais-de-oito-horas-moro-conclui-depoimento-a-pf-3-322x230.jpg",322,230,true],"mantranews-single-large":["https:\/\/blogopara.com.br\/wp-content\/uploads\/2020\/05\/91393apos-mais-de-oito-horas-moro-conclui-depoimento-a-pf-3.jpg",500,235,false]},"uagb_author_info":{"display_name":"Reda\u00e7\u00e3o geral","author_link":"https:\/\/blogopara.com.br\/index.php\/author\/blogopara"},"uagb_comment_info":0,"uagb_excerpt":"O julgamento das a\u00e7\u00f5es que podem cassar o mandato do senador\u00a0Sergio Moro (Uni\u00e3o Brasil-PR)\u00a0ser\u00e1 retomado nesta quarta-feira (3\/4), \u00e0s 14h, no Tribunal Regional Eleitoral do Paran\u00e1 (TRE-PR). No primeiro dia de sess\u00e3o, o desembargador Luciano Carrasco Falavinha Souza, relator do caso, votou contra a cassa\u00e7\u00e3o, pois concluiu que n\u00e3o houve abuso de poder econ\u00f4mico, nem&hellip;","jetpack_sharing_enabled":true,"jetpack_likes_enabled":true,"_links":{"self":[{"href":"https:\/\/blogopara.com.br\/index.php\/wp-json\/wp\/v2\/posts\/63852","targetHints":{"allow":["GET"]}}],"collection":[{"href":"https:\/\/blogopara.com.br\/index.php\/wp-json\/wp\/v2\/posts"}],"about":[{"href":"https:\/\/blogopara.com.br\/index.php\/wp-json\/wp\/v2\/types\/post"}],"author":[{"embeddable":true,"href":"https:\/\/blogopara.com.br\/index.php\/wp-json\/wp\/v2\/users\/1"}],"replies":[{"embeddable":true,"href":"https:\/\/blogopara.com.br\/index.php\/wp-json\/wp\/v2\/comments?post=63852"}],"version-history":[{"count":1,"href":"https:\/\/blogopara.com.br\/index.php\/wp-json\/wp\/v2\/posts\/63852\/revisions"}],"predecessor-version":[{"id":63853,"href":"https:\/\/blogopara.com.br\/index.php\/wp-json\/wp\/v2\/posts\/63852\/revisions\/63853"}],"wp:featuredmedia":[{"embeddable":true,"href":"https:\/\/blogopara.com.br\/index.php\/wp-json\/wp\/v2\/media\/10042"}],"wp:attachment":[{"href":"https:\/\/blogopara.com.br\/index.php\/wp-json\/wp\/v2\/media?parent=63852"}],"wp:term":[{"taxonomy":"category","embeddable":true,"href":"https:\/\/blogopara.com.br\/index.php\/wp-json\/wp\/v2\/categories?post=63852"},{"taxonomy":"post_tag","embeddable":true,"href":"https:\/\/blogopara.com.br\/index.php\/wp-json\/wp\/v2\/tags?post=63852"}],"curies":[{"name":"wp","href":"https:\/\/api.w.org\/{rel}","templated":true}]}}