{"id":63894,"date":"2024-04-09T08:20:00","date_gmt":"2024-04-09T11:20:00","guid":{"rendered":"https:\/\/blogopara.com.br\/?p=63894"},"modified":"2024-04-08T20:05:20","modified_gmt":"2024-04-08T23:05:20","slug":"aps-itinerante-prefeitura-de-juazeiro-levara-programa-de-atendimentos-de-saude-ao-bairro-antonio-guilhermino-nesta-quarta-feira-10","status":"publish","type":"post","link":"https:\/\/blogopara.com.br\/index.php\/2024\/04\/09\/aps-itinerante-prefeitura-de-juazeiro-levara-programa-de-atendimentos-de-saude-ao-bairro-antonio-guilhermino-nesta-quarta-feira-10","title":{"rendered":"APS Itinerante: Prefeitura de Juazeiro levar\u00e1 programa de atendimentos de sa\u00fade ao bairro Ant\u00f4nio Guilhermino nesta quarta-feira (10)"},"content":{"rendered":"<p style=\"text-align: justify;\">O bairro Ant\u00f4nio Guilhermino receber\u00e1, nesta quarta-feira (10), o mutir\u00e3o de servi\u00e7os de sa\u00fade \u201cAPS Itinerante\u201d. O programa, realizado pela Prefeitura de Juazeiro, atrav\u00e9s da Secretaria de Sa\u00fade (Sesau), levar\u00e1 consultas e exames para atender \u00e0s principais demandas da comunidade.<\/p>\n<p>A superintendente de Aten\u00e7\u00e3o B\u00e1sica da Sesau, Pollyana Evangelista, explicou que os atendimentos j\u00e1 foram previamente agendados com os pacientes. \u201cA Unidade B\u00e1sica de Sa\u00fade do bairro avalia quais servi\u00e7os s\u00e3o mais demandados pela comunidade e faz os agendamentos. Para o Ant\u00f4nio Guilhermino, vamos disponibilizar consultas ginecol\u00f3gicas, exames de eletrocardiograma e ultrassonografias obst\u00e9trica, de vias urin\u00e1rias tireoide e pr\u00f3stata\u201d, detalhou.<\/p>\n<p>Os atendimentos iniciam \u00e0s 8h na Unidade B\u00e1sica de Sa\u00fade (UBS). \u00c9 preciso que os pacientes levem documento oficial com foto, CPF ou Cart\u00e3o SUS.<\/p>\n<div style=\"text-align: justify;\"><\/div>\n<div>Texto: Marcela Cavalcanti &#8211; Ascom Sesau &#8211; PMJ<br clear=\"all\" \/><\/p>\n<div style=\"text-align: justify;\"><\/div>\n<\/div>\n","protected":false},"excerpt":{"rendered":"<p>O bairro Ant\u00f4nio Guilhermino receber\u00e1, nesta quarta-feira (10), o mutir\u00e3o de servi\u00e7os de sa\u00fade \u201cAPS Itinerante\u201d. O programa, realizado pela Prefeitura de Juazeiro, atrav\u00e9s da Secretaria de Sa\u00fade (Sesau), levar\u00e1 consultas e exames para atender \u00e0s principais demandas da comunidade. A superintendente de Aten\u00e7\u00e3o B\u00e1sica da Sesau, Pollyana Evangelista, explicou que os atendimentos j\u00e1 foram [&hellip;]<\/p>\n","protected":false},"author":1,"featured_media":44872,"comment_status":"closed","ping_status":"open","sticky":false,"template":"","format":"standard","meta":{"_uag_custom_page_level_css":"","_monsterinsights_skip_tracking":false,"_monsterinsights_sitenote_active":false,"_monsterinsights_sitenote_note":"","_monsterinsights_sitenote_category":0,"jetpack_post_was_ever_published":false,"_jetpack_newsletter_access":"","_jetpack_dont_email_post_to_subs":false,"_jetpack_newsletter_tier_id":0,"_jetpack_memberships_contains_paywalled_content":false,"_jetpack_memberships_contains_paid_content":false,"footnotes":"","jetpack_publicize_message":"","jetpack_publicize_feature_enabled":true,"jetpack_social_post_already_shared":true,"jetpack_social_options":{"image_generator_settings":{"template":"highway","default_image_id":0,"font":"","enabled":false},"version":2}},"categories":[203],"tags":[],"class_list":["post-63894","post","type-post","status-publish","format-standard","has-post-thumbnail","hentry","category-juazeiro"],"jetpack_publicize_connections":[],"jetpack_featured_media_url":"https:\/\/blogopara.com.br\/wp-content\/uploads\/2022\/11\/saude-em-mov.-1-joao-pedro-soares.jpg","uagb_featured_image_src":{"full":["https:\/\/blogopara.com.br\/wp-content\/uploads\/2022\/11\/saude-em-mov.-1-joao-pedro-soares.jpg",500,333,false],"thumbnail":["https:\/\/blogopara.com.br\/wp-content\/uploads\/2022\/11\/saude-em-mov.-1-joao-pedro-soares-150x150.jpg",150,150,true],"medium":["https:\/\/blogopara.com.br\/wp-content\/uploads\/2022\/11\/saude-em-mov.-1-joao-pedro-soares-300x200.jpg",300,200,true],"medium_large":["https:\/\/blogopara.com.br\/wp-content\/uploads\/2022\/11\/saude-em-mov.-1-joao-pedro-soares.jpg",500,333,false],"large":["https:\/\/blogopara.com.br\/wp-content\/uploads\/2022\/11\/saude-em-mov.-1-joao-pedro-soares.jpg",500,333,false],"1536x1536":["https:\/\/blogopara.com.br\/wp-content\/uploads\/2022\/11\/saude-em-mov.-1-joao-pedro-soares.jpg",500,333,false],"2048x2048":["https:\/\/blogopara.com.br\/wp-content\/uploads\/2022\/11\/saude-em-mov.-1-joao-pedro-soares.jpg",500,333,false],"mantranews-slider-large":["https:\/\/blogopara.com.br\/wp-content\/uploads\/2022\/11\/saude-em-mov.-1-joao-pedro-soares.jpg",500,333,false],"mantranews-featured-medium":["https:\/\/blogopara.com.br\/wp-content\/uploads\/2022\/11\/saude-em-mov.-1-joao-pedro-soares-420x307.jpg",420,307,true],"mantranews-featured-long":["https:\/\/blogopara.com.br\/wp-content\/uploads\/2022\/11\/saude-em-mov.-1-joao-pedro-soares-300x333.jpg",300,333,true],"mantranews-block-medium":["https:\/\/blogopara.com.br\/wp-content\/uploads\/2022\/11\/saude-em-mov.-1-joao-pedro-soares-464x290.jpg",464,290,true],"mantranews-carousel-image":["https:\/\/blogopara.com.br\/wp-content\/uploads\/2022\/11\/saude-em-mov.-1-joao-pedro-soares.jpg",500,333,false],"mantranews-block-thumb":["https:\/\/blogopara.com.br\/wp-content\/uploads\/2022\/11\/saude-em-mov.-1-joao-pedro-soares-322x230.jpg",322,230,true],"mantranews-single-large":["https:\/\/blogopara.com.br\/wp-content\/uploads\/2022\/11\/saude-em-mov.-1-joao-pedro-soares.jpg",500,333,false]},"uagb_author_info":{"display_name":"Reda\u00e7\u00e3o geral","author_link":"https:\/\/blogopara.com.br\/index.php\/author\/blogopara"},"uagb_comment_info":0,"uagb_excerpt":"O bairro Ant\u00f4nio Guilhermino receber\u00e1, nesta quarta-feira (10), o mutir\u00e3o de servi\u00e7os de sa\u00fade \u201cAPS Itinerante\u201d. O programa, realizado pela Prefeitura de Juazeiro, atrav\u00e9s da Secretaria de Sa\u00fade (Sesau), levar\u00e1 consultas e exames para atender \u00e0s principais demandas da comunidade. A superintendente de Aten\u00e7\u00e3o B\u00e1sica da Sesau, Pollyana Evangelista, explicou que os atendimentos j\u00e1 foram&hellip;","jetpack_sharing_enabled":true,"jetpack_likes_enabled":true,"_links":{"self":[{"href":"https:\/\/blogopara.com.br\/index.php\/wp-json\/wp\/v2\/posts\/63894","targetHints":{"allow":["GET"]}}],"collection":[{"href":"https:\/\/blogopara.com.br\/index.php\/wp-json\/wp\/v2\/posts"}],"about":[{"href":"https:\/\/blogopara.com.br\/index.php\/wp-json\/wp\/v2\/types\/post"}],"author":[{"embeddable":true,"href":"https:\/\/blogopara.com.br\/index.php\/wp-json\/wp\/v2\/users\/1"}],"replies":[{"embeddable":true,"href":"https:\/\/blogopara.com.br\/index.php\/wp-json\/wp\/v2\/comments?post=63894"}],"version-history":[{"count":1,"href":"https:\/\/blogopara.com.br\/index.php\/wp-json\/wp\/v2\/posts\/63894\/revisions"}],"predecessor-version":[{"id":63895,"href":"https:\/\/blogopara.com.br\/index.php\/wp-json\/wp\/v2\/posts\/63894\/revisions\/63895"}],"wp:featuredmedia":[{"embeddable":true,"href":"https:\/\/blogopara.com.br\/index.php\/wp-json\/wp\/v2\/media\/44872"}],"wp:attachment":[{"href":"https:\/\/blogopara.com.br\/index.php\/wp-json\/wp\/v2\/media?parent=63894"}],"wp:term":[{"taxonomy":"category","embeddable":true,"href":"https:\/\/blogopara.com.br\/index.php\/wp-json\/wp\/v2\/categories?post=63894"},{"taxonomy":"post_tag","embeddable":true,"href":"https:\/\/blogopara.com.br\/index.php\/wp-json\/wp\/v2\/tags?post=63894"}],"curies":[{"name":"wp","href":"https:\/\/api.w.org\/{rel}","templated":true}]}}