{"id":63971,"date":"2024-04-10T15:44:00","date_gmt":"2024-04-10T18:44:00","guid":{"rendered":"https:\/\/blogopara.com.br\/?p=63971"},"modified":"2024-04-10T10:49:15","modified_gmt":"2024-04-10T13:49:15","slug":"bahia-mulher-morta-no-engenho-velho-da-federacao-tinha-videos-em-referencia-ao-bdm","status":"publish","type":"post","link":"https:\/\/blogopara.com.br\/index.php\/2024\/04\/10\/bahia-mulher-morta-no-engenho-velho-da-federacao-tinha-videos-em-referencia-ao-bdm","title":{"rendered":"Bahia: mulher morta no Engenho Velho da Federa\u00e7\u00e3o tinha v\u00eddeos em refer\u00eancia ao BDM"},"content":{"rendered":"<div class=\"container--component-block\">\n<p id=\"paragrafo-sn4kz9lvt5\" class=\"component--paragrafo\" style=\"text-align: justify;\">A mulher que foi\u00a0morta a tiros na noite de ter\u00e7a-feira (9) na Rua Neide Gama, no Engenho Velho da Federa\u00e7\u00e3o, \u00e9 mais uma v\u00edtima do \u2018tribunal do crime\u2019 em Salvador. A v\u00edtima, ainda n\u00e3o identificada, teria sido parada por traficantes do Comando Vermelho (CV) que examinaram seu aparelho telef\u00f4nico e encontraram v\u00eddeos em que ela faz um sinal em refer\u00eancia ao Bonde do Maluco (BDM), grupo rival que trava disputa pelo dom\u00ednio de tr\u00e1fico drogas no bairro.<\/p>\n<\/div>\n<div class=\"container--component-block\" style=\"text-align: justify;\">\n<p id=\"paragrafo-ocfqbhg1pm\" class=\"component--paragrafo\">A reportagem teve acesso a um dos v\u00eddeos onde a v\u00edtima faz o \u2018sinal do tr\u00eas\u2019, conhecido como \u2018salve\u2019 do BDM, que \u00e9 usado para saudar integrantes da fac\u00e7\u00e3o ou at\u00e9 mesmo provocar fac\u00e7\u00f5es criminosas rivais, como o CV. O caso foi registrado pela Pol\u00edcia Militar da Bahia (PM-BA) que, quando questionada, informou que n\u00e3o h\u00e1 ainda informa\u00e7\u00f5es sobre a autoria e a motiva\u00e7\u00e3o do crime. O caso \u00e9 investigado pela Pol\u00edcia Civil da Bahia (PC-BA), que realizou per\u00edcia no local.<\/p>\n<\/div>\n<div class=\"container--component-block\" style=\"text-align: justify;\">\n<p id=\"paragrafo-q8kpbcohv1\" class=\"component--paragrafo\">Uma fonte da pol\u00edcia, que prefere n\u00e3o se identificar, aponta os v\u00eddeos como fator determinante para a execu\u00e7\u00e3o da v\u00edtima. \u201cPode parecer um motivo torpe para quem n\u00e3o sabe como esses criminosos agem, mas v\u00eddeos com refer\u00eancia a outra fac\u00e7\u00e3o s\u00e3o, infelizmente, motivo para homic\u00eddios do tipo. Ainda mais em uma \u00e1rea de disputa como \u00e9 o Engenho Velho da Federa\u00e7\u00e3o. CV e BDM brigam por cada palmo do bairro e assassinatos assim s\u00e3o parte dessa guerra\u201d, explica.<\/p>\n<\/div>\n<div class=\"container--component-block\" style=\"text-align: justify;\">\n<p id=\"paragrafo-bck0rs6qj2\" class=\"component--paragrafo\">Dados do Instituto Fogo Cruzado, que monitora a viol\u00eancia armada em Salvador e Regi\u00e3o Metropolitana (RMS) atestam o estado de disputa que se tem no bairro. Em janeiro, por exemplo,\u00a0com 11 tiroteios, tr\u00eas mortos e dois feridos, o Engenho Velho da Federa\u00e7\u00e3o esteve \u00e0 frente de todos os outros em registros de confrontos armados nos primeiros 31 dias do ano.<\/p>\n<\/div>\n<div class=\"container--component-block\" style=\"text-align: justify;\">\n<div id=\"imagem-qerfyrecvj\" class=\"component--imagem\">\n<figure><img decoding=\"async\" src=\"https:\/\/midias.correio24horas.com.br\/2024\/04\/10\/auto-upload-2068193.png\" alt=\"\" width=\"1600px\" height=\"960px\" \/><\/figure>\n<p>Casos de viol\u00eancia foram recorrentes em janeiro no Engenho Velho de Federa\u00e7\u00e3o\u00a0Cr\u00e9dito: Reprodu\u00e7\u00e3o<\/p><\/div>\n<\/div>\n<div class=\"article_intext\" style=\"text-align: justify;\">\n<div id=\"internas_336x280_03\" data-google-query-id=\"CM7lhvXjt4UDFRNZuAQd8iwK6g\">\n<div id=\"google_ads_iframe_\/44585206\/d_c24h_internas_336x280_2__container__\"><\/div>\n<\/div>\n<\/div>\n<div class=\"container--component-block\" style=\"text-align: justify;\">\n<p id=\"paragrafo-ud24idynqa\" class=\"component--paragrafo\">Na \u00e9poca, o titular da Secretaria de Seguran\u00e7a P\u00fablica do Estado da Bahia (SSP-BA), Marcelo Werner\u00a0admitiu que o bairro presencia uma disputa ente grupos armados.\u00a0&#8220;Aquela ali, infelizmente, \u00e9 uma \u00e1rea de disputa entre fac\u00e7\u00f5es. Voc\u00eas sabem do combate forte que a gente vem fazendo contra os grupos criminosos que causam esse tipo de evento de terror, de viol\u00eancia e que deixa a popula\u00e7\u00e3o acuada por conta dos tiroteios entre eles&#8221;, falou Werner.<\/p>\n<\/div>\n<div class=\"container--component-block\" style=\"text-align: justify;\">\n<p id=\"paragrafo-hpwyvjcsx4\" class=\"component--paragrafo\">A fonte da pol\u00edcia ouvida pela reportagem afirma que a\u00e7\u00f5es como a execu\u00e7\u00e3o da mulher, para as organiza\u00e7\u00f5es criminosas, podem parecer uma demonstra\u00e7\u00e3o de for\u00e7a. \u201cEsses traficantes atuam e se valem do terror. Uma morte assim por conta de um v\u00eddeo mostra quem est\u00e3o dispostos a tudo e aterroriza a popula\u00e7\u00e3o. \u00c9 justamente a forma como eles entendem que podem vencer a guerra que travam pelo bairro\u201d, completa.<\/p>\n<\/div>\n<div class=\"container--component-block\">\n<p id=\"paragrafo-b7vvu30gbv\" class=\"component--paragrafo\" style=\"text-align: justify;\">No local onde a mulher foi morta, ainda na noite de ter\u00e7a-feira, era poss\u00edvel ver dezenas de c\u00e1psulas de bala de calibres distintos espalhados pela \u00e1rea onde a v\u00edtima foi executada.<\/p>\n<p style=\"text-align: justify;\">Com informa\u00e7\u00f5es Correio da Bahia<\/p>\n<\/div>\n","protected":false},"excerpt":{"rendered":"<p>A mulher que foi\u00a0morta a tiros na noite de ter\u00e7a-feira (9) na Rua Neide Gama, no Engenho Velho da Federa\u00e7\u00e3o, \u00e9 mais uma v\u00edtima do \u2018tribunal do crime\u2019 em Salvador. A v\u00edtima, ainda n\u00e3o identificada, teria sido parada por traficantes do Comando Vermelho (CV) que examinaram seu aparelho telef\u00f4nico e encontraram v\u00eddeos em que ela [&hellip;]<\/p>\n","protected":false},"author":1,"featured_media":63972,"comment_status":"closed","ping_status":"open","sticky":false,"template":"","format":"standard","meta":{"_uag_custom_page_level_css":"","_monsterinsights_skip_tracking":false,"_monsterinsights_sitenote_active":false,"_monsterinsights_sitenote_note":"","_monsterinsights_sitenote_category":0,"jetpack_post_was_ever_published":false,"_jetpack_newsletter_access":"","_jetpack_dont_email_post_to_subs":false,"_jetpack_newsletter_tier_id":0,"_jetpack_memberships_contains_paywalled_content":false,"_jetpack_memberships_contains_paid_content":false,"footnotes":"","jetpack_publicize_message":"","jetpack_publicize_feature_enabled":true,"jetpack_social_post_already_shared":true,"jetpack_social_options":{"image_generator_settings":{"template":"highway","default_image_id":0,"font":"","enabled":false},"version":2}},"categories":[199],"tags":[10136,4889],"class_list":["post-63971","post","type-post","status-publish","format-standard","has-post-thumbnail","hentry","category-bahia","tag-pt-da-bahia","tag-ssp-ba"],"jetpack_publicize_connections":[],"jetpack_featured_media_url":"https:\/\/blogopara.com.br\/wp-content\/uploads\/2024\/04\/IMG_8788.jpeg","uagb_featured_image_src":{"full":["https:\/\/blogopara.com.br\/wp-content\/uploads\/2024\/04\/IMG_8788.jpeg",500,332,false],"thumbnail":["https:\/\/blogopara.com.br\/wp-content\/uploads\/2024\/04\/IMG_8788-150x150.jpeg",150,150,true],"medium":["https:\/\/blogopara.com.br\/wp-content\/uploads\/2024\/04\/IMG_8788-300x199.jpeg",300,199,true],"medium_large":["https:\/\/blogopara.com.br\/wp-content\/uploads\/2024\/04\/IMG_8788.jpeg",500,332,false],"large":["https:\/\/blogopara.com.br\/wp-content\/uploads\/2024\/04\/IMG_8788.jpeg",500,332,false],"1536x1536":["https:\/\/blogopara.com.br\/wp-content\/uploads\/2024\/04\/IMG_8788.jpeg",500,332,false],"2048x2048":["https:\/\/blogopara.com.br\/wp-content\/uploads\/2024\/04\/IMG_8788.jpeg",500,332,false],"mantranews-slider-large":["https:\/\/blogopara.com.br\/wp-content\/uploads\/2024\/04\/IMG_8788.jpeg",500,332,false],"mantranews-featured-medium":["https:\/\/blogopara.com.br\/wp-content\/uploads\/2024\/04\/IMG_8788-420x307.jpeg",420,307,true],"mantranews-featured-long":["https:\/\/blogopara.com.br\/wp-content\/uploads\/2024\/04\/IMG_8788-300x332.jpeg",300,332,true],"mantranews-block-medium":["https:\/\/blogopara.com.br\/wp-content\/uploads\/2024\/04\/IMG_8788-464x290.jpeg",464,290,true],"mantranews-carousel-image":["https:\/\/blogopara.com.br\/wp-content\/uploads\/2024\/04\/IMG_8788.jpeg",500,332,false],"mantranews-block-thumb":["https:\/\/blogopara.com.br\/wp-content\/uploads\/2024\/04\/IMG_8788-322x230.jpeg",322,230,true],"mantranews-single-large":["https:\/\/blogopara.com.br\/wp-content\/uploads\/2024\/04\/IMG_8788.jpeg",500,332,false]},"uagb_author_info":{"display_name":"Reda\u00e7\u00e3o geral","author_link":"https:\/\/blogopara.com.br\/index.php\/author\/blogopara"},"uagb_comment_info":0,"uagb_excerpt":"A mulher que foi\u00a0morta a tiros na noite de ter\u00e7a-feira (9) na Rua Neide Gama, no Engenho Velho da Federa\u00e7\u00e3o, \u00e9 mais uma v\u00edtima do \u2018tribunal do crime\u2019 em Salvador. A v\u00edtima, ainda n\u00e3o identificada, teria sido parada por traficantes do Comando Vermelho (CV) que examinaram seu aparelho telef\u00f4nico e encontraram v\u00eddeos em que ela&hellip;","jetpack_sharing_enabled":true,"jetpack_likes_enabled":true,"_links":{"self":[{"href":"https:\/\/blogopara.com.br\/index.php\/wp-json\/wp\/v2\/posts\/63971","targetHints":{"allow":["GET"]}}],"collection":[{"href":"https:\/\/blogopara.com.br\/index.php\/wp-json\/wp\/v2\/posts"}],"about":[{"href":"https:\/\/blogopara.com.br\/index.php\/wp-json\/wp\/v2\/types\/post"}],"author":[{"embeddable":true,"href":"https:\/\/blogopara.com.br\/index.php\/wp-json\/wp\/v2\/users\/1"}],"replies":[{"embeddable":true,"href":"https:\/\/blogopara.com.br\/index.php\/wp-json\/wp\/v2\/comments?post=63971"}],"version-history":[{"count":1,"href":"https:\/\/blogopara.com.br\/index.php\/wp-json\/wp\/v2\/posts\/63971\/revisions"}],"predecessor-version":[{"id":63973,"href":"https:\/\/blogopara.com.br\/index.php\/wp-json\/wp\/v2\/posts\/63971\/revisions\/63973"}],"wp:featuredmedia":[{"embeddable":true,"href":"https:\/\/blogopara.com.br\/index.php\/wp-json\/wp\/v2\/media\/63972"}],"wp:attachment":[{"href":"https:\/\/blogopara.com.br\/index.php\/wp-json\/wp\/v2\/media?parent=63971"}],"wp:term":[{"taxonomy":"category","embeddable":true,"href":"https:\/\/blogopara.com.br\/index.php\/wp-json\/wp\/v2\/categories?post=63971"},{"taxonomy":"post_tag","embeddable":true,"href":"https:\/\/blogopara.com.br\/index.php\/wp-json\/wp\/v2\/tags?post=63971"}],"curies":[{"name":"wp","href":"https:\/\/api.w.org\/{rel}","templated":true}]}}