{"id":63974,"date":"2024-04-10T16:50:00","date_gmt":"2024-04-10T19:50:00","guid":{"rendered":"https:\/\/blogopara.com.br\/?p=63974"},"modified":"2024-04-10T10:51:23","modified_gmt":"2024-04-10T13:51:23","slug":"deputado-quer-convocar-rui-costa-para-explicar-suposta-interferencia-na-policia-civil","status":"publish","type":"post","link":"https:\/\/blogopara.com.br\/index.php\/2024\/04\/10\/deputado-quer-convocar-rui-costa-para-explicar-suposta-interferencia-na-policia-civil","title":{"rendered":"Deputado quer convocar Rui Costa para explicar suposta interfer\u00eancia na Pol\u00edcia Civil"},"content":{"rendered":"<div class=\"container--component-block\">\n<p id=\"paragrafo-gc3xpcr3t5\" class=\"component--paragrafo\" style=\"text-align: justify;\">O deputado federal baiano Capit\u00e3o Alden (PL) quer convocar o ministro da Casa Civil, Rui Costa (PT), para explicar a suposta interfer\u00eancia na Pol\u00edcia Civil na \u00e9poca em que era governador da Bahia. A interven\u00e7\u00e3o no \u00f3rg\u00e3o estadual teria ocorrido no caso dos respiradores comprados no per\u00edodo da pandemia da Covid-19.<\/p>\n<\/div>\n<div class=\"container--component-block\" style=\"text-align: justify;\">\n<p id=\"paragrafo-4kt7w8sjzm\" class=\"component--paragrafo\">Em seu acordo de dela\u00e7\u00e3o premiada, a dona da Hempcare, Cristiana Prestes Taddeo, relatou que as cita\u00e7\u00f5es aos nomes de Rui Costa e da ex-primeira-dama do estado, Aline Peixoto, que \u00e9 atual conselheira do Tribunal de Contas dos Munic\u00edpios (TCM), no depoimento \u00e0 Pol\u00edcia Civil foram omitidas pelos investigadores do \u00f3rg\u00e3o estadual. O que seria, segundo ela, uma a\u00e7\u00e3o para blindar o casal.<\/p>\n<\/div>\n<div class=\"container--component-block\" style=\"text-align: justify;\">\n<p id=\"paragrafo-5cbrqowkv8\" class=\"component--paragrafo\">Segundo a vers\u00e3o da delatora, a contrata\u00e7\u00e3o da Hempcare, que forneceria 300 respiradores no per\u00edodo da pandemia da covid-19, foi intermediada pelo empres\u00e1rio baiano Cleber Isaac, que se apresentou como &#8220;amigo\u201d de Rui e Aline.<\/p>\n<\/div>\n<div class=\"container--component-block\" style=\"text-align: justify;\">\n<p id=\"paragrafo-6tr3l85z9l\" class=\"component--paragrafo\">\u201c\u00c9 crucial que o ministro Rui Costa explique para a popula\u00e7\u00e3o e para os membros desta Comiss\u00e3o de Seguran\u00e7a P\u00fablica, de forma clara e transparente, as acusa\u00e7\u00f5es de sua suposta interfer\u00eancia na condu\u00e7\u00e3o das investiga\u00e7\u00f5es. Tais alega\u00e7\u00f5es levantam preocupa\u00e7\u00f5es s\u00e9rias sobre a independ\u00eancia e a imparcialidade das autoridades encarregadas da aplica\u00e7\u00e3o da lei\u201d, escreveu Capit\u00e3o Alden, no requerimento.<\/p>\n<\/div>\n<div class=\"container--component-block\" style=\"text-align: justify;\">\n<p id=\"paragrafo-5xkk455e35\" class=\"component--paragrafo\">O requerimento seria votado na Comiss\u00e3o de Seguran\u00e7a P\u00fablica e Combate ao Crime Organizado da C\u00e2mara dos Deputados nesta ter\u00e7a-feira (9), mas foi adiado para a pr\u00f3xima semana.<\/p>\n<\/div>\n<div class=\"container--component-block\">\n<p id=\"paragrafo-aersbsqy42\" class=\"component--paragrafo\" style=\"text-align: justify;\">Procurada pelo CORREIO, a assessoria de comunica\u00e7\u00e3o do ministro Rui Costa disse que n\u00e3o vai se manifestar. A Pol\u00edcia Civil tamb\u00e9m informou que ainda n\u00e3o ir\u00e1 se posicionar sobre o assunto.<\/p>\n<\/div>\n","protected":false},"excerpt":{"rendered":"<p>O deputado federal baiano Capit\u00e3o Alden (PL) quer convocar o ministro da Casa Civil, Rui Costa (PT), para explicar a suposta interfer\u00eancia na Pol\u00edcia Civil na \u00e9poca em que era governador da Bahia. A interven\u00e7\u00e3o no \u00f3rg\u00e3o estadual teria ocorrido no caso dos respiradores comprados no per\u00edodo da pandemia da Covid-19. Em seu acordo de [&hellip;]<\/p>\n","protected":false},"author":1,"featured_media":38022,"comment_status":"closed","ping_status":"open","sticky":false,"template":"","format":"standard","meta":{"_uag_custom_page_level_css":"","_monsterinsights_skip_tracking":false,"_monsterinsights_sitenote_active":false,"_monsterinsights_sitenote_note":"","_monsterinsights_sitenote_category":0,"jetpack_post_was_ever_published":false,"_jetpack_newsletter_access":"","_jetpack_dont_email_post_to_subs":false,"_jetpack_newsletter_tier_id":0,"_jetpack_memberships_contains_paywalled_content":false,"_jetpack_memberships_contains_paid_content":false,"footnotes":"","jetpack_publicize_message":"","jetpack_publicize_feature_enabled":true,"jetpack_social_post_already_shared":true,"jetpack_social_options":{"image_generator_settings":{"template":"highway","default_image_id":0,"font":"","enabled":false},"version":2}},"categories":[199],"tags":[10136],"class_list":["post-63974","post","type-post","status-publish","format-standard","has-post-thumbnail","hentry","category-bahia","tag-pt-da-bahia"],"jetpack_publicize_connections":[],"jetpack_featured_media_url":"https:\/\/blogopara.com.br\/wp-content\/uploads\/2022\/06\/Clima-de-velorio-na-passagem-de-Rui-pelo-Oeste-novo.jpg","uagb_featured_image_src":{"full":["https:\/\/blogopara.com.br\/wp-content\/uploads\/2022\/06\/Clima-de-velorio-na-passagem-de-Rui-pelo-Oeste-novo.jpg",500,262,false],"thumbnail":["https:\/\/blogopara.com.br\/wp-content\/uploads\/2022\/06\/Clima-de-velorio-na-passagem-de-Rui-pelo-Oeste-novo-150x150.jpg",150,150,true],"medium":["https:\/\/blogopara.com.br\/wp-content\/uploads\/2022\/06\/Clima-de-velorio-na-passagem-de-Rui-pelo-Oeste-novo-300x157.jpg",300,157,true],"medium_large":["https:\/\/blogopara.com.br\/wp-content\/uploads\/2022\/06\/Clima-de-velorio-na-passagem-de-Rui-pelo-Oeste-novo.jpg",500,262,false],"large":["https:\/\/blogopara.com.br\/wp-content\/uploads\/2022\/06\/Clima-de-velorio-na-passagem-de-Rui-pelo-Oeste-novo.jpg",500,262,false],"1536x1536":["https:\/\/blogopara.com.br\/wp-content\/uploads\/2022\/06\/Clima-de-velorio-na-passagem-de-Rui-pelo-Oeste-novo.jpg",500,262,false],"2048x2048":["https:\/\/blogopara.com.br\/wp-content\/uploads\/2022\/06\/Clima-de-velorio-na-passagem-de-Rui-pelo-Oeste-novo.jpg",500,262,false],"mantranews-slider-large":["https:\/\/blogopara.com.br\/wp-content\/uploads\/2022\/06\/Clima-de-velorio-na-passagem-de-Rui-pelo-Oeste-novo.jpg",500,262,false],"mantranews-featured-medium":["https:\/\/blogopara.com.br\/wp-content\/uploads\/2022\/06\/Clima-de-velorio-na-passagem-de-Rui-pelo-Oeste-novo-420x262.jpg",420,262,true],"mantranews-featured-long":["https:\/\/blogopara.com.br\/wp-content\/uploads\/2022\/06\/Clima-de-velorio-na-passagem-de-Rui-pelo-Oeste-novo-300x262.jpg",300,262,true],"mantranews-block-medium":["https:\/\/blogopara.com.br\/wp-content\/uploads\/2022\/06\/Clima-de-velorio-na-passagem-de-Rui-pelo-Oeste-novo-464x262.jpg",464,262,true],"mantranews-carousel-image":["https:\/\/blogopara.com.br\/wp-content\/uploads\/2022\/06\/Clima-de-velorio-na-passagem-de-Rui-pelo-Oeste-novo.jpg",500,262,false],"mantranews-block-thumb":["https:\/\/blogopara.com.br\/wp-content\/uploads\/2022\/06\/Clima-de-velorio-na-passagem-de-Rui-pelo-Oeste-novo-322x230.jpg",322,230,true],"mantranews-single-large":["https:\/\/blogopara.com.br\/wp-content\/uploads\/2022\/06\/Clima-de-velorio-na-passagem-de-Rui-pelo-Oeste-novo.jpg",500,262,false]},"uagb_author_info":{"display_name":"Reda\u00e7\u00e3o geral","author_link":"https:\/\/blogopara.com.br\/index.php\/author\/blogopara"},"uagb_comment_info":0,"uagb_excerpt":"O deputado federal baiano Capit\u00e3o Alden (PL) quer convocar o ministro da Casa Civil, Rui Costa (PT), para explicar a suposta interfer\u00eancia na Pol\u00edcia Civil na \u00e9poca em que era governador da Bahia. A interven\u00e7\u00e3o no \u00f3rg\u00e3o estadual teria ocorrido no caso dos respiradores comprados no per\u00edodo da pandemia da Covid-19. Em seu acordo de&hellip;","jetpack_sharing_enabled":true,"jetpack_likes_enabled":true,"_links":{"self":[{"href":"https:\/\/blogopara.com.br\/index.php\/wp-json\/wp\/v2\/posts\/63974","targetHints":{"allow":["GET"]}}],"collection":[{"href":"https:\/\/blogopara.com.br\/index.php\/wp-json\/wp\/v2\/posts"}],"about":[{"href":"https:\/\/blogopara.com.br\/index.php\/wp-json\/wp\/v2\/types\/post"}],"author":[{"embeddable":true,"href":"https:\/\/blogopara.com.br\/index.php\/wp-json\/wp\/v2\/users\/1"}],"replies":[{"embeddable":true,"href":"https:\/\/blogopara.com.br\/index.php\/wp-json\/wp\/v2\/comments?post=63974"}],"version-history":[{"count":1,"href":"https:\/\/blogopara.com.br\/index.php\/wp-json\/wp\/v2\/posts\/63974\/revisions"}],"predecessor-version":[{"id":63975,"href":"https:\/\/blogopara.com.br\/index.php\/wp-json\/wp\/v2\/posts\/63974\/revisions\/63975"}],"wp:featuredmedia":[{"embeddable":true,"href":"https:\/\/blogopara.com.br\/index.php\/wp-json\/wp\/v2\/media\/38022"}],"wp:attachment":[{"href":"https:\/\/blogopara.com.br\/index.php\/wp-json\/wp\/v2\/media?parent=63974"}],"wp:term":[{"taxonomy":"category","embeddable":true,"href":"https:\/\/blogopara.com.br\/index.php\/wp-json\/wp\/v2\/categories?post=63974"},{"taxonomy":"post_tag","embeddable":true,"href":"https:\/\/blogopara.com.br\/index.php\/wp-json\/wp\/v2\/tags?post=63974"}],"curies":[{"name":"wp","href":"https:\/\/api.w.org\/{rel}","templated":true}]}}