{"id":64020,"date":"2024-04-12T16:27:00","date_gmt":"2024-04-12T19:27:00","guid":{"rendered":"https:\/\/blogopara.com.br\/?p=64020"},"modified":"2024-04-12T15:30:08","modified_gmt":"2024-04-12T18:30:08","slug":"bahia-ja-enfrenta-surto-de-febre-oropouche-diz-especialista","status":"publish","type":"post","link":"https:\/\/blogopara.com.br\/index.php\/2024\/04\/12\/bahia-ja-enfrenta-surto-de-febre-oropouche-diz-especialista","title":{"rendered":"Bahia j\u00e1 enfrenta surto de febre oropouche, diz especialista"},"content":{"rendered":"<div class=\"container--component-block\">\n<p id=\"paragrafo-4fiffo9d5p\" class=\"component--paragrafo\" style=\"text-align: justify;\">Enquanto os baianos vivenciam o\u00a0aumento dos casos de dengue\u00a0no estado, outra arbovirose vai, aos poucos, se alastrando pelo territ\u00f3rio. Trata-se da febre do oropouche (FO), que contaminou\u00a047 pessoas neste ano, quase todos no sul do estado. Salvador, que registrou o primeiro caso nesta semana, \u00e9 a \u00fanica exce\u00e7\u00e3o. Para o virologista Gubio Soares, que coordenou a equipe que descobriu a doen\u00e7a na capital em 2020, a transmiss\u00e3o acelerada j\u00e1 configura surto na Bahia.<\/p>\n<\/div>\n<div class=\"container--component-block\" style=\"text-align: justify;\">\n<p id=\"paragrafo-0lm170nq1m\" class=\"component--paragrafo\">A pessoa contaminada na capital baiana viajou para o munic\u00edpio que registra mais casos de febre oropouche na Bahia, Teol\u00e2ndia. \u201cImediatamente ap\u00f3s a notifica\u00e7\u00e3o do caso, foi iniciada a investiga\u00e7\u00e3o epidemiol\u00f3gica e foi poss\u00edvel constatar que o residente de Salvador teve hist\u00f3ria de viagem recente ao munic\u00edpio baiano de Teol\u00e2ndia, que vem registrando ocorr\u00eancias de casos positivos para Oropouche\u201d, disse a Secretaria Municipal de Sa\u00fade (SMS).<\/p>\n<\/div>\n<div class=\"container--component-block\" style=\"text-align: justify;\">\n<p id=\"paragrafo-t2chmggf3h\" class=\"component--paragrafo\">Apesar de o Laborat\u00f3rio Central de Sa\u00fade P\u00fablica (Lacen-BA) n\u00e3o ter registros de casos de oropouche em anos anteriores no estado, o primeiro caso da doen\u00e7a em Salvador foi identificado em 2020. O v\u00edrus foi detectado na urina e saliva de um paciente pelo Laborat\u00f3rio de Virologia do Instituto de Ci\u00eancias da Sa\u00fade da Universidade Federal da Bahia (ICS\/UFBA). De l\u00e1 para c\u00e1, outros dez casos foram identificados, segundo Gubio Soares, coordenador do laborat\u00f3rio.<\/p>\n<\/div>\n<div class=\"container--component-block\" style=\"text-align: justify;\">\n<p id=\"paragrafo-6urciuxjac\" class=\"component--paragrafo\">A doen\u00e7a \u00e9 comum no Norte do Brasil, onde o Amazonas decretou surto depois de ultrapassar os 2 mil casos, mas\u00a0tem se espalhado, com registros no Piau\u00ed, Rio de Janeiro, Santa Catarina, al\u00e9m da Bahia. No Brasil, j\u00e1 s\u00e3o 3.354 casos da doen\u00e7a. Em todo o ano passado foram registrados 832, de acordo com o Minist\u00e9rio da Sa\u00fade.<\/p>\n<\/div>\n<div class=\"container--component-block\" style=\"text-align: justify;\">\n<p id=\"paragrafo-uhm4aqikeb\" class=\"component--paragrafo\">O mosquito maruim (culicoides paraensis), conhecido tamb\u00e9m como mosquito-p\u00f3lvora, \u00e9 o principal transmissor do v\u00edrus. \u201c\u00c9 um surto. Temos um v\u00edrus circulando com uma intensidade que nunca circulou antes. N\u00e3o existe kit diagn\u00f3stico comercial e s\u00f3 o Lacen est\u00e1 fazendo os testes\u201d, afirma o virologista Gubio Soares. O diagn\u00f3stico \u00e9 feito atrav\u00e9s da an\u00e1lise laboratorial.<\/p>\n<\/div>\n<div class=\"container--component-block\" style=\"text-align: justify;\">\n<p id=\"paragrafo-ym197eofzj\" class=\"component--paragrafo\">N\u00e3o existe tratamento espec\u00edfico para a doen\u00e7a, e os pacientes devem permanecer em repouso, com tratamento dos sintomas e acompanhamento m\u00e9dico. Usar repelente e evitar \u00e1gua parada s\u00e3o as principais formas de evitar a prolifera\u00e7\u00e3o do mosquito.<\/p>\n<\/div>\n<div class=\"container--component-block\" style=\"text-align: justify;\">\n<p id=\"paragrafo-pa547rvceo\" class=\"component--paragrafo\">A oropouche tem sintomas parecidos com a dengue: febre alta, dores no corpo, calafrios, dor de cabe\u00e7a e manchas na pele. Eles duram, em m\u00e9dia, uma semana. N\u00e3o \u00e9 comum que a doen\u00e7a evolua para casos graves. No entanto, uma adolescente de 15 anos morreu em Manaus em fevereiro deste ano v\u00edtima de infec\u00e7\u00e3o simult\u00e2nea de oropouche e covid-19.<\/p>\n<\/div>\n<div class=\"container--component-block\" style=\"text-align: justify;\">\n<p id=\"paragrafo-alzskmfqb3\" class=\"component--paragrafo\">At\u00e9 agora, as cidades baianas com registros de casos s\u00e3o: Teol\u00e2ndia (22), Laje (10), Valen\u00e7a (10), Mutu\u00edpe (2), Tapero\u00e1 (2) e Salvador (1). Especialistas acreditam que o n\u00famero de casos deve ser maior. Como os sintomas s\u00e3o semelhantes ao da dengue, eles dizem que h\u00e1 subnotifica\u00e7\u00e3o da doen\u00e7a.<\/p>\n<\/div>\n<div class=\"container--component-block\" style=\"text-align: justify;\">\n<p id=\"paragrafo-fuvlpokciz\" class=\"component--paragrafo\">\u201cSem o diagn\u00f3stico laboratorial \u00e9 praticamente imposs\u00edvel dizer que se trata de febre oropouche ou dengue. Mas uma coisa tem chamado aten\u00e7\u00e3o na literatura: em torno de 60% dos pacientes descrevem que t\u00eam um quadro sintom\u00e1tico, ficam um ou dois dias sem sintomas, e retornam ao quadro dos sintomas\u201d, disse Felipe Naveca, chefe do N\u00facleo de Vigil\u00e2ncia de V\u00edrus Emergentes da Fiocruz. A doen\u00e7a foi um dos temas debatidos no Semin\u00e1rio Arboviroses: Desafios e Perspectivas na Abordagem, na quinta-feira (11).<\/p>\n<\/div>\n<div class=\"container--component-block\" style=\"text-align: justify;\">\n<p id=\"paragrafo-nsdonjdr4m\" class=\"component--paragrafo\"><b>Surto<\/b><\/p>\n<\/div>\n<div class=\"container--component-block\" style=\"text-align: justify;\">\n<p id=\"paragrafo-otngr7ccuk\" class=\"component--paragrafo\">Mas o que est\u00e1 por tr\u00e1s do surto da doen\u00e7a? O informe do Centro de Opera\u00e7\u00e3o de Emerg\u00eancia (COE) do Minist\u00e9rio da Sa\u00fade registrou, at\u00e9 o dia 9 de mar\u00e7o, 3.354 casos de febre\u00a0oropouche &#8211; 303% a mais do que os registros de todo o ano passado. Foram 26, de acordo com a pasta.<\/p>\n<\/div>\n<div class=\"container--component-block\" style=\"text-align: justify;\">\n<p id=\"paragrafo-bdc4emm88p\" class=\"component--paragrafo\">O virologista Gubio Soares explica que o crescimento est\u00e1 relacionado ao aumento das temperaturas. A Bahia foi atingida por\u00a0cinco ondas de calor\u00a0somente no ano passado.<\/p>\n<\/div>\n<div class=\"container--component-block\" style=\"text-align: justify;\">\n<p id=\"paragrafo-liksvveto3\" class=\"component--paragrafo\">\u201cAs mudan\u00e7as de temperaturas, cada vez mais altas, favorecem a prolifera\u00e7\u00e3o dos mosquitos. Com a maior popula\u00e7\u00e3o de mosquitos infectados, a doen\u00e7a se espalha pelo Norte do Brasil. As pessoas viajam para l\u00e1, s\u00e3o infectadas e trazem o v\u00edrus para a nossa regi\u00e3o\u201d, diz. O primeiro caso registrado no Rio de Janeiro, inclusive, foi de um homem que viajou para Manaus, capital do Amazonas.<\/p>\n<\/div>\n<div class=\"container--component-block\">\n<p id=\"paragrafo-fcn5jzdo17\" class=\"component--paragrafo\" style=\"text-align: justify;\">A assessoria de comunica\u00e7\u00e3o da Secretaria de Sa\u00fade do Estado da Bahia (Sesab) indicou Sandra Oliveira, coordenadora de doen\u00e7as de transmiss\u00e3o vetorial da pasta, para responder sobre as estrat\u00e9gias adotadas para monitorar os casos e evitar o crescimento da doen\u00e7a no estado. Sandra alegou n\u00e3o poder atender \u00e0 reportagem, pois passou todo o dia em reuni\u00f5es. Em nota enviada \u00e0 Reda\u00e7\u00e3o, a assessoria da secretaria listou a\u00e7\u00f5es feitas pela pasta contra a doen\u00e7a. Entre elas est\u00e3o reuni\u00f5es com o Minist\u00e9rio da Sa\u00fade, captura de mosquitos, monitoramento e investiga\u00e7\u00e3o de casos em parcerias com munic\u00edpios.<\/p>\n<\/div>\n","protected":false},"excerpt":{"rendered":"<p>Enquanto os baianos vivenciam o\u00a0aumento dos casos de dengue\u00a0no estado, outra arbovirose vai, aos poucos, se alastrando pelo territ\u00f3rio. Trata-se da febre do oropouche (FO), que contaminou\u00a047 pessoas neste ano, quase todos no sul do estado. Salvador, que registrou o primeiro caso nesta semana, \u00e9 a \u00fanica exce\u00e7\u00e3o. Para o virologista Gubio Soares, que coordenou [&hellip;]<\/p>\n","protected":false},"author":1,"featured_media":64021,"comment_status":"closed","ping_status":"open","sticky":false,"template":"","format":"standard","meta":{"_uag_custom_page_level_css":"","_monsterinsights_skip_tracking":false,"_monsterinsights_sitenote_active":false,"_monsterinsights_sitenote_note":"","_monsterinsights_sitenote_category":0,"jetpack_post_was_ever_published":false,"_jetpack_newsletter_access":"","_jetpack_dont_email_post_to_subs":false,"_jetpack_newsletter_tier_id":0,"_jetpack_memberships_contains_paywalled_content":false,"_jetpack_memberships_contains_paid_content":false,"footnotes":"","jetpack_publicize_message":"","jetpack_publicize_feature_enabled":true,"jetpack_social_post_already_shared":true,"jetpack_social_options":{"image_generator_settings":{"template":"highway","default_image_id":0,"font":"","enabled":false},"version":2}},"categories":[199],"tags":[],"class_list":["post-64020","post","type-post","status-publish","format-standard","has-post-thumbnail","hentry","category-bahia"],"jetpack_publicize_connections":[],"jetpack_featured_media_url":"https:\/\/blogopara.com.br\/wp-content\/uploads\/2024\/04\/ddedede.jpg","uagb_featured_image_src":{"full":["https:\/\/blogopara.com.br\/wp-content\/uploads\/2024\/04\/ddedede.jpg",500,313,false],"thumbnail":["https:\/\/blogopara.com.br\/wp-content\/uploads\/2024\/04\/ddedede-150x150.jpg",150,150,true],"medium":["https:\/\/blogopara.com.br\/wp-content\/uploads\/2024\/04\/ddedede-300x188.jpg",300,188,true],"medium_large":["https:\/\/blogopara.com.br\/wp-content\/uploads\/2024\/04\/ddedede.jpg",500,313,false],"large":["https:\/\/blogopara.com.br\/wp-content\/uploads\/2024\/04\/ddedede.jpg",500,313,false],"1536x1536":["https:\/\/blogopara.com.br\/wp-content\/uploads\/2024\/04\/ddedede.jpg",500,313,false],"2048x2048":["https:\/\/blogopara.com.br\/wp-content\/uploads\/2024\/04\/ddedede.jpg",500,313,false],"mantranews-slider-large":["https:\/\/blogopara.com.br\/wp-content\/uploads\/2024\/04\/ddedede.jpg",500,313,false],"mantranews-featured-medium":["https:\/\/blogopara.com.br\/wp-content\/uploads\/2024\/04\/ddedede-420x307.jpg",420,307,true],"mantranews-featured-long":["https:\/\/blogopara.com.br\/wp-content\/uploads\/2024\/04\/ddedede-300x313.jpg",300,313,true],"mantranews-block-medium":["https:\/\/blogopara.com.br\/wp-content\/uploads\/2024\/04\/ddedede-464x290.jpg",464,290,true],"mantranews-carousel-image":["https:\/\/blogopara.com.br\/wp-content\/uploads\/2024\/04\/ddedede.jpg",500,313,false],"mantranews-block-thumb":["https:\/\/blogopara.com.br\/wp-content\/uploads\/2024\/04\/ddedede-322x230.jpg",322,230,true],"mantranews-single-large":["https:\/\/blogopara.com.br\/wp-content\/uploads\/2024\/04\/ddedede.jpg",500,313,false]},"uagb_author_info":{"display_name":"Reda\u00e7\u00e3o geral","author_link":"https:\/\/blogopara.com.br\/index.php\/author\/blogopara"},"uagb_comment_info":0,"uagb_excerpt":"Enquanto os baianos vivenciam o\u00a0aumento dos casos de dengue\u00a0no estado, outra arbovirose vai, aos poucos, se alastrando pelo territ\u00f3rio. Trata-se da febre do oropouche (FO), que contaminou\u00a047 pessoas neste ano, quase todos no sul do estado. Salvador, que registrou o primeiro caso nesta semana, \u00e9 a \u00fanica exce\u00e7\u00e3o. Para o virologista Gubio Soares, que coordenou&hellip;","jetpack_sharing_enabled":true,"jetpack_likes_enabled":true,"_links":{"self":[{"href":"https:\/\/blogopara.com.br\/index.php\/wp-json\/wp\/v2\/posts\/64020","targetHints":{"allow":["GET"]}}],"collection":[{"href":"https:\/\/blogopara.com.br\/index.php\/wp-json\/wp\/v2\/posts"}],"about":[{"href":"https:\/\/blogopara.com.br\/index.php\/wp-json\/wp\/v2\/types\/post"}],"author":[{"embeddable":true,"href":"https:\/\/blogopara.com.br\/index.php\/wp-json\/wp\/v2\/users\/1"}],"replies":[{"embeddable":true,"href":"https:\/\/blogopara.com.br\/index.php\/wp-json\/wp\/v2\/comments?post=64020"}],"version-history":[{"count":1,"href":"https:\/\/blogopara.com.br\/index.php\/wp-json\/wp\/v2\/posts\/64020\/revisions"}],"predecessor-version":[{"id":64022,"href":"https:\/\/blogopara.com.br\/index.php\/wp-json\/wp\/v2\/posts\/64020\/revisions\/64022"}],"wp:featuredmedia":[{"embeddable":true,"href":"https:\/\/blogopara.com.br\/index.php\/wp-json\/wp\/v2\/media\/64021"}],"wp:attachment":[{"href":"https:\/\/blogopara.com.br\/index.php\/wp-json\/wp\/v2\/media?parent=64020"}],"wp:term":[{"taxonomy":"category","embeddable":true,"href":"https:\/\/blogopara.com.br\/index.php\/wp-json\/wp\/v2\/categories?post=64020"},{"taxonomy":"post_tag","embeddable":true,"href":"https:\/\/blogopara.com.br\/index.php\/wp-json\/wp\/v2\/tags?post=64020"}],"curies":[{"name":"wp","href":"https:\/\/api.w.org\/{rel}","templated":true}]}}