{"id":6405,"date":"2020-01-18T20:59:19","date_gmt":"2020-01-18T23:59:19","guid":{"rendered":"http:\/\/blogopara.com.br\/?p=6405"},"modified":"2020-01-18T21:13:57","modified_gmt":"2020-01-19T00:13:57","slug":"juazeiro-pt-emite-nota-em-apoio-ao-vereador-brigao","status":"publish","type":"post","link":"https:\/\/blogopara.com.br\/index.php\/2020\/01\/18\/juazeiro-pt-emite-nota-em-apoio-ao-vereador-brigao","title":{"rendered":"Juazeiro: PT emite Nota em apoio ao vereador brig\u00e3o"},"content":{"rendered":"<p style=\"text-align: justify;\">Conforme foi noticiado pelo blog Opara[<a href=\"https:\/\/blogopara.com.br\/index.php\/2020\/01\/14\/juazeiro-vereador-jean-gomes-tenta-agredir-o-vereador-anibal-araujo\/\" target=\"_blank\" rel=\"noopener noreferrer\">Juazeiro: Vereador Jean Gomes tenta agredir o vereador An\u00edbal Ara\u00fajo]<\/a> e pelas redes sociais, um v\u00eddeo em o vereador Jean Gomes \u00e9 contido por outros vereadores, e d\u00e1 para ver claramente que o mesmo est\u00e1 muito agitado e nervoso, no lado do plen\u00e1rio da C\u00e2mara estava o vereador Anibal Araujo (PTC). A discuss\u00e3o foi porque o vereador Anibal votou contra a reforma maldita do prefeito Paulo Bomfim (PCdoB).<\/p>\n<p style=\"text-align: justify;\">Um vereador dito de direita votando a favor dos trabalhadores, e um vereador dito de esquerda votando contra. \u00c9 fim de mundo!<\/p>\n<p>Contrariando a ordem dos fatos, parte do Diret\u00f3rio do PT em Juazeiro (informa\u00e7\u00f5es de alguns militantes que n\u00e3o houve um consenso) avaliou que a imagem de homem de bem e de politico libado do vereador Jean Gomes foi maculada com a exposi\u00e7\u00e3o do videos nas redes sociais, por isso alguns militantes ligados ao vereador resolveram emitir uma Nota de Apoio ao mesmo, o que \u00e9 leg\u00edtimo.<\/p>\n<p>Confira o v\u00eddeo:<\/p>\n<div style=\"width: 640px;\" class=\"wp-video\"><!--[if lt IE 9]><script>document.createElement('video');<\/script><![endif]-->\n<video class=\"wp-video-shortcode\" id=\"video-6405-1\" width=\"640\" height=\"360\" preload=\"metadata\" controls=\"controls\"><source type=\"video\/mp4\" src=\"https:\/\/blogopara.com.br\/wp-content\/uploads\/2020\/01\/WhatsApp-Video-2020-01-11-at-07.51.10-1.mp4?_=1\" \/><a href=\"https:\/\/blogopara.com.br\/wp-content\/uploads\/2020\/01\/WhatsApp-Video-2020-01-11-at-07.51.10-1.mp4\">https:\/\/blogopara.com.br\/wp-content\/uploads\/2020\/01\/WhatsApp-Video-2020-01-11-at-07.51.10-1.mp4<\/a><\/video><\/div>\n<p>Segue o teor da Nota:<\/p>\n<p style=\"text-align: justify;\">DIRET\u00d3RIO MUNICIPAL EM JUAZEIRO \u2013 BAHIA<\/p>\n<p style=\"text-align: justify;\">NOTA DE SOLIDARIEDADE<\/p>\n<p style=\"text-align: justify;\">Eleito em 2012 e 2016 pelo Partido dos Trabalhadores, sempre com vota\u00e7\u00f5es expressivas. O vereador Jean Gomes, nunca deixou que a vaidade ou arrog\u00e2ncia moldasse sua atua\u00e7\u00e3o pol\u00edtica. As suas caracter\u00edsticas pessoais \u00e9 costumeiramente de respeito as pessoas e as institui\u00e7\u00f5es. E n\u00e3o seria diferente agora!<\/p>\n<p style=\"text-align: justify;\">A dire\u00e7\u00e3o do PT em Juazeiro \u00e9 testemunha da serenidade e respeito com que o companheiro Jean Gomes tem tratado seus pares no PT e no exerc\u00edcio do mandato, mesmo diante de assuntos pol\u00eamicos e embates dif\u00edceis. Prova da sua resigna\u00e7\u00e3o, foi reverter, em 2012, rumores espalhados nas redes sociais que davam conta da impugna\u00e7\u00e3o da sua candidatura \u00e0 vereador. Sem muito alarde, o companheiro Jean Gomes obteve a maior vota\u00e7\u00e3o individual para vereador, na Hist\u00f3ria do PT de Juazeiro, com 2,449 votos.<\/p>\n<p style=\"text-align: justify;\">Jean Charles Gomes dos Santos, bombeiro militar, pai de fam\u00edlia dedicado, ou simplesmente, companheiro Jean Gomes, tem do Partido dos Trabalhadores o mais profundo respeito. Sobretudo, pela sua luta e trajet\u00f3ria pol\u00edtica, pautadas no campo das ideias, na escuta e acatamento das decis\u00f5es coletivas. Tanto que em 2014, gra\u00e7as a sua ousadia, disposi\u00e7\u00e3o e coragem em se lan\u00e7ar candidato a Deputado Estadual. O Partido recebeu, do seu empenho pessoal, a soma de 10.860 (dez mil, oitocentos e sessenta votos), para o fortalecimento do PT Regional e para a legenda em n\u00edvel estadual.<\/p>\n<p style=\"text-align: justify;\">A agressividade publicada em um Blog da cidade e repetidas em grupos de WhatsApp de forma distorcida, para tentar manchar a trajet\u00f3ria do companheiro vereador, n\u00e3o condiz com a realidade e nem como o perfil democr\u00e1tico do atuante vereador do Partido dos Trabalhadores, Jean Gomes.<\/p>\n<p style=\"text-align: justify;\">Posto isso, o presidente do Diret\u00f3rio do Partido dos Trabalhadores de Juazeiro\/BA, Luiz Felix, vem se solidarizar com o companheiro e vereador Jean Gomes e reiterar o compromisso da legenda com seus quadros hist\u00f3ricos e com todos aqueles que lutam por justi\u00e7a e bem-estar social do povo mais humilde de Juazeiro e Regi\u00e3o.<\/p>\n<p style=\"text-align: justify;\">\nJuazeiro-BA, 15 de janeiro 2020<\/p>\n<p style=\"text-align: justify;\">Luiz Felix dos Santos<\/p>\n","protected":false},"excerpt":{"rendered":"<p>Com certeza o PT vai emitir uma Nota explicando para a sociedade e para os servidores municipais, porque o vereador votou a favor da reforma que tira direitos dos trabalhadores.<\/p>\n","protected":false},"author":1,"featured_media":6407,"comment_status":"open","ping_status":"open","sticky":false,"template":"","format":"standard","meta":{"_uag_custom_page_level_css":"","_monsterinsights_skip_tracking":false,"_monsterinsights_sitenote_active":false,"_monsterinsights_sitenote_note":"","_monsterinsights_sitenote_category":0,"jetpack_post_was_ever_published":false,"_jetpack_newsletter_access":"","_jetpack_dont_email_post_to_subs":false,"_jetpack_newsletter_tier_id":0,"_jetpack_memberships_contains_paywalled_content":false,"_jetpack_memberships_contains_paid_content":false,"footnotes":"","jetpack_publicize_message":"","jetpack_publicize_feature_enabled":true,"jetpack_social_post_already_shared":true,"jetpack_social_options":{"image_generator_settings":{"template":"highway","default_image_id":0,"font":"","enabled":false},"version":2}},"categories":[203],"tags":[],"class_list":["post-6405","post","type-post","status-publish","format-standard","has-post-thumbnail","hentry","category-juazeiro"],"jetpack_publicize_connections":[],"jetpack_featured_media_url":"https:\/\/blogopara.com.br\/wp-content\/uploads\/2020\/01\/notas.jpg","uagb_featured_image_src":{"full":["https:\/\/blogopara.com.br\/wp-content\/uploads\/2020\/01\/notas.jpg",1280,723,false],"thumbnail":["https:\/\/blogopara.com.br\/wp-content\/uploads\/2020\/01\/notas-150x150.jpg",150,150,true],"medium":["https:\/\/blogopara.com.br\/wp-content\/uploads\/2020\/01\/notas-300x169.jpg",300,169,true],"medium_large":["https:\/\/blogopara.com.br\/wp-content\/uploads\/2020\/01\/notas-768x434.jpg",640,362,true],"large":["https:\/\/blogopara.com.br\/wp-content\/uploads\/2020\/01\/notas-1024x578.jpg",640,361,true],"1536x1536":["https:\/\/blogopara.com.br\/wp-content\/uploads\/2020\/01\/notas.jpg",1280,723,false],"2048x2048":["https:\/\/blogopara.com.br\/wp-content\/uploads\/2020\/01\/notas.jpg",1280,723,false],"mantranews-slider-large":["https:\/\/blogopara.com.br\/wp-content\/uploads\/2020\/01\/notas.jpg",1020,576,false],"mantranews-featured-medium":["https:\/\/blogopara.com.br\/wp-content\/uploads\/2020\/01\/notas.jpg",420,237,false],"mantranews-featured-long":["https:\/\/blogopara.com.br\/wp-content\/uploads\/2020\/01\/notas.jpg",300,169,false],"mantranews-block-medium":["https:\/\/blogopara.com.br\/wp-content\/uploads\/2020\/01\/notas.jpg",464,262,false],"mantranews-carousel-image":["https:\/\/blogopara.com.br\/wp-content\/uploads\/2020\/01\/notas.jpg",600,339,false],"mantranews-block-thumb":["https:\/\/blogopara.com.br\/wp-content\/uploads\/2020\/01\/notas.jpg",322,182,false],"mantranews-single-large":["https:\/\/blogopara.com.br\/wp-content\/uploads\/2020\/01\/notas.jpg",1137,642,false]},"uagb_author_info":{"display_name":"Reda\u00e7\u00e3o geral","author_link":"https:\/\/blogopara.com.br\/index.php\/author\/blogopara"},"uagb_comment_info":1,"uagb_excerpt":"Com certeza o PT vai emitir uma Nota explicando para a sociedade e para os servidores municipais, porque o vereador votou a favor da reforma que tira direitos dos trabalhadores.","jetpack_sharing_enabled":true,"jetpack_likes_enabled":true,"_links":{"self":[{"href":"https:\/\/blogopara.com.br\/index.php\/wp-json\/wp\/v2\/posts\/6405","targetHints":{"allow":["GET"]}}],"collection":[{"href":"https:\/\/blogopara.com.br\/index.php\/wp-json\/wp\/v2\/posts"}],"about":[{"href":"https:\/\/blogopara.com.br\/index.php\/wp-json\/wp\/v2\/types\/post"}],"author":[{"embeddable":true,"href":"https:\/\/blogopara.com.br\/index.php\/wp-json\/wp\/v2\/users\/1"}],"replies":[{"embeddable":true,"href":"https:\/\/blogopara.com.br\/index.php\/wp-json\/wp\/v2\/comments?post=6405"}],"version-history":[{"count":3,"href":"https:\/\/blogopara.com.br\/index.php\/wp-json\/wp\/v2\/posts\/6405\/revisions"}],"predecessor-version":[{"id":6410,"href":"https:\/\/blogopara.com.br\/index.php\/wp-json\/wp\/v2\/posts\/6405\/revisions\/6410"}],"wp:featuredmedia":[{"embeddable":true,"href":"https:\/\/blogopara.com.br\/index.php\/wp-json\/wp\/v2\/media\/6407"}],"wp:attachment":[{"href":"https:\/\/blogopara.com.br\/index.php\/wp-json\/wp\/v2\/media?parent=6405"}],"wp:term":[{"taxonomy":"category","embeddable":true,"href":"https:\/\/blogopara.com.br\/index.php\/wp-json\/wp\/v2\/categories?post=6405"},{"taxonomy":"post_tag","embeddable":true,"href":"https:\/\/blogopara.com.br\/index.php\/wp-json\/wp\/v2\/tags?post=6405"}],"curies":[{"name":"wp","href":"https:\/\/api.w.org\/{rel}","templated":true}]}}