{"id":64068,"date":"2024-04-13T12:36:00","date_gmt":"2024-04-13T15:36:00","guid":{"rendered":"https:\/\/blogopara.com.br\/?p=64068"},"modified":"2024-04-13T10:38:29","modified_gmt":"2024-04-13T13:38:29","slug":"prefeitura-de-juazeiro-realiza-troca-de-luminarias-comuns-por-led-na-praca-da-misericordia","status":"publish","type":"post","link":"https:\/\/blogopara.com.br\/index.php\/2024\/04\/13\/prefeitura-de-juazeiro-realiza-troca-de-luminarias-comuns-por-led-na-praca-da-misericordia","title":{"rendered":"Prefeitura de Juazeiro realiza troca de lumin\u00e1rias comuns por LED na Pra\u00e7a da Miseric\u00f3rdia"},"content":{"rendered":"<p style=\"text-align: justify;\">A Prefeitura de Juazeiro, atrav\u00e9s da Secretaria de Servi\u00e7os P\u00fablicos (Sesp), realizou na noite desta quinta-feira (11), a substitui\u00e7\u00e3o de lumin\u00e1rias convencionais por tecnologia LED na Pra\u00e7a da Miseric\u00f3rdia, no Centro da cidade. A a\u00e7\u00e3o contemplou a instala\u00e7\u00e3o de duas torres equipadas com tr\u00eas LEDs cada, visando aprimorar a efici\u00eancia energ\u00e9tica e a qualidade da ilumina\u00e7\u00e3o no local.<\/p>\n<p>O secret\u00e1rio de Servi\u00e7os P\u00fablicos, Vald\u00edcio Pinheiro, destacou a import\u00e2ncia da a\u00e7\u00e3o. &#8220;A troca para lumin\u00e1rias de LED representa um avan\u00e7o significativo em termos de economia de energia e durabilidade. Al\u00e9m disso, proporciona uma ilumina\u00e7\u00e3o mais uniforme e clara, contribuindo para a seguran\u00e7a e o bem-estar dos frequentadores da pra\u00e7a&#8221;, afirmou.<\/p>\n<p>Com essa medida, a gest\u00e3o municipal reafirma o compromisso em promover melhorias na infraestrutura urbana, buscando oferecer espa\u00e7os p\u00fablicos mais seguros e confort\u00e1veis para a comunidade. A gest\u00e3o municipal est\u00e1 fazendo a mudan\u00e7a gradativa de l\u00e2mpadas comuns por LED em diversos pontos do munic\u00edpio, entre eles, os bairros Lomanto J\u00fanior e Expedito Nascimento, que j\u00e1 s\u00e3o 100% LED.<\/p>\n<p>Texto e \u00e1udio: Fabiana Diniz &#8211; Ascom Sesp\/PMJ<\/p>\n","protected":false},"excerpt":{"rendered":"<p>A Prefeitura de Juazeiro, atrav\u00e9s da Secretaria de Servi\u00e7os P\u00fablicos (Sesp), realizou na noite desta quinta-feira (11), a substitui\u00e7\u00e3o de lumin\u00e1rias convencionais por tecnologia LED na Pra\u00e7a da Miseric\u00f3rdia, no Centro da cidade. A a\u00e7\u00e3o contemplou a instala\u00e7\u00e3o de duas torres equipadas com tr\u00eas LEDs cada, visando aprimorar a efici\u00eancia energ\u00e9tica e a qualidade da [&hellip;]<\/p>\n","protected":false},"author":1,"featured_media":64069,"comment_status":"closed","ping_status":"open","sticky":false,"template":"","format":"standard","meta":{"_uag_custom_page_level_css":"","_monsterinsights_skip_tracking":false,"_monsterinsights_sitenote_active":false,"_monsterinsights_sitenote_note":"","_monsterinsights_sitenote_category":0,"jetpack_post_was_ever_published":false,"_jetpack_newsletter_access":"","_jetpack_dont_email_post_to_subs":false,"_jetpack_newsletter_tier_id":0,"_jetpack_memberships_contains_paywalled_content":false,"_jetpack_memberships_contains_paid_content":false,"footnotes":"","jetpack_publicize_message":"","jetpack_publicize_feature_enabled":true,"jetpack_social_post_already_shared":true,"jetpack_social_options":{"image_generator_settings":{"template":"highway","default_image_id":0,"font":"","enabled":false},"version":2}},"categories":[203],"tags":[],"class_list":["post-64068","post","type-post","status-publish","format-standard","has-post-thumbnail","hentry","category-juazeiro"],"jetpack_publicize_connections":[],"jetpack_featured_media_url":"https:\/\/blogopara.com.br\/wp-content\/uploads\/2024\/04\/praca-da-misericorida-01.jpeg","uagb_featured_image_src":{"full":["https:\/\/blogopara.com.br\/wp-content\/uploads\/2024\/04\/praca-da-misericorida-01.jpeg",450,599,false],"thumbnail":["https:\/\/blogopara.com.br\/wp-content\/uploads\/2024\/04\/praca-da-misericorida-01-150x150.jpeg",150,150,true],"medium":["https:\/\/blogopara.com.br\/wp-content\/uploads\/2024\/04\/praca-da-misericorida-01-225x300.jpeg",225,300,true],"medium_large":["https:\/\/blogopara.com.br\/wp-content\/uploads\/2024\/04\/praca-da-misericorida-01.jpeg",450,599,false],"large":["https:\/\/blogopara.com.br\/wp-content\/uploads\/2024\/04\/praca-da-misericorida-01.jpeg",450,599,false],"1536x1536":["https:\/\/blogopara.com.br\/wp-content\/uploads\/2024\/04\/praca-da-misericorida-01.jpeg",450,599,false],"2048x2048":["https:\/\/blogopara.com.br\/wp-content\/uploads\/2024\/04\/praca-da-misericorida-01.jpeg",450,599,false],"mantranews-slider-large":["https:\/\/blogopara.com.br\/wp-content\/uploads\/2024\/04\/praca-da-misericorida-01.jpeg",450,599,false],"mantranews-featured-medium":["https:\/\/blogopara.com.br\/wp-content\/uploads\/2024\/04\/praca-da-misericorida-01-420x307.jpeg",420,307,true],"mantranews-featured-long":["https:\/\/blogopara.com.br\/wp-content\/uploads\/2024\/04\/praca-da-misericorida-01-300x443.jpeg",300,443,true],"mantranews-block-medium":["https:\/\/blogopara.com.br\/wp-content\/uploads\/2024\/04\/praca-da-misericorida-01-450x290.jpeg",450,290,true],"mantranews-carousel-image":["https:\/\/blogopara.com.br\/wp-content\/uploads\/2024\/04\/praca-da-misericorida-01-450x500.jpeg",450,500,true],"mantranews-block-thumb":["https:\/\/blogopara.com.br\/wp-content\/uploads\/2024\/04\/praca-da-misericorida-01-322x230.jpeg",322,230,true],"mantranews-single-large":["https:\/\/blogopara.com.br\/wp-content\/uploads\/2024\/04\/praca-da-misericorida-01.jpeg",450,599,false]},"uagb_author_info":{"display_name":"Reda\u00e7\u00e3o geral","author_link":"https:\/\/blogopara.com.br\/index.php\/author\/blogopara"},"uagb_comment_info":0,"uagb_excerpt":"A Prefeitura de Juazeiro, atrav\u00e9s da Secretaria de Servi\u00e7os P\u00fablicos (Sesp), realizou na noite desta quinta-feira (11), a substitui\u00e7\u00e3o de lumin\u00e1rias convencionais por tecnologia LED na Pra\u00e7a da Miseric\u00f3rdia, no Centro da cidade. A a\u00e7\u00e3o contemplou a instala\u00e7\u00e3o de duas torres equipadas com tr\u00eas LEDs cada, visando aprimorar a efici\u00eancia energ\u00e9tica e a qualidade da&hellip;","jetpack_sharing_enabled":true,"jetpack_likes_enabled":true,"_links":{"self":[{"href":"https:\/\/blogopara.com.br\/index.php\/wp-json\/wp\/v2\/posts\/64068","targetHints":{"allow":["GET"]}}],"collection":[{"href":"https:\/\/blogopara.com.br\/index.php\/wp-json\/wp\/v2\/posts"}],"about":[{"href":"https:\/\/blogopara.com.br\/index.php\/wp-json\/wp\/v2\/types\/post"}],"author":[{"embeddable":true,"href":"https:\/\/blogopara.com.br\/index.php\/wp-json\/wp\/v2\/users\/1"}],"replies":[{"embeddable":true,"href":"https:\/\/blogopara.com.br\/index.php\/wp-json\/wp\/v2\/comments?post=64068"}],"version-history":[{"count":1,"href":"https:\/\/blogopara.com.br\/index.php\/wp-json\/wp\/v2\/posts\/64068\/revisions"}],"predecessor-version":[{"id":64070,"href":"https:\/\/blogopara.com.br\/index.php\/wp-json\/wp\/v2\/posts\/64068\/revisions\/64070"}],"wp:featuredmedia":[{"embeddable":true,"href":"https:\/\/blogopara.com.br\/index.php\/wp-json\/wp\/v2\/media\/64069"}],"wp:attachment":[{"href":"https:\/\/blogopara.com.br\/index.php\/wp-json\/wp\/v2\/media?parent=64068"}],"wp:term":[{"taxonomy":"category","embeddable":true,"href":"https:\/\/blogopara.com.br\/index.php\/wp-json\/wp\/v2\/categories?post=64068"},{"taxonomy":"post_tag","embeddable":true,"href":"https:\/\/blogopara.com.br\/index.php\/wp-json\/wp\/v2\/tags?post=64068"}],"curies":[{"name":"wp","href":"https:\/\/api.w.org\/{rel}","templated":true}]}}