{"id":64073,"date":"2024-04-13T10:41:34","date_gmt":"2024-04-13T13:41:34","guid":{"rendered":"https:\/\/blogopara.com.br\/?p=64073"},"modified":"2024-04-13T10:41:37","modified_gmt":"2024-04-13T13:41:37","slug":"stf-decide-que-estado-deve-indenizar-vitimas-de-bala-perdida-em-acoes-policiais","status":"publish","type":"post","link":"https:\/\/blogopara.com.br\/index.php\/2024\/04\/13\/stf-decide-que-estado-deve-indenizar-vitimas-de-bala-perdida-em-acoes-policiais","title":{"rendered":"STF decide que Estado deve indenizar v\u00edtimas de bala perdida em a\u00e7\u00f5es policiais"},"content":{"rendered":"<p style=\"text-align: justify;\">O Supremo Tribunal Federal (STF) decidiu nesta quinta-feira (11) que o Estado deve ser responsabilizado pela morte de pessoas baleadas durante opera\u00e7\u00f5es policiais ou militares.<\/p>\n<p style=\"text-align: justify;\">Os magistrados entenderam que:<\/p>\n<p style=\"text-align: justify;\">\u2013 o Estado \u00e9 respons\u00e1vel na esfera c\u00edvel por morte ou ferimento decorrente de opera\u00e7\u00f5es de seguran\u00e7a p\u00fablica, nos termos da teoria do risco administrativo.<\/p>\n<p style=\"text-align: justify;\">\u2013 \u00e9 \u00f4nus probat\u00f3rio do ente federativo demonstrar eventuais excludentes de responsabilidade civil.<\/p>\n<p style=\"text-align: justify;\">\u2013 a per\u00edcia inconclusiva sobre o disparo fatal durante opera\u00e7\u00f5es n\u00e3o \u00e9 suficiente, por si s\u00f3, para afastar a responsabilidade civil do Estado, por constituir elemento indici\u00e1rio.<\/p>\n<p style=\"text-align: justify;\">Al\u00e9m disso, pela decis\u00e3o, os governos devem se responsabilizar quando h\u00e1 mortos e feridos em incurs\u00e3o de agentes de seguran\u00e7a p\u00fablica.<\/p>\n<p style=\"text-align: justify;\">Com o julgamento do STF, o processo tem repercuss\u00e3o geral e, ou seja, a decis\u00e3o tomada vai valer para situa\u00e7\u00f5es similares.<\/p>\n<p style=\"text-align: justify;\">A maioria dos ministros decidiu que a per\u00edcia inconclusiva sobre a origem do disparo gera responsabilidade da Uni\u00e3o pela morte, uma vez que a opera\u00e7\u00e3o partiu de uma for\u00e7a federal.<\/p>\n","protected":false},"excerpt":{"rendered":"<p>O Supremo Tribunal Federal (STF) decidiu nesta quinta-feira (11) que o Estado deve ser responsabilizado pela morte de pessoas baleadas durante opera\u00e7\u00f5es policiais ou militares. Os magistrados entenderam que: \u2013 o Estado \u00e9 respons\u00e1vel na esfera c\u00edvel por morte ou ferimento decorrente de opera\u00e7\u00f5es de seguran\u00e7a p\u00fablica, nos termos da teoria do risco administrativo. \u2013 [&hellip;]<\/p>\n","protected":false},"author":1,"featured_media":3428,"comment_status":"closed","ping_status":"open","sticky":false,"template":"","format":"standard","meta":{"_uag_custom_page_level_css":"","_monsterinsights_skip_tracking":false,"_monsterinsights_sitenote_active":false,"_monsterinsights_sitenote_note":"","_monsterinsights_sitenote_category":0,"jetpack_post_was_ever_published":false,"_jetpack_newsletter_access":"","_jetpack_dont_email_post_to_subs":false,"_jetpack_newsletter_tier_id":0,"_jetpack_memberships_contains_paywalled_content":false,"_jetpack_memberships_contains_paid_content":false,"footnotes":"","jetpack_publicize_message":"","jetpack_publicize_feature_enabled":true,"jetpack_social_post_already_shared":true,"jetpack_social_options":{"image_generator_settings":{"template":"highway","default_image_id":0,"font":"","enabled":false},"version":2}},"categories":[200],"tags":[],"class_list":["post-64073","post","type-post","status-publish","format-standard","has-post-thumbnail","hentry","category-brasil"],"jetpack_publicize_connections":[],"jetpack_featured_media_url":"https:\/\/blogopara.com.br\/wp-content\/uploads\/2019\/09\/stf.jpg","uagb_featured_image_src":{"full":["https:\/\/blogopara.com.br\/wp-content\/uploads\/2019\/09\/stf.jpg",297,169,false],"thumbnail":["https:\/\/blogopara.com.br\/wp-content\/uploads\/2019\/09\/stf-150x150.jpg",150,150,true],"medium":["https:\/\/blogopara.com.br\/wp-content\/uploads\/2019\/09\/stf.jpg",297,169,false],"medium_large":["https:\/\/blogopara.com.br\/wp-content\/uploads\/2019\/09\/stf.jpg",297,169,false],"large":["https:\/\/blogopara.com.br\/wp-content\/uploads\/2019\/09\/stf.jpg",297,169,false],"1536x1536":["https:\/\/blogopara.com.br\/wp-content\/uploads\/2019\/09\/stf.jpg",297,169,false],"2048x2048":["https:\/\/blogopara.com.br\/wp-content\/uploads\/2019\/09\/stf.jpg",297,169,false],"mantranews-slider-large":["https:\/\/blogopara.com.br\/wp-content\/uploads\/2019\/09\/stf.jpg",297,169,false],"mantranews-featured-medium":["https:\/\/blogopara.com.br\/wp-content\/uploads\/2019\/09\/stf.jpg",297,169,false],"mantranews-featured-long":["https:\/\/blogopara.com.br\/wp-content\/uploads\/2019\/09\/stf.jpg",297,169,false],"mantranews-block-medium":["https:\/\/blogopara.com.br\/wp-content\/uploads\/2019\/09\/stf.jpg",297,169,false],"mantranews-carousel-image":["https:\/\/blogopara.com.br\/wp-content\/uploads\/2019\/09\/stf.jpg",297,169,false],"mantranews-block-thumb":["https:\/\/blogopara.com.br\/wp-content\/uploads\/2019\/09\/stf.jpg",297,169,false],"mantranews-single-large":["https:\/\/blogopara.com.br\/wp-content\/uploads\/2019\/09\/stf.jpg",297,169,false]},"uagb_author_info":{"display_name":"Reda\u00e7\u00e3o geral","author_link":"https:\/\/blogopara.com.br\/index.php\/author\/blogopara"},"uagb_comment_info":0,"uagb_excerpt":"O Supremo Tribunal Federal (STF) decidiu nesta quinta-feira (11) que o Estado deve ser responsabilizado pela morte de pessoas baleadas durante opera\u00e7\u00f5es policiais ou militares. Os magistrados entenderam que: \u2013 o Estado \u00e9 respons\u00e1vel na esfera c\u00edvel por morte ou ferimento decorrente de opera\u00e7\u00f5es de seguran\u00e7a p\u00fablica, nos termos da teoria do risco administrativo. \u2013&hellip;","jetpack_sharing_enabled":true,"jetpack_likes_enabled":true,"_links":{"self":[{"href":"https:\/\/blogopara.com.br\/index.php\/wp-json\/wp\/v2\/posts\/64073","targetHints":{"allow":["GET"]}}],"collection":[{"href":"https:\/\/blogopara.com.br\/index.php\/wp-json\/wp\/v2\/posts"}],"about":[{"href":"https:\/\/blogopara.com.br\/index.php\/wp-json\/wp\/v2\/types\/post"}],"author":[{"embeddable":true,"href":"https:\/\/blogopara.com.br\/index.php\/wp-json\/wp\/v2\/users\/1"}],"replies":[{"embeddable":true,"href":"https:\/\/blogopara.com.br\/index.php\/wp-json\/wp\/v2\/comments?post=64073"}],"version-history":[{"count":1,"href":"https:\/\/blogopara.com.br\/index.php\/wp-json\/wp\/v2\/posts\/64073\/revisions"}],"predecessor-version":[{"id":64074,"href":"https:\/\/blogopara.com.br\/index.php\/wp-json\/wp\/v2\/posts\/64073\/revisions\/64074"}],"wp:featuredmedia":[{"embeddable":true,"href":"https:\/\/blogopara.com.br\/index.php\/wp-json\/wp\/v2\/media\/3428"}],"wp:attachment":[{"href":"https:\/\/blogopara.com.br\/index.php\/wp-json\/wp\/v2\/media?parent=64073"}],"wp:term":[{"taxonomy":"category","embeddable":true,"href":"https:\/\/blogopara.com.br\/index.php\/wp-json\/wp\/v2\/categories?post=64073"},{"taxonomy":"post_tag","embeddable":true,"href":"https:\/\/blogopara.com.br\/index.php\/wp-json\/wp\/v2\/tags?post=64073"}],"curies":[{"name":"wp","href":"https:\/\/api.w.org\/{rel}","templated":true}]}}