{"id":64107,"date":"2024-04-15T08:48:33","date_gmt":"2024-04-15T11:48:33","guid":{"rendered":"https:\/\/blogopara.com.br\/?p=64107"},"modified":"2024-04-15T08:48:36","modified_gmt":"2024-04-15T11:48:36","slug":"poesia-e-encontros-marca-apresentacao-de-josemar-pinzoh-no-projeto-canta-baixinho-para-ouvir-melhor","status":"publish","type":"post","link":"https:\/\/blogopara.com.br\/index.php\/2024\/04\/15\/poesia-e-encontros-marca-apresentacao-de-josemar-pinzoh-no-projeto-canta-baixinho-para-ouvir-melhor","title":{"rendered":"Poesia e encontros marca apresenta\u00e7\u00e3o de Josemar Pinzoh no projeto Canta Baixinho para Ouvir Melhor"},"content":{"rendered":"<p class=\"x_MsoNormal\" style=\"text-align: justify;\">Uma noite para abra\u00e7ar a felicidade, a poesia e a m\u00fasica. Assim pode ser definida a sexta apresenta\u00e7\u00e3o do projeto \u201cCanta Baixinho para Ouvir Melhor\u201d, que recebeu, neste s\u00e1bado (13), no Centro de Cultura Jo\u00e3o Gilberto, o show \u201cPra ser feliz\u201d, do professor, escritor e compositor, Josemar Pinzoh. Para uma plateia lotada, o artista cantou suas can\u00e7\u00f5es, abra\u00e7ou os amigos e contou um pouco da sua hist\u00f3ria com a poesia, a m\u00fasica e com a sua terra, Cura\u00e7\u00e1.<\/p>\n<p class=\"x_MsoNormal\" style=\"text-align: justify;\">No palco, Pinzoh foi acompanhado por Alvim Soares (efeitos), Silvio Batera (Percuss\u00e3o) e Everton Ant\u00f4nio (baixo), e contou com as participa\u00e7\u00f5es muito especiais de Fatel e do seu parceiro em v\u00e1rias composi\u00e7\u00f5es, Fernandinho. \u201cPara mim esse show foi um \u00eaxtase. Eu estava muito tenso, mas tenho uma forma de enfrentar a tens\u00e3o brincando com ela e isso acabou funcionando. A minha intera\u00e7\u00e3o com o p\u00fablico tamb\u00e9m, acho que as pessoas estavam dispostas a interagir. O show foi um presente e eu nunca esquecerei essa noite\u201d, revelou Pinzoh ap\u00f3s o show.<\/p>\n<p class=\"x_MsoNormal\" style=\"text-align: justify;\">A pedagoga Adriana Campana destacou a afetividade presente no projeto Canta Baixinho. \u201cO show de Pinzoh foi incr\u00edvel, assim como todos os outros do projeto. A m\u00fasica da regi\u00e3o tem uma pot\u00eancia incr\u00edvel e esse espa\u00e7o intimista \u00e9 maravilhoso. D\u00e1 vontade de ser acolhida, parece um grande abra\u00e7o, parece que a m\u00fasica te abra\u00e7a\u201d, frisou Adriana.<\/p>\n<p class=\"x_MsoNormal\" style=\"text-align: justify;\">O show teve o cen\u00e1rio criado por B\u00e1rbara Reis Martins, filha de Pinzoh, que produziu um lindo painel com uma imagem do pai. A concep\u00e7\u00e3o e execu\u00e7\u00e3o de luz foram assinadas por Elson Campos e o projeto ainda conta com a parceria da Cia Biruta de Teatro e o apoio da AGF Solar.<\/p>\n<p class=\"x_MsoNormal\" style=\"text-align: justify;\"><b>Pr\u00f3xima atra\u00e7\u00e3o<\/b><\/p>\n<p class=\"x_MsoNormal\" style=\"text-align: justify;\">O projeto, idealizado pelo coletivo cultural Indiv\u00edduo Coletivo, est\u00e1 em sua segunda temporada e visa possibilitar ao p\u00fablico a aprecia\u00e7\u00e3o de performances autorais de artistas da regi\u00e3o. No palco do projeto j\u00e1 pisaram artistas como Joyce Guirra, Moesio Belfort, Rog\u00e9rio Leal, Peu Bandeira e Jaidete Varj\u00e3o. No dia 11 de maio o projeto vai festejar o Dia Nacional do Reggae, com Ma\u00e9rcio Jos\u00e9, conhecido por seu trabalho nas bandas Apocalypse Reggae e Tio Z\u00e9 B\u00e1.<\/p>\n<p class=\"x_MsoNormal\" style=\"text-align: justify;\">Siga o Indiv\u00edduo Coletivo:<\/p>\n<p class=\"x_MsoNormal\" style=\"text-align: justify;\">@indiv.colet<\/p>\n<p style=\"text-align: justify;\">\n<div class=\"x_gmail_signature\" dir=\"ltr\" data-smartmail=\"gmail_signature\">\n<div dir=\"ltr\">\n<div style=\"text-align: justify;\">Eneida Trindade<br \/>\n74 98825-5249<\/div>\n<\/div>\n<\/div>\n","protected":false},"excerpt":{"rendered":"<p>Uma noite para abra\u00e7ar a felicidade, a poesia e a m\u00fasica. Assim pode ser definida a sexta apresenta\u00e7\u00e3o do projeto \u201cCanta Baixinho para Ouvir Melhor\u201d, que recebeu, neste s\u00e1bado (13), no Centro de Cultura Jo\u00e3o Gilberto, o show \u201cPra ser feliz\u201d, do professor, escritor e compositor, Josemar Pinzoh. Para uma plateia lotada, o artista cantou [&hellip;]<\/p>\n","protected":false},"author":1,"featured_media":64108,"comment_status":"closed","ping_status":"open","sticky":false,"template":"","format":"standard","meta":{"_uag_custom_page_level_css":"","_monsterinsights_skip_tracking":false,"_monsterinsights_sitenote_active":false,"_monsterinsights_sitenote_note":"","_monsterinsights_sitenote_category":0,"jetpack_post_was_ever_published":false,"_jetpack_newsletter_access":"","_jetpack_dont_email_post_to_subs":false,"_jetpack_newsletter_tier_id":0,"_jetpack_memberships_contains_paywalled_content":false,"_jetpack_memberships_contains_paid_content":false,"footnotes":"","jetpack_publicize_message":"","jetpack_publicize_feature_enabled":true,"jetpack_social_post_already_shared":true,"jetpack_social_options":{"image_generator_settings":{"template":"highway","default_image_id":0,"font":"","enabled":false},"version":2}},"categories":[203],"tags":[],"class_list":["post-64107","post","type-post","status-publish","format-standard","has-post-thumbnail","hentry","category-juazeiro"],"jetpack_publicize_connections":[],"jetpack_featured_media_url":"https:\/\/blogopara.com.br\/wp-content\/uploads\/2024\/04\/Foto-Moesio-Belfort-05.jpeg","uagb_featured_image_src":{"full":["https:\/\/blogopara.com.br\/wp-content\/uploads\/2024\/04\/Foto-Moesio-Belfort-05.jpeg",500,500,false],"thumbnail":["https:\/\/blogopara.com.br\/wp-content\/uploads\/2024\/04\/Foto-Moesio-Belfort-05-150x150.jpeg",150,150,true],"medium":["https:\/\/blogopara.com.br\/wp-content\/uploads\/2024\/04\/Foto-Moesio-Belfort-05-300x300.jpeg",300,300,true],"medium_large":["https:\/\/blogopara.com.br\/wp-content\/uploads\/2024\/04\/Foto-Moesio-Belfort-05.jpeg",500,500,false],"large":["https:\/\/blogopara.com.br\/wp-content\/uploads\/2024\/04\/Foto-Moesio-Belfort-05.jpeg",500,500,false],"1536x1536":["https:\/\/blogopara.com.br\/wp-content\/uploads\/2024\/04\/Foto-Moesio-Belfort-05.jpeg",500,500,false],"2048x2048":["https:\/\/blogopara.com.br\/wp-content\/uploads\/2024\/04\/Foto-Moesio-Belfort-05.jpeg",500,500,false],"mantranews-slider-large":["https:\/\/blogopara.com.br\/wp-content\/uploads\/2024\/04\/Foto-Moesio-Belfort-05.jpeg",500,500,false],"mantranews-featured-medium":["https:\/\/blogopara.com.br\/wp-content\/uploads\/2024\/04\/Foto-Moesio-Belfort-05-420x307.jpeg",420,307,true],"mantranews-featured-long":["https:\/\/blogopara.com.br\/wp-content\/uploads\/2024\/04\/Foto-Moesio-Belfort-05-300x443.jpeg",300,443,true],"mantranews-block-medium":["https:\/\/blogopara.com.br\/wp-content\/uploads\/2024\/04\/Foto-Moesio-Belfort-05-464x290.jpeg",464,290,true],"mantranews-carousel-image":["https:\/\/blogopara.com.br\/wp-content\/uploads\/2024\/04\/Foto-Moesio-Belfort-05.jpeg",500,500,false],"mantranews-block-thumb":["https:\/\/blogopara.com.br\/wp-content\/uploads\/2024\/04\/Foto-Moesio-Belfort-05-322x230.jpeg",322,230,true],"mantranews-single-large":["https:\/\/blogopara.com.br\/wp-content\/uploads\/2024\/04\/Foto-Moesio-Belfort-05.jpeg",500,500,false]},"uagb_author_info":{"display_name":"Reda\u00e7\u00e3o geral","author_link":"https:\/\/blogopara.com.br\/index.php\/author\/blogopara"},"uagb_comment_info":0,"uagb_excerpt":"Uma noite para abra\u00e7ar a felicidade, a poesia e a m\u00fasica. Assim pode ser definida a sexta apresenta\u00e7\u00e3o do projeto \u201cCanta Baixinho para Ouvir Melhor\u201d, que recebeu, neste s\u00e1bado (13), no Centro de Cultura Jo\u00e3o Gilberto, o show \u201cPra ser feliz\u201d, do professor, escritor e compositor, Josemar Pinzoh. Para uma plateia lotada, o artista cantou&hellip;","jetpack_sharing_enabled":true,"jetpack_likes_enabled":true,"_links":{"self":[{"href":"https:\/\/blogopara.com.br\/index.php\/wp-json\/wp\/v2\/posts\/64107","targetHints":{"allow":["GET"]}}],"collection":[{"href":"https:\/\/blogopara.com.br\/index.php\/wp-json\/wp\/v2\/posts"}],"about":[{"href":"https:\/\/blogopara.com.br\/index.php\/wp-json\/wp\/v2\/types\/post"}],"author":[{"embeddable":true,"href":"https:\/\/blogopara.com.br\/index.php\/wp-json\/wp\/v2\/users\/1"}],"replies":[{"embeddable":true,"href":"https:\/\/blogopara.com.br\/index.php\/wp-json\/wp\/v2\/comments?post=64107"}],"version-history":[{"count":1,"href":"https:\/\/blogopara.com.br\/index.php\/wp-json\/wp\/v2\/posts\/64107\/revisions"}],"predecessor-version":[{"id":64109,"href":"https:\/\/blogopara.com.br\/index.php\/wp-json\/wp\/v2\/posts\/64107\/revisions\/64109"}],"wp:featuredmedia":[{"embeddable":true,"href":"https:\/\/blogopara.com.br\/index.php\/wp-json\/wp\/v2\/media\/64108"}],"wp:attachment":[{"href":"https:\/\/blogopara.com.br\/index.php\/wp-json\/wp\/v2\/media?parent=64107"}],"wp:term":[{"taxonomy":"category","embeddable":true,"href":"https:\/\/blogopara.com.br\/index.php\/wp-json\/wp\/v2\/categories?post=64107"},{"taxonomy":"post_tag","embeddable":true,"href":"https:\/\/blogopara.com.br\/index.php\/wp-json\/wp\/v2\/tags?post=64107"}],"curies":[{"name":"wp","href":"https:\/\/api.w.org\/{rel}","templated":true}]}}