{"id":64138,"date":"2024-04-16T12:38:00","date_gmt":"2024-04-16T15:38:00","guid":{"rendered":"https:\/\/blogopara.com.br\/?p=64138"},"modified":"2024-04-15T15:39:53","modified_gmt":"2024-04-15T18:39:53","slug":"prefeitura-de-juazeiro-intensifica-acoes-de-limpeza-em-diversos-pontos-da-cidade","status":"publish","type":"post","link":"https:\/\/blogopara.com.br\/index.php\/2024\/04\/16\/prefeitura-de-juazeiro-intensifica-acoes-de-limpeza-em-diversos-pontos-da-cidade","title":{"rendered":"Prefeitura de Juazeiro intensifica a\u00e7\u00f5es de limpeza em diversos pontos da cidade"},"content":{"rendered":"<p style=\"text-align: justify;\">A Prefeitura de Juazeiro, atrav\u00e9s da Secretaria de Servi\u00e7os P\u00fablicos (Sesp), iniciou a semana intensificando os trabalhos de limpeza em diferentes \u00e1reas da cidade. Nesta segunda-feira (15), os bairros S\u00e3o Geraldo, Av. Raul Alves e Av. Adolfo Viana receberam servi\u00e7os de capina e varri\u00e7\u00e3o, visando a melhoria do aspecto urbano e o bem-estar da comunidade local.<\/p>\n<p>Al\u00e9m disso, outra equipe foi designada para realizar podas em \u00e1reas espec\u00edficas, abrangendo os bairros Coreia, Pedra do Lord, Alto da Alian\u00e7a, Maring\u00e1 e o Centro da cidade. Essas a\u00e7\u00f5es t\u00eam como objetivo promover a manuten\u00e7\u00e3o adequada das \u00e1reas verdes e garantir a seguran\u00e7a dos cidad\u00e3os em rela\u00e7\u00e3o aos espa\u00e7os p\u00fablicos.<\/p>\n<p>Para o secret\u00e1rio de Servi\u00e7os P\u00fablicos, Vald\u00edcio Pinheiro, essas iniciativas s\u00e3o uma preocupa\u00e7\u00e3o constante da gest\u00e3o municipal. &#8220;Nossas equipes est\u00e3o nas ruas, diariamente, com for\u00e7a total, para que a cidade fique cada dia mais agrad\u00e1vel para vivermos. Estamos atentos \u00e0s demandas da comunidade e vamos chegar a todas as localidades com todos os nossos servi\u00e7os&#8221;, afirmou.<\/p>\n<p>As equipes da Sesp atuam de acordo com cronograma pr\u00e9-definido para toda a cidade, com servi\u00e7os de capina, varri\u00e7\u00e3o, retirada de res\u00edduos e poda. O secret\u00e1rio destacou a import\u00e2ncia da colabora\u00e7\u00e3o das pessoas. \u201cN\u00f3s estamos trabalhando para que a cidade fique sempre limpa e bem cuidada, mas tamb\u00e9m \u00e9 fundamental a colabora\u00e7\u00e3o de cada morador, cada cidad\u00e3o nesse trabalho conjunto. Manter a cidade organizada \u00e9 obriga\u00e7\u00e3o nossa enquanto poder p\u00fablico, mas precisamos que a popula\u00e7\u00e3o tamb\u00e9m nos ajude, por exemplo, descartando o lixo no lugar certo. Cada pequeno gesto, contribui para a limpeza de nossa cidade\u201d, completou o secret\u00e1rio.<\/p>\n<p>Texto e \u00e1udio: Fabiana Diniz &#8211; Ascom Sesp\/PMJ<\/p>\n<div style=\"text-align: justify;\">Fotos: \u00cdcaro Alexandre<\/div>\n","protected":false},"excerpt":{"rendered":"<p>A Prefeitura de Juazeiro, atrav\u00e9s da Secretaria de Servi\u00e7os P\u00fablicos (Sesp), iniciou a semana intensificando os trabalhos de limpeza em diferentes \u00e1reas da cidade. Nesta segunda-feira (15), os bairros S\u00e3o Geraldo, Av. Raul Alves e Av. Adolfo Viana receberam servi\u00e7os de capina e varri\u00e7\u00e3o, visando a melhoria do aspecto urbano e o bem-estar da comunidade [&hellip;]<\/p>\n","protected":false},"author":1,"featured_media":39031,"comment_status":"closed","ping_status":"open","sticky":false,"template":"","format":"standard","meta":{"_uag_custom_page_level_css":"","_monsterinsights_skip_tracking":false,"_monsterinsights_sitenote_active":false,"_monsterinsights_sitenote_note":"","_monsterinsights_sitenote_category":0,"jetpack_post_was_ever_published":false,"_jetpack_newsletter_access":"","_jetpack_dont_email_post_to_subs":false,"_jetpack_newsletter_tier_id":0,"_jetpack_memberships_contains_paywalled_content":false,"_jetpack_memberships_contains_paid_content":false,"footnotes":"","jetpack_publicize_message":"","jetpack_publicize_feature_enabled":true,"jetpack_social_post_already_shared":true,"jetpack_social_options":{"image_generator_settings":{"template":"highway","default_image_id":0,"font":"","enabled":false},"version":2}},"categories":[203],"tags":[],"class_list":["post-64138","post","type-post","status-publish","format-standard","has-post-thumbnail","hentry","category-juazeiro"],"jetpack_publicize_connections":[],"jetpack_featured_media_url":"https:\/\/blogopara.com.br\/wp-content\/uploads\/2022\/06\/LIMPEZA.jpg","uagb_featured_image_src":{"full":["https:\/\/blogopara.com.br\/wp-content\/uploads\/2022\/06\/LIMPEZA.jpg",500,500,false],"thumbnail":["https:\/\/blogopara.com.br\/wp-content\/uploads\/2022\/06\/LIMPEZA-150x150.jpg",150,150,true],"medium":["https:\/\/blogopara.com.br\/wp-content\/uploads\/2022\/06\/LIMPEZA-300x300.jpg",300,300,true],"medium_large":["https:\/\/blogopara.com.br\/wp-content\/uploads\/2022\/06\/LIMPEZA.jpg",500,500,false],"large":["https:\/\/blogopara.com.br\/wp-content\/uploads\/2022\/06\/LIMPEZA.jpg",500,500,false],"1536x1536":["https:\/\/blogopara.com.br\/wp-content\/uploads\/2022\/06\/LIMPEZA.jpg",500,500,false],"2048x2048":["https:\/\/blogopara.com.br\/wp-content\/uploads\/2022\/06\/LIMPEZA.jpg",500,500,false],"mantranews-slider-large":["https:\/\/blogopara.com.br\/wp-content\/uploads\/2022\/06\/LIMPEZA.jpg",500,500,false],"mantranews-featured-medium":["https:\/\/blogopara.com.br\/wp-content\/uploads\/2022\/06\/LIMPEZA-420x307.jpg",420,307,true],"mantranews-featured-long":["https:\/\/blogopara.com.br\/wp-content\/uploads\/2022\/06\/LIMPEZA-300x443.jpg",300,443,true],"mantranews-block-medium":["https:\/\/blogopara.com.br\/wp-content\/uploads\/2022\/06\/LIMPEZA-464x290.jpg",464,290,true],"mantranews-carousel-image":["https:\/\/blogopara.com.br\/wp-content\/uploads\/2022\/06\/LIMPEZA.jpg",500,500,false],"mantranews-block-thumb":["https:\/\/blogopara.com.br\/wp-content\/uploads\/2022\/06\/LIMPEZA-322x230.jpg",322,230,true],"mantranews-single-large":["https:\/\/blogopara.com.br\/wp-content\/uploads\/2022\/06\/LIMPEZA.jpg",500,500,false]},"uagb_author_info":{"display_name":"Reda\u00e7\u00e3o geral","author_link":"https:\/\/blogopara.com.br\/index.php\/author\/blogopara"},"uagb_comment_info":0,"uagb_excerpt":"A Prefeitura de Juazeiro, atrav\u00e9s da Secretaria de Servi\u00e7os P\u00fablicos (Sesp), iniciou a semana intensificando os trabalhos de limpeza em diferentes \u00e1reas da cidade. Nesta segunda-feira (15), os bairros S\u00e3o Geraldo, Av. Raul Alves e Av. Adolfo Viana receberam servi\u00e7os de capina e varri\u00e7\u00e3o, visando a melhoria do aspecto urbano e o bem-estar da comunidade&hellip;","jetpack_sharing_enabled":true,"jetpack_likes_enabled":true,"_links":{"self":[{"href":"https:\/\/blogopara.com.br\/index.php\/wp-json\/wp\/v2\/posts\/64138","targetHints":{"allow":["GET"]}}],"collection":[{"href":"https:\/\/blogopara.com.br\/index.php\/wp-json\/wp\/v2\/posts"}],"about":[{"href":"https:\/\/blogopara.com.br\/index.php\/wp-json\/wp\/v2\/types\/post"}],"author":[{"embeddable":true,"href":"https:\/\/blogopara.com.br\/index.php\/wp-json\/wp\/v2\/users\/1"}],"replies":[{"embeddable":true,"href":"https:\/\/blogopara.com.br\/index.php\/wp-json\/wp\/v2\/comments?post=64138"}],"version-history":[{"count":1,"href":"https:\/\/blogopara.com.br\/index.php\/wp-json\/wp\/v2\/posts\/64138\/revisions"}],"predecessor-version":[{"id":64139,"href":"https:\/\/blogopara.com.br\/index.php\/wp-json\/wp\/v2\/posts\/64138\/revisions\/64139"}],"wp:featuredmedia":[{"embeddable":true,"href":"https:\/\/blogopara.com.br\/index.php\/wp-json\/wp\/v2\/media\/39031"}],"wp:attachment":[{"href":"https:\/\/blogopara.com.br\/index.php\/wp-json\/wp\/v2\/media?parent=64138"}],"wp:term":[{"taxonomy":"category","embeddable":true,"href":"https:\/\/blogopara.com.br\/index.php\/wp-json\/wp\/v2\/categories?post=64138"},{"taxonomy":"post_tag","embeddable":true,"href":"https:\/\/blogopara.com.br\/index.php\/wp-json\/wp\/v2\/tags?post=64138"}],"curies":[{"name":"wp","href":"https:\/\/api.w.org\/{rel}","templated":true}]}}