{"id":64235,"date":"2024-04-19T07:58:00","date_gmt":"2024-04-19T10:58:00","guid":{"rendered":"https:\/\/blogopara.com.br\/?p=64235"},"modified":"2024-04-18T20:00:44","modified_gmt":"2024-04-18T23:00:44","slug":"gestao-suzana-ramos-garante-mais-assistencia-a-saude-infantil-com-reforco-na-equipe-da-unidade-pediatrica-e-cirurgiao-24-horas","status":"publish","type":"post","link":"https:\/\/blogopara.com.br\/index.php\/2024\/04\/19\/gestao-suzana-ramos-garante-mais-assistencia-a-saude-infantil-com-reforco-na-equipe-da-unidade-pediatrica-e-cirurgiao-24-horas","title":{"rendered":"Gest\u00e3o Suzana Ramos garante mais assist\u00eancia \u00e0 sa\u00fade infantil com refor\u00e7o na equipe da Unidade Pedi\u00e1trica e cirurgi\u00e3o 24 horas"},"content":{"rendered":"<div style=\"text-align: justify;\">A Prefeitura de Juazeiro, por meio da Secretaria de Sa\u00fade (Sesau), refor\u00e7ou a equipe m\u00e9dica para os atendimentos na Unidade Pedi\u00e1trica (Uped) devido a este per\u00edodo do ano, quando h\u00e1 um aumento de infec\u00e7\u00f5es respirat\u00f3rias agudas, situa\u00e7\u00e3o em que cresce a demanda de atendimento nas urg\u00eancias.<\/p>\n<p>\u201cEstamos, constantemente, investindo na melhoria do atendimento na UPED por entendermos que o servi\u00e7o de sa\u00fade tem que ser otimizado sempre. A unidade recebeu refor\u00e7o na escala de pediatras, com a contrata\u00e7\u00e3o de mais um profissional e o cirurgi\u00e3o 24 horas, que j\u00e1 est\u00e1 no atendimento desde 2023, al\u00e9m do suporte com a equipe de assist\u00eancia formada por m\u00e9dicos pediatras, enfermeiros, fisioterapeutas, t\u00e9cnicos especializados em pediatria, assistente social, t\u00e9cnicos e auxiliares de enfermagem\u201d, descreveu a prefeita, Suzana Ramos.<\/p>\n<p>A secret\u00e1ria de Sa\u00fade, Ana L\u00facia Ara\u00fajo, enfatiza que, mesmo com as dificuldades, os servi\u00e7os t\u00eam melhor assistido \u00e0 popula\u00e7\u00e3o. \u201cEstamos sempre buscando mais investimentos, inser\u00e7\u00e3o no servi\u00e7o em programas do governo federal e estadual, buscado apoio e a prova \u00e9 a aquisi\u00e7\u00e3o do profissional cirurgi\u00e3o pedi\u00e1trico em escala de sobreaviso 24 horas por dia, manh\u00e3, tarde e noite. Mesmo sendo um servi\u00e7o de m\u00e9dia complexidade, a gest\u00e3o da prefeita Suzana Ramos tem tido o cuidado de melhorar, mais ainda, a qualidade dos atendimentos\u201d, destacou. O cirurgi\u00e3o plantonista poder\u00e1 realizar pequenos procedimentos e\/ou avalia\u00e7\u00e3o.<\/p>\n<p><b>Unidade Pedi\u00e1trica<\/b><\/div>\n<div style=\"text-align: justify;\">\nA Uped atende crian\u00e7as e adolescentes de 0 a 14 anos de idade em situa\u00e7\u00e3o de urg\u00eancia e emerg\u00eancia, acolhendo pacientes da rede PEBA que integra, al\u00e9m de Juazeiro, pacientes de munic\u00edpios da Bahia e de Pernambuco. S\u00e3o realizados, em m\u00e9dia 170, atendimentos por dia, e funciona 24 horas.<\/p>\n<p>Criada em abril de 2020, a unidade tem 12 leitos, incluindo os de isolamento e sala vermelha e conta com 71 servidores, entre m\u00e9dicos, enfermeiros, t\u00e9cnicos e corpo administrativo. \u00c9 um hospital de m\u00e9dia complexidade. A Uped fica localizada no bairro Jardim Fl\u00f3rida, na Rua Paula Bispo de Carvalho, n\u00famero 210.<\/p>\n<p>Os atendimentos de rotina devem ser feitos nas Unidades B\u00e1sicas de Sa\u00fade (UBSs).<\/p>\n<p><b>Inverno e Doen\u00e7as respirat\u00f3rias<\/b><\/p>\n<p>No per\u00edodo que compreende os meses de maio, junho e julho, as temperaturas caem e favorecem a dissemina\u00e7\u00e3o dos v\u00edrus causadores de S\u00edndromes Respirat\u00f3rias como gripe, resfriado e, at\u00e9 mesmo, a Covid-19, que continua circulando. Al\u00e9m das infec\u00e7\u00f5es, neste per\u00edodo desencadeiam doen\u00e7as como sinusite, rinite e crises de asma e bronquite, em especial nos festejos juninos, quando a popula\u00e7\u00e3o acende as fogueiras.<\/p>\n<p>A Sesau alerta para que as pessoas evitem aglomera\u00e7\u00f5es, mantenha os locais ventilados e o cart\u00e3o de vacina em dia contra a gripe e a Covid-19.<\/p>\n<p>\u2014<br \/>\nTexto: Iana Lima \u2013 Ascom Sesau\/PMJ<\/p><\/div>\n","protected":false},"excerpt":{"rendered":"<p>A Prefeitura de Juazeiro, por meio da Secretaria de Sa\u00fade (Sesau), refor\u00e7ou a equipe m\u00e9dica para os atendimentos na Unidade Pedi\u00e1trica (Uped) devido a este per\u00edodo do ano, quando h\u00e1 um aumento de infec\u00e7\u00f5es respirat\u00f3rias agudas, situa\u00e7\u00e3o em que cresce a demanda de atendimento nas urg\u00eancias. \u201cEstamos, constantemente, investindo na melhoria do atendimento na UPED [&hellip;]<\/p>\n","protected":false},"author":1,"featured_media":64236,"comment_status":"closed","ping_status":"open","sticky":false,"template":"","format":"standard","meta":{"_uag_custom_page_level_css":"","_monsterinsights_skip_tracking":false,"_monsterinsights_sitenote_active":false,"_monsterinsights_sitenote_note":"","_monsterinsights_sitenote_category":0,"jetpack_post_was_ever_published":false,"_jetpack_newsletter_access":"","_jetpack_dont_email_post_to_subs":false,"_jetpack_newsletter_tier_id":0,"_jetpack_memberships_contains_paywalled_content":false,"_jetpack_memberships_contains_paid_content":false,"footnotes":"","jetpack_publicize_message":"","jetpack_publicize_feature_enabled":true,"jetpack_social_post_already_shared":true,"jetpack_social_options":{"image_generator_settings":{"template":"highway","default_image_id":0,"font":"","enabled":false},"version":2}},"categories":[203],"tags":[],"class_list":["post-64235","post","type-post","status-publish","format-standard","has-post-thumbnail","hentry","category-juazeiro"],"jetpack_publicize_connections":[],"jetpack_featured_media_url":"https:\/\/blogopara.com.br\/wp-content\/uploads\/2024\/04\/thumbnail_Uped1.jpg","uagb_featured_image_src":{"full":["https:\/\/blogopara.com.br\/wp-content\/uploads\/2024\/04\/thumbnail_Uped1.jpg",500,469,false],"thumbnail":["https:\/\/blogopara.com.br\/wp-content\/uploads\/2024\/04\/thumbnail_Uped1-150x150.jpg",150,150,true],"medium":["https:\/\/blogopara.com.br\/wp-content\/uploads\/2024\/04\/thumbnail_Uped1-300x281.jpg",300,281,true],"medium_large":["https:\/\/blogopara.com.br\/wp-content\/uploads\/2024\/04\/thumbnail_Uped1.jpg",500,469,false],"large":["https:\/\/blogopara.com.br\/wp-content\/uploads\/2024\/04\/thumbnail_Uped1.jpg",500,469,false],"1536x1536":["https:\/\/blogopara.com.br\/wp-content\/uploads\/2024\/04\/thumbnail_Uped1.jpg",500,469,false],"2048x2048":["https:\/\/blogopara.com.br\/wp-content\/uploads\/2024\/04\/thumbnail_Uped1.jpg",500,469,false],"mantranews-slider-large":["https:\/\/blogopara.com.br\/wp-content\/uploads\/2024\/04\/thumbnail_Uped1.jpg",500,469,false],"mantranews-featured-medium":["https:\/\/blogopara.com.br\/wp-content\/uploads\/2024\/04\/thumbnail_Uped1-420x307.jpg",420,307,true],"mantranews-featured-long":["https:\/\/blogopara.com.br\/wp-content\/uploads\/2024\/04\/thumbnail_Uped1-300x443.jpg",300,443,true],"mantranews-block-medium":["https:\/\/blogopara.com.br\/wp-content\/uploads\/2024\/04\/thumbnail_Uped1-464x290.jpg",464,290,true],"mantranews-carousel-image":["https:\/\/blogopara.com.br\/wp-content\/uploads\/2024\/04\/thumbnail_Uped1.jpg",500,469,false],"mantranews-block-thumb":["https:\/\/blogopara.com.br\/wp-content\/uploads\/2024\/04\/thumbnail_Uped1-322x230.jpg",322,230,true],"mantranews-single-large":["https:\/\/blogopara.com.br\/wp-content\/uploads\/2024\/04\/thumbnail_Uped1.jpg",500,469,false]},"uagb_author_info":{"display_name":"Reda\u00e7\u00e3o geral","author_link":"https:\/\/blogopara.com.br\/index.php\/author\/blogopara"},"uagb_comment_info":0,"uagb_excerpt":"A Prefeitura de Juazeiro, por meio da Secretaria de Sa\u00fade (Sesau), refor\u00e7ou a equipe m\u00e9dica para os atendimentos na Unidade Pedi\u00e1trica (Uped) devido a este per\u00edodo do ano, quando h\u00e1 um aumento de infec\u00e7\u00f5es respirat\u00f3rias agudas, situa\u00e7\u00e3o em que cresce a demanda de atendimento nas urg\u00eancias. \u201cEstamos, constantemente, investindo na melhoria do atendimento na UPED&hellip;","jetpack_sharing_enabled":true,"jetpack_likes_enabled":true,"_links":{"self":[{"href":"https:\/\/blogopara.com.br\/index.php\/wp-json\/wp\/v2\/posts\/64235","targetHints":{"allow":["GET"]}}],"collection":[{"href":"https:\/\/blogopara.com.br\/index.php\/wp-json\/wp\/v2\/posts"}],"about":[{"href":"https:\/\/blogopara.com.br\/index.php\/wp-json\/wp\/v2\/types\/post"}],"author":[{"embeddable":true,"href":"https:\/\/blogopara.com.br\/index.php\/wp-json\/wp\/v2\/users\/1"}],"replies":[{"embeddable":true,"href":"https:\/\/blogopara.com.br\/index.php\/wp-json\/wp\/v2\/comments?post=64235"}],"version-history":[{"count":1,"href":"https:\/\/blogopara.com.br\/index.php\/wp-json\/wp\/v2\/posts\/64235\/revisions"}],"predecessor-version":[{"id":64237,"href":"https:\/\/blogopara.com.br\/index.php\/wp-json\/wp\/v2\/posts\/64235\/revisions\/64237"}],"wp:featuredmedia":[{"embeddable":true,"href":"https:\/\/blogopara.com.br\/index.php\/wp-json\/wp\/v2\/media\/64236"}],"wp:attachment":[{"href":"https:\/\/blogopara.com.br\/index.php\/wp-json\/wp\/v2\/media?parent=64235"}],"wp:term":[{"taxonomy":"category","embeddable":true,"href":"https:\/\/blogopara.com.br\/index.php\/wp-json\/wp\/v2\/categories?post=64235"},{"taxonomy":"post_tag","embeddable":true,"href":"https:\/\/blogopara.com.br\/index.php\/wp-json\/wp\/v2\/tags?post=64235"}],"curies":[{"name":"wp","href":"https:\/\/api.w.org\/{rel}","templated":true}]}}