{"id":64332,"date":"2024-04-22T14:00:00","date_gmt":"2024-04-22T17:00:00","guid":{"rendered":"https:\/\/blogopara.com.br\/?p=64332"},"modified":"2024-04-21T22:41:52","modified_gmt":"2024-04-22T01:41:52","slug":"tse-elege-sucessor-de-moraes-na-presidencia-em-meio-a-criticas-de-elon-musk","status":"publish","type":"post","link":"https:\/\/blogopara.com.br\/index.php\/2024\/04\/22\/tse-elege-sucessor-de-moraes-na-presidencia-em-meio-a-criticas-de-elon-musk","title":{"rendered":"TSE elege sucessor de Moraes na presid\u00eancia em meio a cr\u00edticas de Elon Musk"},"content":{"rendered":"<p style=\"text-align: justify;\">O Tribunal Superior Eleitoral (TSE), hoje presidido pelo ministro Alexandre de Moraes, vai realizar a elei\u00e7\u00e3o para escolher o novo chefe da Corte no dia 7 de maio. A atual vice-presidente, ministra C\u00e1rmen L\u00facia, deve assumir o cargo. O novo presidente do tribunal ser\u00e1 o respons\u00e1vel pela condu\u00e7\u00e3o das elei\u00e7\u00f5es de outubro.<\/p>\n<p style=\"text-align: justify;\">Para a defini\u00e7\u00e3o, o voto secreto dos magistrados \u00e9 depositado em urna eletr\u00f4nica e o escolhido preside o TSE por dois anos. Em 16 de agosto de 2022, Moraes tomou posse com a responsabilidade de atuar durante as elei\u00e7\u00f5es daquele ano, defendendo o sistema eleitoral e combatendo a desinforma\u00e7\u00e3o.<\/p>\n<p style=\"text-align: justify;\">No in\u00edcio de abril, em reuni\u00e3o com os presidentes dos Tribunais Regionais Eleitorais (TREs) do Pa\u00eds, a vice-presidente do tribunal, que relatou as novas regras que v\u00e3o conduzir as elei\u00e7\u00f5es municipais, disse que \u201co Brasil inteiro estar\u00e1 olhando para a Justi\u00e7a Eleitoral\u201d neste ano. As resolu\u00e7\u00f5es aprovadas em fevereiro dizem respeito, entre outros temas, ao uso da intelig\u00eancia artificial (IA), deep fake e lives.<\/p>\n<p style=\"text-align: justify;\">A ministra defendeu tamb\u00e9m que o \u201cimenso processo democr\u00e1tico\u201d que o pleito representa requer \u201cintenso trabalho\u201d de todas as inst\u00e2ncias da Justi\u00e7a Eleitoral. O TSE inaugurou, em mar\u00e7o, o Centro Integrado de Enfrentamento \u00e0 Desinforma\u00e7\u00e3o e Defesa da Democracia, mais uma medida para combater a veicula\u00e7\u00e3o de not\u00edcias falsas e discursos de \u00f3dio, preconceituosos e antidemocr\u00e1ticos que podem afetar as elei\u00e7\u00f5es.<\/p>\n<p style=\"text-align: justify;\">O atual presidente deixar\u00e1 o cargo em meio a cr\u00edticas do empres\u00e1rio Elon Musk, que alega suposta \u201ccensura\u201d com base no \u201cTwitter Files Brasil\u201d, arquivos internos do X (antigo Twitter). O documento argumenta que Moraes e a pr\u00f3pria Corte exigiram detalhes pessoais sobre usu\u00e1rios \u201cda oposi\u00e7\u00e3o\u201d, violaram a pol\u00edtica da plataforma, \u201ccensuraram\u201d unilateralmente parlamentares e tentaram transformar as pol\u00edticas de modera\u00e7\u00e3o de conte\u00fado da rede social em uma arma contra apoiadores do ex-presidente Jair Bolsonaro (PL).<\/p>\n<p style=\"text-align: justify;\"><em>Fonte: Estad\u00e3o<\/em><\/p>\n","protected":false},"excerpt":{"rendered":"<p>O Tribunal Superior Eleitoral (TSE), hoje presidido pelo ministro Alexandre de Moraes, vai realizar a elei\u00e7\u00e3o para escolher o novo chefe da Corte no dia 7 de maio. A atual vice-presidente, ministra C\u00e1rmen L\u00facia, deve assumir o cargo. O novo presidente do tribunal ser\u00e1 o respons\u00e1vel pela condu\u00e7\u00e3o das elei\u00e7\u00f5es de outubro. Para a defini\u00e7\u00e3o, [&hellip;]<\/p>\n","protected":false},"author":1,"featured_media":64333,"comment_status":"closed","ping_status":"open","sticky":false,"template":"","format":"standard","meta":{"_uag_custom_page_level_css":"","_monsterinsights_skip_tracking":false,"_monsterinsights_sitenote_active":false,"_monsterinsights_sitenote_note":"","_monsterinsights_sitenote_category":0,"jetpack_post_was_ever_published":false,"_jetpack_newsletter_access":"","_jetpack_dont_email_post_to_subs":false,"_jetpack_newsletter_tier_id":0,"_jetpack_memberships_contains_paywalled_content":false,"_jetpack_memberships_contains_paid_content":false,"footnotes":"","jetpack_publicize_message":"","jetpack_publicize_feature_enabled":true,"jetpack_social_post_already_shared":true,"jetpack_social_options":{"image_generator_settings":{"template":"highway","default_image_id":0,"font":"","enabled":false},"version":2}},"categories":[200,210],"tags":[10261,10802,4425],"class_list":["post-64332","post","type-post","status-publish","format-standard","has-post-thumbnail","hentry","category-brasil","category-justica","tag-alexandre-de-moraes","tag-elon-musk","tag-tse"],"jetpack_publicize_connections":[],"jetpack_featured_media_url":"https:\/\/blogopara.com.br\/wp-content\/uploads\/2024\/04\/TSE-elege-sucessor-de-Moraes-na-presidencia-em-meio-a-criticas-de-Elon-Musk.jpg","uagb_featured_image_src":{"full":["https:\/\/blogopara.com.br\/wp-content\/uploads\/2024\/04\/TSE-elege-sucessor-de-Moraes-na-presidencia-em-meio-a-criticas-de-Elon-Musk.jpg",500,245,false],"thumbnail":["https:\/\/blogopara.com.br\/wp-content\/uploads\/2024\/04\/TSE-elege-sucessor-de-Moraes-na-presidencia-em-meio-a-criticas-de-Elon-Musk-150x150.jpg",150,150,true],"medium":["https:\/\/blogopara.com.br\/wp-content\/uploads\/2024\/04\/TSE-elege-sucessor-de-Moraes-na-presidencia-em-meio-a-criticas-de-Elon-Musk-300x147.jpg",300,147,true],"medium_large":["https:\/\/blogopara.com.br\/wp-content\/uploads\/2024\/04\/TSE-elege-sucessor-de-Moraes-na-presidencia-em-meio-a-criticas-de-Elon-Musk.jpg",500,245,false],"large":["https:\/\/blogopara.com.br\/wp-content\/uploads\/2024\/04\/TSE-elege-sucessor-de-Moraes-na-presidencia-em-meio-a-criticas-de-Elon-Musk.jpg",500,245,false],"1536x1536":["https:\/\/blogopara.com.br\/wp-content\/uploads\/2024\/04\/TSE-elege-sucessor-de-Moraes-na-presidencia-em-meio-a-criticas-de-Elon-Musk.jpg",500,245,false],"2048x2048":["https:\/\/blogopara.com.br\/wp-content\/uploads\/2024\/04\/TSE-elege-sucessor-de-Moraes-na-presidencia-em-meio-a-criticas-de-Elon-Musk.jpg",500,245,false],"mantranews-slider-large":["https:\/\/blogopara.com.br\/wp-content\/uploads\/2024\/04\/TSE-elege-sucessor-de-Moraes-na-presidencia-em-meio-a-criticas-de-Elon-Musk.jpg",500,245,false],"mantranews-featured-medium":["https:\/\/blogopara.com.br\/wp-content\/uploads\/2024\/04\/TSE-elege-sucessor-de-Moraes-na-presidencia-em-meio-a-criticas-de-Elon-Musk-420x245.jpg",420,245,true],"mantranews-featured-long":["https:\/\/blogopara.com.br\/wp-content\/uploads\/2024\/04\/TSE-elege-sucessor-de-Moraes-na-presidencia-em-meio-a-criticas-de-Elon-Musk-300x245.jpg",300,245,true],"mantranews-block-medium":["https:\/\/blogopara.com.br\/wp-content\/uploads\/2024\/04\/TSE-elege-sucessor-de-Moraes-na-presidencia-em-meio-a-criticas-de-Elon-Musk-464x245.jpg",464,245,true],"mantranews-carousel-image":["https:\/\/blogopara.com.br\/wp-content\/uploads\/2024\/04\/TSE-elege-sucessor-de-Moraes-na-presidencia-em-meio-a-criticas-de-Elon-Musk.jpg",500,245,false],"mantranews-block-thumb":["https:\/\/blogopara.com.br\/wp-content\/uploads\/2024\/04\/TSE-elege-sucessor-de-Moraes-na-presidencia-em-meio-a-criticas-de-Elon-Musk-322x230.jpg",322,230,true],"mantranews-single-large":["https:\/\/blogopara.com.br\/wp-content\/uploads\/2024\/04\/TSE-elege-sucessor-de-Moraes-na-presidencia-em-meio-a-criticas-de-Elon-Musk.jpg",500,245,false]},"uagb_author_info":{"display_name":"Reda\u00e7\u00e3o geral","author_link":"https:\/\/blogopara.com.br\/index.php\/author\/blogopara"},"uagb_comment_info":0,"uagb_excerpt":"O Tribunal Superior Eleitoral (TSE), hoje presidido pelo ministro Alexandre de Moraes, vai realizar a elei\u00e7\u00e3o para escolher o novo chefe da Corte no dia 7 de maio. A atual vice-presidente, ministra C\u00e1rmen L\u00facia, deve assumir o cargo. O novo presidente do tribunal ser\u00e1 o respons\u00e1vel pela condu\u00e7\u00e3o das elei\u00e7\u00f5es de outubro. Para a defini\u00e7\u00e3o,&hellip;","jetpack_sharing_enabled":true,"jetpack_likes_enabled":true,"_links":{"self":[{"href":"https:\/\/blogopara.com.br\/index.php\/wp-json\/wp\/v2\/posts\/64332","targetHints":{"allow":["GET"]}}],"collection":[{"href":"https:\/\/blogopara.com.br\/index.php\/wp-json\/wp\/v2\/posts"}],"about":[{"href":"https:\/\/blogopara.com.br\/index.php\/wp-json\/wp\/v2\/types\/post"}],"author":[{"embeddable":true,"href":"https:\/\/blogopara.com.br\/index.php\/wp-json\/wp\/v2\/users\/1"}],"replies":[{"embeddable":true,"href":"https:\/\/blogopara.com.br\/index.php\/wp-json\/wp\/v2\/comments?post=64332"}],"version-history":[{"count":1,"href":"https:\/\/blogopara.com.br\/index.php\/wp-json\/wp\/v2\/posts\/64332\/revisions"}],"predecessor-version":[{"id":64334,"href":"https:\/\/blogopara.com.br\/index.php\/wp-json\/wp\/v2\/posts\/64332\/revisions\/64334"}],"wp:featuredmedia":[{"embeddable":true,"href":"https:\/\/blogopara.com.br\/index.php\/wp-json\/wp\/v2\/media\/64333"}],"wp:attachment":[{"href":"https:\/\/blogopara.com.br\/index.php\/wp-json\/wp\/v2\/media?parent=64332"}],"wp:term":[{"taxonomy":"category","embeddable":true,"href":"https:\/\/blogopara.com.br\/index.php\/wp-json\/wp\/v2\/categories?post=64332"},{"taxonomy":"post_tag","embeddable":true,"href":"https:\/\/blogopara.com.br\/index.php\/wp-json\/wp\/v2\/tags?post=64332"}],"curies":[{"name":"wp","href":"https:\/\/api.w.org\/{rel}","templated":true}]}}