{"id":64480,"date":"2024-04-28T12:21:00","date_gmt":"2024-04-28T15:21:00","guid":{"rendered":"https:\/\/blogopara.com.br\/?p=64480"},"modified":"2024-04-27T20:24:04","modified_gmt":"2024-04-27T23:24:04","slug":"casos-de-cancer-devem-aumentar-77-ate-2050-diz-oms","status":"publish","type":"post","link":"https:\/\/blogopara.com.br\/index.php\/2024\/04\/28\/casos-de-cancer-devem-aumentar-77-ate-2050-diz-oms","title":{"rendered":"Casos de c\u00e2ncer devem aumentar 77% at\u00e9 2050, diz OMS"},"content":{"rendered":"<p style=\"text-align: justify;\">Os diagn\u00f3sticos de c\u00e2ncer devem continuar crescendo ao redor do mundo nos pr\u00f3ximos anos. Pelo menos \u00e9 o que aponta a proje\u00e7\u00e3o divulgada pela Organiza\u00e7\u00e3o Mundial da Sa\u00fade (OMS). A estimativa \u00e9 que em 2050 existam mais de 35 milh\u00f5es de casos da doen\u00e7a.<\/p>\n<p style=\"text-align: justify;\">O n\u00famero representa um aumento de 77% se comparado aos registros de c\u00e2ncer em 2022 \u2013 quando houve cerca de 20 milh\u00f5es de diagn\u00f3sticos.<\/p>\n<p style=\"text-align: justify;\">A proje\u00e7\u00e3o da OMS para novos casos de tumores utiliza o \u00cdndice de Desenvolvimento Humano (IDH) como um dos indicadores que ajudam a mapear locais onde esse aumento ser\u00e1 maior. Isso significa que os pa\u00edses com baixo desenvolvimento, ou seja, que possuem o IDH baixo, podem enfrentar uma alta de at\u00e9 142% no n\u00famero de diagn\u00f3sticos, enquanto nos pa\u00edses de IDH m\u00e9dio esse acr\u00e9scimo dever\u00e1 ficar pr\u00f3ximo dos 99%.<\/p>\n<p style=\"text-align: justify;\">Mas esse n\u00e3o \u00e9 o \u00fanico indicador em que a OMS se baseia. Os fatores comportamentais, como os h\u00e1bitos de fumar e beber, s\u00e3o pontos que ajudam a entender quem tem mais probabilidade de desenvolver um c\u00e2ncer no futuro. H\u00e1bitos alimentares ruins e obesidade tamb\u00e9m contribuem para a estat\u00edstica<\/p>\n<p style=\"text-align: justify;\">De acordo com o m\u00e9dico Guilherme Muzzi, hematologista e coordenador do servi\u00e7o de transplante de medula \u00f3ssea do Hospital Fel\u00edcio Rocho, para evitar fazer parte dessa estat\u00edstica a palavra de ordem \u00e9 a preven\u00e7\u00e3o.<\/p>\n<p style=\"text-align: justify;\">\u201cAlguns h\u00e1bitos que adquirimos durante a vida podem parecer inofensivos, mas certamente ser\u00e3o grandes causadores de enfermidades no futuro. Hoje vivemos uma \u201cepidemia\u201d de doen\u00e7as provocadas pelo estilo de vida da popula\u00e7\u00e3o, e n\u00e3o por raz\u00f5es biol\u00f3gicas, como acontecia no passado\u201d, argumenta.<\/p>\n<p style=\"text-align: justify;\">Guilherme Muzzi explica que, para lidar com esse poss\u00edvel boom de novos casos de c\u00e2ncer previstos para 2050, ser\u00e1 preciso que os diagn\u00f3sticos aconte\u00e7am de forma r\u00e1pida.<\/p>\n<p style=\"text-align: justify;\">\u201cAssim como acontece nos dias de hoje, o paciente que descobre uma doen\u00e7a como o c\u00e2ncer nos est\u00e1gios iniciais vai ter um tratamento bem mais otimista Pensando no nosso objetivo, que \u00e9 de salvar vidas, o ideal \u00e9 que estejamos preparados para diagnosticar e cuidar dessa parcela da popula\u00e7\u00e3o o mais r\u00e1pido poss\u00edvel, e isso deve acontecer nas redes p\u00fablica e privada\u201d, salienta o hematologista.<\/p>\n<p style=\"text-align: justify;\">O m\u00e9dico destaca que a tecnologia \u00e9 uma grande aliada para lidar com o c\u00e2ncer.<\/p>\n<p style=\"text-align: justify;\">\u201cEsperamos que at\u00e9 o meio do s\u00e9culo a tecnologia consiga nos auxiliar ainda mais durante o tratamento dos pacientes, seja com novos tratamentos para a cura do c\u00e2ncer ou com rem\u00e9dios e outras terapias que tenham grande potencial de salvamento. Nosso objetivo \u00e9 tratar e curar o maior n\u00famero poss\u00edvel de pacientes poss\u00edvel, mas este desafio tende a se intensificar j\u00e1 nos pr\u00f3ximos anos\u201d, finaliza.<\/p>\n","protected":false},"excerpt":{"rendered":"<p>Os diagn\u00f3sticos de c\u00e2ncer devem continuar crescendo ao redor do mundo nos pr\u00f3ximos anos. Pelo menos \u00e9 o que aponta a proje\u00e7\u00e3o divulgada pela Organiza\u00e7\u00e3o Mundial da Sa\u00fade (OMS). A estimativa \u00e9 que em 2050 existam mais de 35 milh\u00f5es de casos da doen\u00e7a. O n\u00famero representa um aumento de 77% se comparado aos registros [&hellip;]<\/p>\n","protected":false},"author":1,"featured_media":58994,"comment_status":"closed","ping_status":"open","sticky":false,"template":"","format":"standard","meta":{"_uag_custom_page_level_css":"","_monsterinsights_skip_tracking":false,"_monsterinsights_sitenote_active":false,"_monsterinsights_sitenote_note":"","_monsterinsights_sitenote_category":0,"jetpack_post_was_ever_published":false,"_jetpack_newsletter_access":"","_jetpack_dont_email_post_to_subs":false,"_jetpack_newsletter_tier_id":0,"_jetpack_memberships_contains_paywalled_content":false,"_jetpack_memberships_contains_paid_content":false,"footnotes":"","jetpack_publicize_message":"","jetpack_publicize_feature_enabled":true,"jetpack_social_post_already_shared":true,"jetpack_social_options":{"image_generator_settings":{"template":"highway","default_image_id":0,"font":"","enabled":false},"version":2}},"categories":[273],"tags":[],"class_list":["post-64480","post","type-post","status-publish","format-standard","has-post-thumbnail","hentry","category-mundo"],"jetpack_publicize_connections":[],"jetpack_featured_media_url":"https:\/\/blogopara.com.br\/wp-content\/uploads\/2023\/11\/cancer-de-mama.jpg","uagb_featured_image_src":{"full":["https:\/\/blogopara.com.br\/wp-content\/uploads\/2023\/11\/cancer-de-mama.jpg",500,255,false],"thumbnail":["https:\/\/blogopara.com.br\/wp-content\/uploads\/2023\/11\/cancer-de-mama-150x150.jpg",150,150,true],"medium":["https:\/\/blogopara.com.br\/wp-content\/uploads\/2023\/11\/cancer-de-mama-300x153.jpg",300,153,true],"medium_large":["https:\/\/blogopara.com.br\/wp-content\/uploads\/2023\/11\/cancer-de-mama.jpg",500,255,false],"large":["https:\/\/blogopara.com.br\/wp-content\/uploads\/2023\/11\/cancer-de-mama.jpg",500,255,false],"1536x1536":["https:\/\/blogopara.com.br\/wp-content\/uploads\/2023\/11\/cancer-de-mama.jpg",500,255,false],"2048x2048":["https:\/\/blogopara.com.br\/wp-content\/uploads\/2023\/11\/cancer-de-mama.jpg",500,255,false],"mantranews-slider-large":["https:\/\/blogopara.com.br\/wp-content\/uploads\/2023\/11\/cancer-de-mama.jpg",500,255,false],"mantranews-featured-medium":["https:\/\/blogopara.com.br\/wp-content\/uploads\/2023\/11\/cancer-de-mama-420x255.jpg",420,255,true],"mantranews-featured-long":["https:\/\/blogopara.com.br\/wp-content\/uploads\/2023\/11\/cancer-de-mama-300x255.jpg",300,255,true],"mantranews-block-medium":["https:\/\/blogopara.com.br\/wp-content\/uploads\/2023\/11\/cancer-de-mama-464x255.jpg",464,255,true],"mantranews-carousel-image":["https:\/\/blogopara.com.br\/wp-content\/uploads\/2023\/11\/cancer-de-mama.jpg",500,255,false],"mantranews-block-thumb":["https:\/\/blogopara.com.br\/wp-content\/uploads\/2023\/11\/cancer-de-mama-322x230.jpg",322,230,true],"mantranews-single-large":["https:\/\/blogopara.com.br\/wp-content\/uploads\/2023\/11\/cancer-de-mama.jpg",500,255,false]},"uagb_author_info":{"display_name":"Reda\u00e7\u00e3o geral","author_link":"https:\/\/blogopara.com.br\/index.php\/author\/blogopara"},"uagb_comment_info":0,"uagb_excerpt":"Os diagn\u00f3sticos de c\u00e2ncer devem continuar crescendo ao redor do mundo nos pr\u00f3ximos anos. Pelo menos \u00e9 o que aponta a proje\u00e7\u00e3o divulgada pela Organiza\u00e7\u00e3o Mundial da Sa\u00fade (OMS). A estimativa \u00e9 que em 2050 existam mais de 35 milh\u00f5es de casos da doen\u00e7a. O n\u00famero representa um aumento de 77% se comparado aos registros&hellip;","jetpack_sharing_enabled":true,"jetpack_likes_enabled":true,"_links":{"self":[{"href":"https:\/\/blogopara.com.br\/index.php\/wp-json\/wp\/v2\/posts\/64480","targetHints":{"allow":["GET"]}}],"collection":[{"href":"https:\/\/blogopara.com.br\/index.php\/wp-json\/wp\/v2\/posts"}],"about":[{"href":"https:\/\/blogopara.com.br\/index.php\/wp-json\/wp\/v2\/types\/post"}],"author":[{"embeddable":true,"href":"https:\/\/blogopara.com.br\/index.php\/wp-json\/wp\/v2\/users\/1"}],"replies":[{"embeddable":true,"href":"https:\/\/blogopara.com.br\/index.php\/wp-json\/wp\/v2\/comments?post=64480"}],"version-history":[{"count":1,"href":"https:\/\/blogopara.com.br\/index.php\/wp-json\/wp\/v2\/posts\/64480\/revisions"}],"predecessor-version":[{"id":64481,"href":"https:\/\/blogopara.com.br\/index.php\/wp-json\/wp\/v2\/posts\/64480\/revisions\/64481"}],"wp:featuredmedia":[{"embeddable":true,"href":"https:\/\/blogopara.com.br\/index.php\/wp-json\/wp\/v2\/media\/58994"}],"wp:attachment":[{"href":"https:\/\/blogopara.com.br\/index.php\/wp-json\/wp\/v2\/media?parent=64480"}],"wp:term":[{"taxonomy":"category","embeddable":true,"href":"https:\/\/blogopara.com.br\/index.php\/wp-json\/wp\/v2\/categories?post=64480"},{"taxonomy":"post_tag","embeddable":true,"href":"https:\/\/blogopara.com.br\/index.php\/wp-json\/wp\/v2\/tags?post=64480"}],"curies":[{"name":"wp","href":"https:\/\/api.w.org\/{rel}","templated":true}]}}