{"id":64501,"date":"2024-04-28T12:17:00","date_gmt":"2024-04-28T15:17:00","guid":{"rendered":"https:\/\/blogopara.com.br\/?p=64501"},"modified":"2024-04-27T21:23:11","modified_gmt":"2024-04-28T00:23:11","slug":"o-que-pode-estar-por-tras-do-aumento-de-mortes-por-ataques-de-caes-no-brasil","status":"publish","type":"post","link":"https:\/\/blogopara.com.br\/index.php\/2024\/04\/28\/o-que-pode-estar-por-tras-do-aumento-de-mortes-por-ataques-de-caes-no-brasil","title":{"rendered":"O que pode estar por tr\u00e1s do aumento de mortes por ataques de c\u00e3es no Brasil"},"content":{"rendered":"<div class=\"bbc-19j92fr ebmt73l0\" dir=\"ltr\">\n<p class=\"bbc-hhl7in e17g058b0\" dir=\"ltr\" style=\"text-align: justify;\">A cabeleireira Maria Teresa dos Santos, 51 anos, viu sua vida mudar ap\u00f3s ser atacada pelo\u00a0cachorro da fam\u00edlia\u00a0em julho do ano passado.<\/p>\n<\/div>\n<div class=\"bbc-19j92fr ebmt73l0\" dir=\"ltr\" style=\"text-align: justify;\">\n<p class=\"bbc-hhl7in e17g058b0\" dir=\"ltr\">A moradora de Taubat\u00e9 (SP) estava sozinha em casa quando, ao se abaixar para brincar com o\u00a0animal, foi atacada por ele.<\/p>\n<\/div>\n<div class=\"bbc-19j92fr ebmt73l0\" dir=\"ltr\" style=\"text-align: justify;\">\n<p class=\"bbc-hhl7in e17g058b0\" dir=\"ltr\">&#8220;Ele veio, colocou a cabe\u00e7a no meu ombro e fiz carinho. Quando me virei, ele me mordeu no pesco\u00e7o. N\u00e3o sei o porqu\u00ea de ele ter feito isso, ele n\u00e3o latiu e nem rosnou&#8221;, conta.<\/p>\n<\/div>\n<div class=\"bbc-19j92fr ebmt73l0\" dir=\"ltr\" style=\"text-align: justify;\">\n<p class=\"bbc-hhl7in e17g058b0\" dir=\"ltr\">Segundo Maria Teresa, nesse momento ela caiu no ch\u00e3o e passou a ser mordida diversas vezes pelo animal, que criava havia quatro anos. Ela relata que tentou se levantar vagarosamente para n\u00e3o assustar o\u00a0cachorro, mas n\u00e3o conseguiu.<\/p>\n<\/div>\n<div class=\"bbc-19j92fr ebmt73l0\" dir=\"ltr\" style=\"text-align: justify;\">\n<p class=\"bbc-hhl7in e17g058b0\" dir=\"ltr\">A cabeleireira ent\u00e3o passou a gritar e a pedir ajuda aos vizinhos, que foram at\u00e9 o port\u00e3o do im\u00f3vel para tentar atrair a aten\u00e7\u00e3o do animal e, assim, cessar o ataque.<\/p>\n<\/div>\n<div class=\"bbc-19j92fr ebmt73l0\" dir=\"ltr\" style=\"text-align: justify;\">\n<p class=\"bbc-hhl7in e17g058b0\" dir=\"ltr\">&#8220;Eu fiquei uns 40 minutos no ch\u00e3o. Ele mordia e parava. Achei que n\u00e3o iria sobreviver e comecei a rezar&#8221;, recorda.<\/p>\n<\/div>\n<div class=\"bbc-19j92fr ebmt73l0\" dir=\"ltr\" style=\"text-align: justify;\">\n<p class=\"bbc-hhl7in e17g058b0\" dir=\"ltr\">&#8220;O Samu chegou para me socorrer, mas n\u00e3o podia entrar por causa do cachorro. Foi quando meu namorado chegou, abriu a porta da casa e mandou o cachorro entrar, e ele obedeceu&#8221;, diz.<\/p>\n<\/div>\n<div class=\"bbc-19j92fr ebmt73l0\" dir=\"ltr\" style=\"text-align: justify;\">\n<p class=\"bbc-hhl7in e17g058b0\" dir=\"ltr\">A cabeleireira foi socorrida em estado grave com mordidas no rosto, cabe\u00e7a e bra\u00e7os.<\/p>\n<\/div>\n<div class=\"bbc-19j92fr ebmt73l0\" dir=\"ltr\" style=\"text-align: justify;\">\n<p class=\"bbc-hhl7in e17g058b0\" dir=\"ltr\">No hospital, precisou passar por cirurgias \u2014 uma delas para amputar o bra\u00e7o direito. Ela ficou 28 dias hospitalizada, sendo 14 deles em coma na UTI (Unidade de Terapia Intensiva).<\/p>\n<\/div>\n<div class=\"bbc-19j92fr ebmt73l0\" dir=\"ltr\" style=\"text-align: justify;\">\n<p class=\"bbc-hhl7in e17g058b0\" dir=\"ltr\">&#8220;Os m\u00e9dicos n\u00e3o me deram muitas chances de vida, mas eu estou aqui e sou um milagre de Deus. Perdi um bra\u00e7o e quando sa\u00ed do hospital, n\u00e3o tinha movimentos no outro. Apesar de sentir muitas dores, minha recupera\u00e7\u00e3o considero que foi r\u00e1pida. Fiz seis meses de fisioterapia e agora fa\u00e7o terapia ocupacional para tentar retomar os movimentos da m\u00e3o&#8221;, conta.<\/p>\n<\/div>\n<div class=\"bbc-19j92fr ebmt73l0\" dir=\"ltr\" style=\"text-align: justify;\">\n<p class=\"bbc-hhl7in e17g058b0\" dir=\"ltr\">Quanto ao animal, a cabeleireira diz que foi recolhido pelo centro de zoonoses. Depois disso, n\u00e3o teve mais informa\u00e7\u00f5es sobre ele.<\/p>\n<\/div>\n<div class=\"bbc-19j92fr ebmt73l0\" dir=\"ltr\" style=\"text-align: justify;\">\n<p class=\"bbc-hhl7in e17g058b0\" dir=\"ltr\">O cachorro, segundo Maria Teresa, n\u00e3o tinha ra\u00e7a definida, mas era de porte grande, pesando em torno de 50 kg. Ele chegou \u00e0 fam\u00edlia quando filhote e tinha quatro anos na \u00e9poca do ataque.<\/p>\n<\/div>\n<div class=\"bbc-19j92fr ebmt73l0\" dir=\"ltr\" style=\"text-align: justify;\">\n<p class=\"bbc-hhl7in e17g058b0\" dir=\"ltr\">&#8220;Ele era muito d\u00f3cil e n\u00e3o estranhava as pessoas. Ele sempre interagia com as clientes do sal\u00e3o a ponto de encostar nelas e pedir carinho&#8221;, lembra.<\/p>\n<\/div>\n<div class=\"bbc-19j92fr ebmt73l0\" dir=\"ltr\" style=\"text-align: justify;\">\n<h2 id=\"Brasil-tem-aumento-de-mortes-por-ataques-de-c\u00e3es\" class=\"bbc-1f03ibc eglt09e0\" tabindex=\"-1\">Brasil tem aumento de mortes por ataques de c\u00e3es<\/h2>\n<\/div>\n<div class=\"bbc-19j92fr ebmt73l0\" dir=\"ltr\" style=\"text-align: justify;\">\n<p class=\"bbc-hhl7in e17g058b0\" dir=\"ltr\">No ano passado, 51 pessoas morreram no pa\u00eds ap\u00f3s serem atacadas por c\u00e3es. O n\u00famero \u00e9 o maior j\u00e1 registrado desde 1996, quando o Minist\u00e9rio da Sa\u00fade come\u00e7ou a fazer essa contabiliza\u00e7\u00e3o.<\/p>\n<\/div>\n<div class=\"bbc-19j92fr ebmt73l0\" dir=\"ltr\" style=\"text-align: justify;\">\n<p class=\"bbc-hhl7in e17g058b0\" dir=\"ltr\">Dados do Sistema de Informa\u00e7\u00e3o sobre Mortalidade (SIM) apontam ainda que esse n\u00famero \u00e9 27% maior do que o registrado em 2022, quando foram registradas 40 mortes por essa causa.<\/p>\n<\/div>\n<div class=\"bbc-19j92fr ebmt73l0\" dir=\"ltr\" style=\"text-align: justify;\">\n<p class=\"bbc-hhl7in e17g058b0\" dir=\"ltr\">O Estado de S\u00e3o Paulo lidera o ranking de \u00f3bitos por ataques de c\u00e3es. Nos \u00faltimos cinco anos, foram 44 casos. Somente em 2023, foram 19 mortes, aumento de 137,5% em rela\u00e7\u00e3o ao ano anterior.<\/p>\n<\/div>\n<div class=\"bbc-19j92fr ebmt73l0\" dir=\"ltr\" style=\"text-align: justify;\">\n<p class=\"bbc-hhl7in e17g058b0\" dir=\"ltr\">Na sequ\u00eancia, est\u00e1 o Rio Grande do Sul, com 20 mortes, sendo 7 em 2023 \u2014 um crescimento de 40% em rela\u00e7\u00e3o a 2022.<\/p>\n<\/div>\n<div class=\"bbc-19j92fr ebmt73l0\" dir=\"ltr\" style=\"text-align: justify;\">\n<p class=\"bbc-hhl7in e17g058b0\" dir=\"ltr\">O Sistema de Informa\u00e7\u00f5es sobre Mortalidade (SIM) foi criado pelo DataSUS para regular dados sobre mortalidade no pa\u00eds. Para esse levantamento, munic\u00edpios e Estados fornecem informa\u00e7\u00f5es sobre todos os \u00f3bitos registrados, sejam eles ocorridos em hospitais ou n\u00e3o.<\/p>\n<\/div>\n<div class=\"bbc-19j92fr ebmt73l0\" dir=\"ltr\" style=\"text-align: justify;\">\n<p class=\"bbc-hhl7in e17g058b0\" dir=\"ltr\">Por\u00e9m, n\u00e3o h\u00e1 um levantamento nacional de casos de ataques de c\u00e3es que n\u00e3o resultam em morte. Secretarias municipais de Sa\u00fade at\u00e9 registram os casos em que as v\u00edtimas buscam atendimento, no entanto, em casos menos graves essa busca por atendimento pode n\u00e3o acontecer.<\/p>\n<\/div>\n<div class=\"bbc-19j92fr ebmt73l0\" dir=\"ltr\" style=\"text-align: justify;\">\n<p class=\"bbc-hhl7in e17g058b0\" dir=\"ltr\">&#8220;Normalmente as pessoas buscam atendimento quando s\u00e3o mordidas por cachorros de rua ou que elas n\u00e3o conhecem para tomar a vacina antirr\u00e1bica. Mas, por exemplo, quando o cachorro da casa morde o dono, ele cuida em casa mesmo&#8221;, diz Richardson Zago, adestrador e especialista em comportamento canino h\u00e1 25 anos.<\/p>\n<\/div>\n<div class=\"bbc-19j92fr ebmt73l0\" dir=\"ltr\" style=\"text-align: justify;\">\n<p class=\"bbc-hhl7in e17g058b0\" dir=\"ltr\">Para Zago, uma das principais causas do aumento de mortes por ataques est\u00e1 na humaniza\u00e7\u00e3o dos animais.<\/p>\n<\/div>\n<div class=\"bbc-19j92fr ebmt73l0\" dir=\"ltr\" style=\"text-align: justify;\">\n<p class=\"bbc-hhl7in e17g058b0\" dir=\"ltr\">&#8220;Hoje os cachorros s\u00e3o tratados como filhos, e toda a carga emocional do dono \u00e9 passada para o bicho. Al\u00e9m disso, os cachorros n\u00e3o est\u00e3o mais tendo contato com outros animais da esp\u00e9cie, fazendo com que eles fiquem desequilibrados com os seus instintos&#8221;, analisa.<\/p>\n<\/div>\n<div class=\"bbc-19j92fr ebmt73l0\" dir=\"ltr\" style=\"text-align: justify;\">\n<p class=\"bbc-hhl7in e17g058b0\" dir=\"ltr\">Ainda segundo Zago, essa nova posi\u00e7\u00e3o que os c\u00e3es est\u00e3o ocupando faz com que os tutores estejam mais permissivos na cria\u00e7\u00e3o, deixando de lado a imposi\u00e7\u00e3o de regras.<\/p>\n<\/div>\n<div class=\"bbc-19j92fr ebmt73l0\" dir=\"ltr\" style=\"text-align: justify;\">\n<p class=\"bbc-hhl7in e17g058b0\" dir=\"ltr\">&#8220;Quando filhotes, os donos permitem que os cachorros subam no sof\u00e1, durmam na cama e fa\u00e7am o que eles quiserem. Por\u00e9m, quando esse animal cresce, naturalmente ele fica mais possessivo, territorialista. Diante de uma negativa, ele se estressa. O ac\u00famulo desse estresse faz com que um dia ele ataque&#8221;, acrescenta.<\/p>\n<\/div>\n<div class=\"bbc-19j92fr ebmt73l0\" dir=\"ltr\" style=\"text-align: justify;\">\n<p class=\"bbc-hhl7in e17g058b0\" dir=\"ltr\">Outro fator que influencia no comportamento dos c\u00e3es, segundo os especialistas ouvidos pela BBC News, \u00e9 que a maioria das pessoas n\u00e3o busca conhecer o comportamento do animal, como a linhagem e particularidades da ra\u00e7a, antes da chegada dele \u00e0 resid\u00eancia.<\/p>\n<\/div>\n<div class=\"bbc-19j92fr ebmt73l0\" dir=\"ltr\" style=\"text-align: justify;\">\n<p class=\"bbc-hhl7in e17g058b0\" dir=\"ltr\">&#8220;Muitos acham que ter um cachorro \u00e9 s\u00f3 oferecer \u00e1gua, comida e um lugar para dormir. Por\u00e9m, cuidar do animal vai muito al\u00e9m disso. \u00c9 preciso saber as necessidades de cada ra\u00e7a, o que causa estresse e quais os sinais de que algo n\u00e3o est\u00e1 bem com o animal&#8221;, diz Zago.<\/p>\n<\/div>\n<div class=\"bbc-19j92fr ebmt73l0\" dir=\"ltr\" style=\"text-align: justify;\">\n<p class=\"bbc-hhl7in e17g058b0\" dir=\"ltr\">O desequil\u00edbrio emocional do animal sozinho ou aliado a fatores como sensa\u00e7\u00e3o de amea\u00e7a, medo ou at\u00e9 mesmo dor pode fazer com o que esses ataques sejam contra o pr\u00f3prio dono, pessoas da fam\u00edlia ou desconhecidos.<\/p>\n<\/div>\n<div class=\"bbc-19j92fr ebmt73l0\" dir=\"ltr\" style=\"text-align: justify;\">\n<p class=\"bbc-hhl7in e17g058b0\" dir=\"ltr\">&#8220;O animal n\u00e3o sabe lidar com as emo\u00e7\u00f5es, ent\u00e3o quando ele fica ansioso, a atitude \u00e9 morder&#8221;, diz Patr\u00edcia Saraiva, educadora canina e especialista em comportamento animal.<\/p>\n<\/div>\n<div class=\"bbc-19j92fr ebmt73l0\" dir=\"ltr\" style=\"text-align: justify;\">\n<p class=\"bbc-hhl7in e17g058b0\" dir=\"ltr\">A educadora enfatiza ainda que, quando h\u00e1 um ataque, a \u00fanica maneira de cess\u00e1-lo \u00e9 segurar no pesco\u00e7o do animal.<\/p>\n<\/div>\n<div class=\"bbc-19j92fr ebmt73l0\" dir=\"ltr\" style=\"text-align: justify;\">\n<p class=\"bbc-hhl7in e17g058b0\" dir=\"ltr\">\u201cQuando fazemos uma press\u00e3o no pesco\u00e7o, o cachorro tende a soltar. Esse enforcamento pode ser com um pano ou com um enforcador\u201d, diz.<\/p>\n<\/div>\n<div class=\"bbc-19j92fr ebmt73l0\" dir=\"ltr\" style=\"text-align: justify;\">\n<h2 id=\"Fique-atento-aos-sinais\" class=\"bbc-1f03ibc eglt09e0\" tabindex=\"-1\">Fique atento aos sinais<\/h2>\n<\/div>\n<figure class=\"bbc-1qn0xuy\" style=\"text-align: justify;\"><\/figure>\n<div class=\"bbc-19j92fr ebmt73l0\" dir=\"ltr\" style=\"text-align: justify;\">\n<p class=\"bbc-hhl7in e17g058b0\" dir=\"ltr\">Um cachorro que normalmente \u00e9 manso tem mais chances de atacar se estiver com dor \u2014 causada por exemplo por um machucado ou uma doen\u00e7a cr\u00f4nica que muitas vezes ainda n\u00e3o foi diagnosticada.<\/p>\n<\/div>\n<div class=\"bbc-19j92fr ebmt73l0\" dir=\"ltr\" style=\"text-align: justify;\">\n<p class=\"bbc-hhl7in e17g058b0\" dir=\"ltr\">Traumas anteriores tamb\u00e9m fazem com que os animais ataquem. Por exemplo, um animal que foi resgatado de agress\u00f5es pode se amedrontar com algum movimento que remeta a esse passado e, ent\u00e3o, morder.<\/p>\n<\/div>\n<div class=\"bbc-19j92fr ebmt73l0\" dir=\"ltr\" style=\"text-align: justify;\">\n<p class=\"bbc-hhl7in e17g058b0\" dir=\"ltr\">N\u00e3o importa qual a situa\u00e7\u00e3o, os especialistas s\u00e3o un\u00e2nimes em afirmar que os animais sempre d\u00e3o sinais de ansiedade antes de um ataque.<\/p>\n<\/div>\n<div class=\"bbc-19j92fr ebmt73l0\" dir=\"ltr\" style=\"text-align: justify;\">\n<p class=\"bbc-hhl7in e17g058b0\" dir=\"ltr\">&#8220;Eles podem lamber os l\u00e1bios, bocejar, puxar as orelhas para tr\u00e1s ou ficar mais isolados, mostrando que n\u00e3o est\u00e3o confort\u00e1veis com a situa\u00e7\u00e3o. Pela correria do dia a dia ou at\u00e9 mesmo desconhecimento, muitos tutores n\u00e3o detectam esses sinais. Quando o ataque acontece, muitos acham que \u00e9 do nada, mas nunca \u00e9&#8221;, explica Saraiva.<\/p>\n<\/div>\n<div class=\"bbc-19j92fr ebmt73l0\" dir=\"ltr\" style=\"text-align: justify;\">\n<p class=\"bbc-hhl7in e17g058b0\" dir=\"ltr\">Ainda segundo os especialistas, esses quadros de ansiedade come\u00e7am meses antes de um ataque.<\/p>\n<\/div>\n<div class=\"bbc-19j92fr ebmt73l0\" dir=\"ltr\" style=\"text-align: justify;\">\n<h2 id=\"Rela\u00e7\u00e3o-com-a-ra\u00e7a\" class=\"bbc-1f03ibc eglt09e0\" tabindex=\"-1\">Rela\u00e7\u00e3o com a ra\u00e7a<\/h2>\n<\/div>\n<div class=\"bbc-19j92fr ebmt73l0\" dir=\"ltr\" style=\"text-align: justify;\">\n<p class=\"bbc-hhl7in e17g058b0\" dir=\"ltr\">Os ataques provocados por animais da ra\u00e7a pitbull costumam chamar a aten\u00e7\u00e3o da popula\u00e7\u00e3o e colocam a ra\u00e7a, muitas vezes, como vil\u00e3 da situa\u00e7\u00e3o.<\/p>\n<\/div>\n<div class=\"bbc-19j92fr ebmt73l0\" dir=\"ltr\" style=\"text-align: justify;\">\n<p class=\"bbc-hhl7in e17g058b0\" dir=\"ltr\">Em um epis\u00f3dio recente que ganhou visibilidade nacional, a escritora Roseana Murray, 73 anos, foi atacada em Saquarema (RJ) por tr\u00eas c\u00e3es da ra\u00e7a. Ap\u00f3s o ataque, em 5 de abril, Murray ficou quase duas semanas hospitalizada e perdeu um bra\u00e7o e uma orelha.<\/p>\n<\/div>\n<div class=\"bbc-19j92fr ebmt73l0\" dir=\"ltr\" style=\"text-align: justify;\">\n<p class=\"bbc-hhl7in e17g058b0\" dir=\"ltr\">Os donos dos cachorros foram identificados, chegaram a ser presos temporariamente e est\u00e3o respondendo na Justi\u00e7a a acusa\u00e7\u00f5es de maus-tratos a animais, les\u00e3o corporal culposa e omiss\u00e3o na cautela de animais.<\/p>\n<\/div>\n<div class=\"bbc-19j92fr ebmt73l0\" dir=\"ltr\" style=\"text-align: justify;\">\n<p class=\"bbc-hhl7in e17g058b0\" dir=\"ltr\">Por\u00e9m, h\u00e1 poucas evid\u00eancias cient\u00edficas consistentes de que algumas ra\u00e7as s\u00e3o mais agressivas do que outras.<\/p>\n<\/div>\n<div class=\"bbc-19j92fr ebmt73l0\" dir=\"ltr\" style=\"text-align: justify;\">\n<p class=\"bbc-hhl7in e17g058b0\" dir=\"ltr\">Em um\u00a0estudo de 2022\u00a0de pesquisadores da Universidade de S\u00e3o Paulo (USP), os autores conclu\u00edram, ap\u00f3s a an\u00e1lise de question\u00e1rios preenchidos por tutores de c\u00e3es, que s\u00e3o muitos os fatores que influenciam em um ataque.<\/p>\n<\/div>\n<div class=\"bbc-19j92fr ebmt73l0\" dir=\"ltr\" style=\"text-align: justify;\">\n<p class=\"bbc-hhl7in e17g058b0\" dir=\"ltr\">&#8220;Em vez de direcionar o ataque a um \u00fanico fator comum \u00e0s esp\u00e9cies ou ra\u00e7as espec\u00edficas, os nossos resultados refor\u00e7am como o comportamento individual, combinado com a gen\u00e9tica, fisiologia, experi\u00eancias de vida e contextos ambientais particulares dos c\u00e3es interagem [&#8230;]&#8221;, conclu\u00edram os autores.<\/p>\n<\/div>\n<div class=\"bbc-19j92fr ebmt73l0\" dir=\"ltr\" style=\"text-align: justify;\">\n<p class=\"bbc-hhl7in e17g058b0\" dir=\"ltr\">Um\u00a0artigo de pesquisadores publicado pela BBC News Brasil no ano passado\u00a0afirmou que &#8220;h\u00e1 poucas evid\u00eancias cient\u00edficas consistentes de que algumas ra\u00e7as s\u00e3o inerentemente mais agressivas do que outras&#8221;.<\/p>\n<\/div>\n<div class=\"bbc-19j92fr ebmt73l0\" dir=\"ltr\" style=\"text-align: justify;\">\n<p class=\"bbc-hhl7in e17g058b0\" dir=\"ltr\">&#8220;Nossas avalia\u00e7\u00f5es sugerem que as ra\u00e7as relatadas em casos de mordidas s\u00e3o simplesmente as ra\u00e7as mais populares naquela regi\u00e3o&#8221;, disseram Carri Westgarth e John Tulloch, professores na Universidade de Liverpool, no texto.<\/p>\n<\/div>\n<div class=\"bbc-19j92fr ebmt73l0\" dir=\"ltr\" style=\"text-align: justify;\">\n<p class=\"bbc-hhl7in e17g058b0\" dir=\"ltr\">Entretanto, os pesquisadores reconheceram que, quando se trata de ataques mortais, a maioria das ra\u00e7as envolvidas \u00e9 &#8220;grande e poderosa&#8221; \u2014 como American bulldog e pitbulls, mas tamb\u00e9m rottweilers, pastores alem\u00e3es e malamutes.<\/p>\n<\/div>\n<div class=\"bbc-19j92fr ebmt73l0\" dir=\"ltr\" style=\"text-align: justify;\">\n<p class=\"bbc-hhl7in e17g058b0\" dir=\"ltr\">Especialistas indicam que a gravidade das les\u00f5es est\u00e1 mais relacionada \u00e0 for\u00e7a do animal do que \u00e0 possibilidade de ser mais agressivo ou n\u00e3o.<\/p>\n<\/div>\n<div class=\"bbc-19j92fr ebmt73l0\" dir=\"ltr\" style=\"text-align: justify;\">\n<p class=\"bbc-hhl7in e17g058b0\" dir=\"ltr\">&#8220;O pinscher, por exemplo, \u00e9 uma ra\u00e7a que morde bastante, mas por ele ser pequeno, \u00e9 f\u00e1cil control\u00e1-lo, e a les\u00e3o tamb\u00e9m \u00e9 pequena. O mesmo n\u00e3o acontece com c\u00e3es de porte grande, que s\u00e3o fortes, pesam como um adulto e muitas vezes uma mordida pode matar&#8221;, explica Zoca.<\/p>\n<\/div>\n<div class=\"bbc-19j92fr ebmt73l0\" dir=\"ltr\" style=\"text-align: justify;\">\n<p class=\"bbc-hhl7in e17g058b0\" dir=\"ltr\">Na hora de escolher um cachorro, \u00e9 importante se atentar \u00e0 tend\u00eancia gen\u00e9tica do animal, analisando o comportamento dos pais e irm\u00e3os. Isso porque grande parte do comportamento \u00e9 herdado dos pais.<\/p>\n<\/div>\n<div class=\"bbc-19j92fr ebmt73l0\" dir=\"ltr\" style=\"text-align: justify;\">\n<p class=\"bbc-hhl7in e17g058b0\" dir=\"ltr\">Os especialistas aconselham tamb\u00e9m que os c\u00e3es sejam treinados para atender \u00e0s regras e para evitar poss\u00edveis ataques. O treinamento pode ser feito em qualquer idade, mas quanto mais cedo come\u00e7ar, mais rapidamente o animal aprende.<\/p>\n<\/div>\n<div class=\"bbc-19j92fr ebmt73l0\" dir=\"ltr\" style=\"text-align: justify;\">\n<p class=\"bbc-hhl7in e17g058b0\" dir=\"ltr\">Para o treinamento, \u00e9 recomendado o m\u00e9todo de recompensas, j\u00e1 que os baseados em puni\u00e7\u00e3o est\u00e3o associados a maior estresse, medo e agress\u00e3o por parte do animal.<\/p>\n<\/div>\n<div class=\"bbc-19j92fr ebmt73l0\" dir=\"ltr\" style=\"text-align: justify;\">\n<p class=\"bbc-hhl7in e17g058b0\" dir=\"ltr\">Al\u00e9m da gen\u00e9tica, um\u00a0estudo realizado pela Harvard Medical School\u00a0mostrou que as mudan\u00e7as clim\u00e1ticas podem afetar o comportamento dos c\u00e3es, deixando-os mais agressivos.<\/p>\n<\/div>\n<div class=\"bbc-19j92fr ebmt73l0\" dir=\"ltr\" style=\"text-align: justify;\">\n<p class=\"bbc-hhl7in e17g058b0\" dir=\"ltr\">Para a pesquisa, divulgada no ano passado, foram analisados 69.525 casos de mordidas de c\u00e3es, que ocorreram em oito cidades dos Estados Unidos entre 2009 a 2018.<\/p>\n<\/div>\n<div class=\"bbc-19j92fr ebmt73l0\" dir=\"ltr\" style=\"text-align: justify;\">\n<p class=\"bbc-hhl7in e17g058b0\" dir=\"ltr\">Segundo os pesquisadores, a probabilidade de ocorrer ataques de c\u00e3es aumenta 11% nos dias em que a radia\u00e7\u00e3o ultravioleta (UV) \u00e9 mais alta. Al\u00e9m disso, as altas temperaturas faziam aumentar as probabilidades de ataque em 4%.<\/p>\n<\/div>\n<div class=\"bbc-19j92fr ebmt73l0\" dir=\"ltr\" style=\"text-align: justify;\">\n<p class=\"bbc-hhl7in e17g058b0\" dir=\"ltr\">&#8220;Assim como n\u00f3s, os cachorros tamb\u00e9m se sentem desconfort\u00e1veis com o calor e isso pode gerar uma irritabilidade. Nos dias quentes, \u00e9 importante ter um cuidado a mais e n\u00e3o os deixar com roupinhas, em ambientes muito quentes ou expostos ao sol&#8221;, diz Saraiva.<\/p>\n<\/div>\n<div class=\"bbc-19j92fr ebmt73l0\" dir=\"ltr\" style=\"text-align: justify;\">\n<h2 id=\"Obrigatoriedade-da-focinheira\" class=\"bbc-1f03ibc eglt09e0\" tabindex=\"-1\">Obrigatoriedade da focinheira<\/h2>\n<\/div>\n<div class=\"bbc-19j92fr ebmt73l0\" dir=\"ltr\" style=\"text-align: justify;\">\n<p class=\"bbc-hhl7in e17g058b0\" dir=\"ltr\">N\u00e3o h\u00e1 uma lei federal que determine as regras para o uso da focinheira em cachorros. Um projeto de lei sobre o tema tramita na C\u00e2mara dos Deputados desde o ano passado.<\/p>\n<\/div>\n<div class=\"bbc-19j92fr ebmt73l0\" dir=\"ltr\" style=\"text-align: justify;\">\n<p class=\"bbc-hhl7in e17g058b0\" dir=\"ltr\">Nele, o autor da proposta, Marcos Soares (Uni\u00e3o-RJ), pede a obrigatoriedade de focinheira na condu\u00e7\u00e3o de c\u00e3es de grande porte ou de ra\u00e7as consideradas perigosas em locais p\u00fablicos ou abertos ao p\u00fablico.<\/p>\n<\/div>\n<div class=\"bbc-19j92fr ebmt73l0\" dir=\"ltr\" style=\"text-align: justify;\">\n<p class=\"bbc-hhl7in e17g058b0\" dir=\"ltr\">Apesar da falta de lei federal, diversos Estados e munic\u00edpios criaram legisla\u00e7\u00f5es pr\u00f3prias para regulamentar o uso da prote\u00e7\u00e3o.<\/p>\n<\/div>\n<div class=\"bbc-19j92fr ebmt73l0\" dir=\"ltr\" style=\"text-align: justify;\">\n<p class=\"bbc-hhl7in e17g058b0\" dir=\"ltr\">No Estado de S\u00e3o Paulo, que lidera o ranking de mortes por ataques de c\u00e3es, por exemplo, a lei foi criada h\u00e1 dez anos.<\/p>\n<\/div>\n<div class=\"bbc-19j92fr ebmt73l0\" dir=\"ltr\" style=\"text-align: justify;\">\n<p class=\"bbc-hhl7in e17g058b0\" dir=\"ltr\">&#8220;\u00c9 obrigat\u00f3rio c\u00e3es de ra\u00e7as ferozes a usar enforcador, guia curta (at\u00e9 2m) e coleira em locais p\u00fablicos. Em centros comerciais e parques, \u00e9 obrigat\u00f3rio o uso de focinheira. Caso n\u00e3o cumpram a lei, os donos de c\u00e3es das ra\u00e7as mastim napolitano, pit bull, rottweiler, american staffordshire terrier ficam sujeitos a multa&#8221;, diz a lei.<\/p>\n<\/div>\n<div class=\"bbc-19j92fr ebmt73l0\" dir=\"ltr\" style=\"text-align: justify;\">\n<p class=\"bbc-hhl7in e17g058b0\" dir=\"ltr\">A multa aplicada em caso de descumprimento \u00e9 de R$ 353,60.<\/p>\n<\/div>\n<div class=\"bbc-19j92fr ebmt73l0\" dir=\"ltr\" style=\"text-align: justify;\">\n<p class=\"bbc-hhl7in e17g058b0\" dir=\"ltr\">No Rio Grande do Sul, segundo Estado com mais ataques, tamb\u00e9m h\u00e1 legisla\u00e7\u00e3o que restringe a circula\u00e7\u00e3o de animais sem focinheira. Al\u00e9m disso, todos os tutores de cachorros das ra\u00e7as american pitbull terrier, fila, rottweiler, dobermann, bull terrier e dogo argentino precisam fazer o registro oficial do animal.<\/p>\n<\/div>\n<div class=\"bbc-19j92fr ebmt73l0\" dir=\"ltr\" style=\"text-align: justify;\">\n<p class=\"bbc-hhl7in e17g058b0\" dir=\"ltr\">&#8220;Os c\u00e3es especificados nesta Lei somente poder\u00e3o circular em logradouros p\u00fablicos, vias de circula\u00e7\u00e3o interna de condom\u00ednios, bem como em \u00e1reas pr\u00f3ximas \u00e0quelas onde haja ovinocaprinocultura, se conduzidos por pessoas capazes e com guia curta &#8211; m\u00e1ximo 1,5m &#8211; e focinheira, que permita a normal respira\u00e7\u00e3o e transpira\u00e7\u00e3o do animal&#8221;, diz trecho da legisla\u00e7\u00e3o.<\/p>\n<\/div>\n<div class=\"bbc-19j92fr ebmt73l0\" dir=\"ltr\">\n<p class=\"bbc-hhl7in e17g058b0\" dir=\"ltr\" style=\"text-align: justify;\">Com o descumprimento das regras, cabe puni\u00e7\u00e3o, que \u00e9 definida pela administra\u00e7\u00e3o municipal.<\/p>\n<p dir=\"ltr\">Fonte: BBC BRASIL<\/p>\n<\/div>\n","protected":false},"excerpt":{"rendered":"<p>A cabeleireira Maria Teresa dos Santos, 51 anos, viu sua vida mudar ap\u00f3s ser atacada pelo\u00a0cachorro da fam\u00edlia\u00a0em julho do ano passado. A moradora de Taubat\u00e9 (SP) estava sozinha em casa quando, ao se abaixar para brincar com o\u00a0animal, foi atacada por ele. &#8220;Ele veio, colocou a cabe\u00e7a no meu ombro e fiz carinho. Quando [&hellip;]<\/p>\n","protected":false},"author":1,"featured_media":64502,"comment_status":"closed","ping_status":"open","sticky":false,"template":"","format":"standard","meta":{"_uag_custom_page_level_css":"","_monsterinsights_skip_tracking":false,"_monsterinsights_sitenote_active":false,"_monsterinsights_sitenote_note":"","_monsterinsights_sitenote_category":0,"jetpack_post_was_ever_published":false,"_jetpack_newsletter_access":"","_jetpack_dont_email_post_to_subs":false,"_jetpack_newsletter_tier_id":0,"_jetpack_memberships_contains_paywalled_content":false,"_jetpack_memberships_contains_paid_content":false,"footnotes":"","jetpack_publicize_message":"","jetpack_publicize_feature_enabled":true,"jetpack_social_post_already_shared":true,"jetpack_social_options":{"image_generator_settings":{"template":"highway","default_image_id":0,"font":"","enabled":false},"version":2}},"categories":[200],"tags":[11521,11522,779],"class_list":["post-64501","post","type-post","status-publish","format-standard","has-post-thumbnail","hentry","category-brasil","tag-domesticacao","tag-instinto","tag-natureza"],"jetpack_publicize_connections":[],"jetpack_featured_media_url":"https:\/\/blogopara.com.br\/wp-content\/uploads\/2024\/04\/aa61ac10-0366-11ef-b594-a5e5f5caccfb.jpg","uagb_featured_image_src":{"full":["https:\/\/blogopara.com.br\/wp-content\/uploads\/2024\/04\/aa61ac10-0366-11ef-b594-a5e5f5caccfb.jpg",500,500,false],"thumbnail":["https:\/\/blogopara.com.br\/wp-content\/uploads\/2024\/04\/aa61ac10-0366-11ef-b594-a5e5f5caccfb-150x150.jpg",150,150,true],"medium":["https:\/\/blogopara.com.br\/wp-content\/uploads\/2024\/04\/aa61ac10-0366-11ef-b594-a5e5f5caccfb-300x300.jpg",300,300,true],"medium_large":["https:\/\/blogopara.com.br\/wp-content\/uploads\/2024\/04\/aa61ac10-0366-11ef-b594-a5e5f5caccfb.jpg",500,500,false],"large":["https:\/\/blogopara.com.br\/wp-content\/uploads\/2024\/04\/aa61ac10-0366-11ef-b594-a5e5f5caccfb.jpg",500,500,false],"1536x1536":["https:\/\/blogopara.com.br\/wp-content\/uploads\/2024\/04\/aa61ac10-0366-11ef-b594-a5e5f5caccfb.jpg",500,500,false],"2048x2048":["https:\/\/blogopara.com.br\/wp-content\/uploads\/2024\/04\/aa61ac10-0366-11ef-b594-a5e5f5caccfb.jpg",500,500,false],"mantranews-slider-large":["https:\/\/blogopara.com.br\/wp-content\/uploads\/2024\/04\/aa61ac10-0366-11ef-b594-a5e5f5caccfb.jpg",500,500,false],"mantranews-featured-medium":["https:\/\/blogopara.com.br\/wp-content\/uploads\/2024\/04\/aa61ac10-0366-11ef-b594-a5e5f5caccfb-420x307.jpg",420,307,true],"mantranews-featured-long":["https:\/\/blogopara.com.br\/wp-content\/uploads\/2024\/04\/aa61ac10-0366-11ef-b594-a5e5f5caccfb-300x443.jpg",300,443,true],"mantranews-block-medium":["https:\/\/blogopara.com.br\/wp-content\/uploads\/2024\/04\/aa61ac10-0366-11ef-b594-a5e5f5caccfb-464x290.jpg",464,290,true],"mantranews-carousel-image":["https:\/\/blogopara.com.br\/wp-content\/uploads\/2024\/04\/aa61ac10-0366-11ef-b594-a5e5f5caccfb.jpg",500,500,false],"mantranews-block-thumb":["https:\/\/blogopara.com.br\/wp-content\/uploads\/2024\/04\/aa61ac10-0366-11ef-b594-a5e5f5caccfb-322x230.jpg",322,230,true],"mantranews-single-large":["https:\/\/blogopara.com.br\/wp-content\/uploads\/2024\/04\/aa61ac10-0366-11ef-b594-a5e5f5caccfb.jpg",500,500,false]},"uagb_author_info":{"display_name":"Reda\u00e7\u00e3o geral","author_link":"https:\/\/blogopara.com.br\/index.php\/author\/blogopara"},"uagb_comment_info":0,"uagb_excerpt":"A cabeleireira Maria Teresa dos Santos, 51 anos, viu sua vida mudar ap\u00f3s ser atacada pelo\u00a0cachorro da fam\u00edlia\u00a0em julho do ano passado. A moradora de Taubat\u00e9 (SP) estava sozinha em casa quando, ao se abaixar para brincar com o\u00a0animal, foi atacada por ele. &#8220;Ele veio, colocou a cabe\u00e7a no meu ombro e fiz carinho. Quando&hellip;","jetpack_sharing_enabled":true,"jetpack_likes_enabled":true,"_links":{"self":[{"href":"https:\/\/blogopara.com.br\/index.php\/wp-json\/wp\/v2\/posts\/64501","targetHints":{"allow":["GET"]}}],"collection":[{"href":"https:\/\/blogopara.com.br\/index.php\/wp-json\/wp\/v2\/posts"}],"about":[{"href":"https:\/\/blogopara.com.br\/index.php\/wp-json\/wp\/v2\/types\/post"}],"author":[{"embeddable":true,"href":"https:\/\/blogopara.com.br\/index.php\/wp-json\/wp\/v2\/users\/1"}],"replies":[{"embeddable":true,"href":"https:\/\/blogopara.com.br\/index.php\/wp-json\/wp\/v2\/comments?post=64501"}],"version-history":[{"count":1,"href":"https:\/\/blogopara.com.br\/index.php\/wp-json\/wp\/v2\/posts\/64501\/revisions"}],"predecessor-version":[{"id":64503,"href":"https:\/\/blogopara.com.br\/index.php\/wp-json\/wp\/v2\/posts\/64501\/revisions\/64503"}],"wp:featuredmedia":[{"embeddable":true,"href":"https:\/\/blogopara.com.br\/index.php\/wp-json\/wp\/v2\/media\/64502"}],"wp:attachment":[{"href":"https:\/\/blogopara.com.br\/index.php\/wp-json\/wp\/v2\/media?parent=64501"}],"wp:term":[{"taxonomy":"category","embeddable":true,"href":"https:\/\/blogopara.com.br\/index.php\/wp-json\/wp\/v2\/categories?post=64501"},{"taxonomy":"post_tag","embeddable":true,"href":"https:\/\/blogopara.com.br\/index.php\/wp-json\/wp\/v2\/tags?post=64501"}],"curies":[{"name":"wp","href":"https:\/\/api.w.org\/{rel}","templated":true}]}}