{"id":64511,"date":"2024-04-29T08:17:00","date_gmt":"2024-04-29T11:17:00","guid":{"rendered":"https:\/\/blogopara.com.br\/?p=64511"},"modified":"2024-04-28T18:18:11","modified_gmt":"2024-04-28T21:18:11","slug":"no-dia-internacional-da-educacao-gestao-suzana-ramos-destaca-avancos-no-ensino-municipal-e-anuncia-a-entrega-da-59-escola-requalificada-e-ampliada","status":"publish","type":"post","link":"https:\/\/blogopara.com.br\/index.php\/2024\/04\/29\/no-dia-internacional-da-educacao-gestao-suzana-ramos-destaca-avancos-no-ensino-municipal-e-anuncia-a-entrega-da-59-escola-requalificada-e-ampliada","title":{"rendered":"No Dia Internacional da Educa\u00e7\u00e3o, gest\u00e3o Suzana Ramos destaca avan\u00e7os no ensino municipal e anuncia a entrega da 59\u00b0 escola requalificada e ampliada"},"content":{"rendered":"<div style=\"text-align: justify;\">O Dia da Educa\u00e7\u00e3o \u00e9 comemorado anualmente em 28 de abril. Para celebrar a data, a Prefeitura de Juazeiro, atrav\u00e9s da Secretaria de Educa\u00e7\u00e3o e Juventude (Seduc), destaca grandes conquistas e investimentos realizados no setor com recursos pr\u00f3prios. Durante a gest\u00e3o Suzana Ramos, 58 foram inauguradas totalmente requalificadas e ampliadas e mais cinco ser\u00e3o entregues, na sede e no interior do munic\u00edpio.<\/div>\n<div style=\"text-align: justify;\"><\/div>\n<div style=\"text-align: justify;\">Nos pr\u00f3ximos dias, a Escola Municipal Maria Jos\u00e9 Lima da Rocha, localizada no bairro Jo\u00e3o Paulo II, ser\u00e1 a 59\u00b0 unidade escolar a ser entregue \u00e0 popula\u00e7\u00e3o, totalmente requalificada e ampliada, com investimento de, aproximadamente, R$ 500 mil em recursos pr\u00f3prios do munic\u00edpio e com capacidade para atender mais de 640 estudantes.<\/div>\n<div style=\"text-align: justify;\"><\/div>\n<div style=\"text-align: justify;\">Com 138 escolas em funcionamento e cerca de 40 mil estudantes, o munic\u00edpio vem consolidando um modelo educacional in\u00e9dito. S\u00e3o exemplos de pioneirismo o Espa\u00e7o Humanizar, que oferta diversos servi\u00e7os de sa\u00fade para estudantes e profissionais da educa\u00e7\u00e3o, a Escola de Idiomas, que oferta aulas gratuitas de l\u00ednguas (Libras, Espanhol e Ingl\u00eas) para alunos da rede municipal de ensino e servidores municipais, e a TV Escola Juazeiro (<a id=\"LPlnk134726\" href=\"http:\/\/tvescola.juazeiro.ba.gov.br\/\" target=\"_blank\" rel=\"noopener noreferrer\" data-auth=\"NotApplicable\" data-linkindex=\"0\">tvescola.juazeiro.ba.gov.br<\/a>), criada com o objetivo de fortalecer, ainda mais, a aprendizagem dos estudantes da rede municipal de ensino, atrav\u00e9s da produ\u00e7\u00e3o e transmiss\u00e3o de conte\u00fados educativos autorais e contextualizados.<\/div>\n<div style=\"text-align: justify;\"><\/div>\n<div style=\"text-align: justify;\">De acordo com a prefeita Suzana Ramos, o incentivo \u00e0 educa\u00e7\u00e3o de qualidade tem sido ofertado, continuamente, pela gest\u00e3o municipal. \u201cAs escolas requalificadas e ampliadas est\u00e3o consolidando um novo tempo de ensino para nossas crian\u00e7as, com mais qualidade e dignidade, atrav\u00e9s de uma educa\u00e7\u00e3o que investe em um futuro promissor. O nosso compromisso tem sido o investimento constante em infraestrutura, tecnologia educacional, capacita\u00e7\u00e3o de professores e apoio psicossocial para garantir um ambiente de aprendizado seguro, inclusivo e enriquecedor para todos\u201d, destacou a gestora.<\/div>\n<div style=\"text-align: justify;\"><\/div>\n<div style=\"text-align: justify;\">\u201c\u00c9 com grande alegria e satisfa\u00e7\u00e3o que nossa gest\u00e3o celebra o Dia da Educa\u00e7\u00e3o. Um momento especial para reconhecer todo esfor\u00e7o e investimentos oferecidos pela prefeita Suzana Ramos, que realizou concurso p\u00fablico para atua\u00e7\u00e3o de mais de 500 profissionais na Educa\u00e7\u00e3o. A atual gest\u00e3o tamb\u00e9m ampliou o n\u00famero de vagas do Programa Aprova Juazeiro, garantindo o acesso de centenas de jovens a universidade, entre diversas outras conquistas, como o primeiro Laborat\u00f3rio de Ci\u00eancias da rede municipal de ensino, inaugurado na Escola Caic, unidade de ensino que estreou o espa\u00e7o in\u00e9dito\u201d, compartilhou o secret\u00e1rio de Educa\u00e7\u00e3o e Juventude, Wank Medrado.<\/div>\n<div style=\"text-align: justify;\">\u2013<\/div>\n<div style=\"text-align: justify;\">Texto: Camila Santana \u2013 Ascom Seduc\/PMJ<\/div>\n<div style=\"text-align: justify;\">Fotos: Ascom\/PMJ<\/div>\n","protected":false},"excerpt":{"rendered":"<p>O Dia da Educa\u00e7\u00e3o \u00e9 comemorado anualmente em 28 de abril. Para celebrar a data, a Prefeitura de Juazeiro, atrav\u00e9s da Secretaria de Educa\u00e7\u00e3o e Juventude (Seduc), destaca grandes conquistas e investimentos realizados no setor com recursos pr\u00f3prios. Durante a gest\u00e3o Suzana Ramos, 58 foram inauguradas totalmente requalificadas e ampliadas e mais cinco ser\u00e3o entregues, [&hellip;]<\/p>\n","protected":false},"author":1,"featured_media":64512,"comment_status":"closed","ping_status":"open","sticky":false,"template":"","format":"standard","meta":{"_uag_custom_page_level_css":"","_monsterinsights_skip_tracking":false,"_monsterinsights_sitenote_active":false,"_monsterinsights_sitenote_note":"","_monsterinsights_sitenote_category":0,"jetpack_post_was_ever_published":false,"_jetpack_newsletter_access":"","_jetpack_dont_email_post_to_subs":false,"_jetpack_newsletter_tier_id":0,"_jetpack_memberships_contains_paywalled_content":false,"_jetpack_memberships_contains_paid_content":false,"footnotes":"","jetpack_publicize_message":"","jetpack_publicize_feature_enabled":true,"jetpack_social_post_already_shared":true,"jetpack_social_options":{"image_generator_settings":{"template":"highway","default_image_id":0,"font":"","enabled":false},"version":2}},"categories":[203],"tags":[],"class_list":["post-64511","post","type-post","status-publish","format-standard","has-post-thumbnail","hentry","category-juazeiro"],"jetpack_publicize_connections":[],"jetpack_featured_media_url":"https:\/\/blogopara.com.br\/wp-content\/uploads\/2024\/04\/thumbnail_52232917724_91ea6c84bd_k-1.jpg","uagb_featured_image_src":{"full":["https:\/\/blogopara.com.br\/wp-content\/uploads\/2024\/04\/thumbnail_52232917724_91ea6c84bd_k-1.jpg",500,332,false],"thumbnail":["https:\/\/blogopara.com.br\/wp-content\/uploads\/2024\/04\/thumbnail_52232917724_91ea6c84bd_k-1-150x150.jpg",150,150,true],"medium":["https:\/\/blogopara.com.br\/wp-content\/uploads\/2024\/04\/thumbnail_52232917724_91ea6c84bd_k-1-300x199.jpg",300,199,true],"medium_large":["https:\/\/blogopara.com.br\/wp-content\/uploads\/2024\/04\/thumbnail_52232917724_91ea6c84bd_k-1.jpg",500,332,false],"large":["https:\/\/blogopara.com.br\/wp-content\/uploads\/2024\/04\/thumbnail_52232917724_91ea6c84bd_k-1.jpg",500,332,false],"1536x1536":["https:\/\/blogopara.com.br\/wp-content\/uploads\/2024\/04\/thumbnail_52232917724_91ea6c84bd_k-1.jpg",500,332,false],"2048x2048":["https:\/\/blogopara.com.br\/wp-content\/uploads\/2024\/04\/thumbnail_52232917724_91ea6c84bd_k-1.jpg",500,332,false],"mantranews-slider-large":["https:\/\/blogopara.com.br\/wp-content\/uploads\/2024\/04\/thumbnail_52232917724_91ea6c84bd_k-1.jpg",500,332,false],"mantranews-featured-medium":["https:\/\/blogopara.com.br\/wp-content\/uploads\/2024\/04\/thumbnail_52232917724_91ea6c84bd_k-1-420x307.jpg",420,307,true],"mantranews-featured-long":["https:\/\/blogopara.com.br\/wp-content\/uploads\/2024\/04\/thumbnail_52232917724_91ea6c84bd_k-1-300x332.jpg",300,332,true],"mantranews-block-medium":["https:\/\/blogopara.com.br\/wp-content\/uploads\/2024\/04\/thumbnail_52232917724_91ea6c84bd_k-1-464x290.jpg",464,290,true],"mantranews-carousel-image":["https:\/\/blogopara.com.br\/wp-content\/uploads\/2024\/04\/thumbnail_52232917724_91ea6c84bd_k-1.jpg",500,332,false],"mantranews-block-thumb":["https:\/\/blogopara.com.br\/wp-content\/uploads\/2024\/04\/thumbnail_52232917724_91ea6c84bd_k-1-322x230.jpg",322,230,true],"mantranews-single-large":["https:\/\/blogopara.com.br\/wp-content\/uploads\/2024\/04\/thumbnail_52232917724_91ea6c84bd_k-1.jpg",500,332,false]},"uagb_author_info":{"display_name":"Reda\u00e7\u00e3o geral","author_link":"https:\/\/blogopara.com.br\/index.php\/author\/blogopara"},"uagb_comment_info":0,"uagb_excerpt":"O Dia da Educa\u00e7\u00e3o \u00e9 comemorado anualmente em 28 de abril. Para celebrar a data, a Prefeitura de Juazeiro, atrav\u00e9s da Secretaria de Educa\u00e7\u00e3o e Juventude (Seduc), destaca grandes conquistas e investimentos realizados no setor com recursos pr\u00f3prios. Durante a gest\u00e3o Suzana Ramos, 58 foram inauguradas totalmente requalificadas e ampliadas e mais cinco ser\u00e3o entregues,&hellip;","jetpack_sharing_enabled":true,"jetpack_likes_enabled":true,"_links":{"self":[{"href":"https:\/\/blogopara.com.br\/index.php\/wp-json\/wp\/v2\/posts\/64511","targetHints":{"allow":["GET"]}}],"collection":[{"href":"https:\/\/blogopara.com.br\/index.php\/wp-json\/wp\/v2\/posts"}],"about":[{"href":"https:\/\/blogopara.com.br\/index.php\/wp-json\/wp\/v2\/types\/post"}],"author":[{"embeddable":true,"href":"https:\/\/blogopara.com.br\/index.php\/wp-json\/wp\/v2\/users\/1"}],"replies":[{"embeddable":true,"href":"https:\/\/blogopara.com.br\/index.php\/wp-json\/wp\/v2\/comments?post=64511"}],"version-history":[{"count":1,"href":"https:\/\/blogopara.com.br\/index.php\/wp-json\/wp\/v2\/posts\/64511\/revisions"}],"predecessor-version":[{"id":64513,"href":"https:\/\/blogopara.com.br\/index.php\/wp-json\/wp\/v2\/posts\/64511\/revisions\/64513"}],"wp:featuredmedia":[{"embeddable":true,"href":"https:\/\/blogopara.com.br\/index.php\/wp-json\/wp\/v2\/media\/64512"}],"wp:attachment":[{"href":"https:\/\/blogopara.com.br\/index.php\/wp-json\/wp\/v2\/media?parent=64511"}],"wp:term":[{"taxonomy":"category","embeddable":true,"href":"https:\/\/blogopara.com.br\/index.php\/wp-json\/wp\/v2\/categories?post=64511"},{"taxonomy":"post_tag","embeddable":true,"href":"https:\/\/blogopara.com.br\/index.php\/wp-json\/wp\/v2\/tags?post=64511"}],"curies":[{"name":"wp","href":"https:\/\/api.w.org\/{rel}","templated":true}]}}