{"id":64517,"date":"2024-04-29T09:29:00","date_gmt":"2024-04-29T12:29:00","guid":{"rendered":"https:\/\/blogopara.com.br\/?p=64517"},"modified":"2024-04-28T18:39:28","modified_gmt":"2024-04-28T21:39:28","slug":"governo-divulga-edital-para-concurso-publico-da-policia-cientifica-com-213-vagas","status":"publish","type":"post","link":"https:\/\/blogopara.com.br\/index.php\/2024\/04\/29\/governo-divulga-edital-para-concurso-publico-da-policia-cientifica-com-213-vagas","title":{"rendered":"Governo divulga edital para concurso p\u00fablico da Pol\u00edcia Cient\u00edfica com 213 vagas"},"content":{"rendered":"<div class=\"post-content-area\">\n<p style=\"text-align: justify;\">O Governo de Pernambuco divulgou, no Di\u00e1rio Oficial do Estado o edital do concurso p\u00fablico da Pol\u00edcia Cient\u00edfica de Pernambuco, com 213 vagas.<\/p>\n<p style=\"text-align: justify;\">O documento contendo as informa\u00e7\u00f5es da sele\u00e7\u00e3o tamb\u00e9m estar\u00e1 dispon\u00edvel no site do Instituto AOCP, banca organizadora do certame, no www.institutoaocp.org.br. As inscri\u00e7\u00f5es podem ser realizadas a partir desta segunda-feira (29) e seguem at\u00e9 o dia 3 de junho.<\/p>\n<p style=\"text-align: justify;\">A realiza\u00e7\u00e3o de concursos p\u00fablicos na \u00e1rea da seguran\u00e7a p\u00fablica \u00e9 uma das estrat\u00e9gias do Juntos pela Seguran\u00e7a para a redu\u00e7\u00e3o dos \u00edndices de viol\u00eancia no Estado. &#8220;Gradativamente, n\u00f3s estamos garantindo refor\u00e7o nos quadros das for\u00e7as de seguran\u00e7a de Pernambuco, especificamente da Pol\u00edcia Cient\u00edfica, que \u00e9 um bra\u00e7o essencial na investiga\u00e7\u00e3o e elucida\u00e7\u00e3o dos crimes. Essa \u00e9 uma medida importante para que a gente consiga oferecer \u00e0 popula\u00e7\u00e3o um estado mais seguro&#8221;, afirmou a governadora Raquel Lyra.<\/p>\n<p style=\"text-align: justify;\">Das vagas abertas neste concurso, 76 s\u00e3o para o cargo de agente de medicina legal, 60 para m\u00e9dico legista e 77 para perito criminal. As provas ser\u00e3o realizadas no Recife, no dia 21 de julho.<\/p>\n<p style=\"text-align: justify;\">De acordo com a secret\u00e1ria de Administra\u00e7\u00e3o, Ana Mara\u00edza, o Estado ganhar\u00e1 mais um refor\u00e7o na seguran\u00e7a p\u00fablica com a realiza\u00e7\u00e3o de mais um concurso. &#8220;Nossa gest\u00e3o est\u00e1 empenhada em promover concursos que fortale\u00e7am o Programa Juntos Pela Seguran\u00e7a e dessa forma trazer mais benef\u00edcios para toda a popula\u00e7\u00e3o&#8221;, afirmou.<\/p>\n<p style=\"text-align: justify;\">BANCA &#8211; A empresa respons\u00e1vel pela elabora\u00e7\u00e3o do concurso, o Instituto AOCP, \u00e9 uma associa\u00e7\u00e3o civil de car\u00e1ter assistencial e educacional com atua\u00e7\u00e3o em concursos p\u00fablicos federais, estaduais e municipais.<\/p>\n<p style=\"text-align: justify;\">OUTROS CONCURSOS &#8211; Desde o in\u00edcio da atual gest\u00e3o, em janeiro do ano passado, o Governo j\u00e1 anunciou concursos para 5.250 vagas para a Pol\u00edcia Militar e 660 vagas para o Corpo de Bombeiros Militar. O concurso para a Pol\u00edcia Civil, por sua vez, prev\u00ea 445 vagas, que podem chegar ao dobro, de acordo com aditivo ao edital publicado posteriormente.<\/p>\n<p style=\"text-align: justify;\">\n<div style=\"text-align: justify;\">\n<div id=\"denakop-auto-intext-901480e1-f06f-466a-b427-6872791e254a\" data-google-query-id=\"CLLnzKXt5YUDFaxM3QId77cHcw\">\n<div id=\"google_ads_iframe_\/21715141650,133092422\/redegn.com.br\/desktop_intext_0__container__\"><\/div>\n<\/div>\n<\/div>\n<p>Ascom<\/p><\/div>\n<div class=\"post-footer\">\n<div class=\"tag-lists\" style=\"text-align: justify;\"><\/div>\n<\/div>\n","protected":false},"excerpt":{"rendered":"<p>O Governo de Pernambuco divulgou, no Di\u00e1rio Oficial do Estado o edital do concurso p\u00fablico da Pol\u00edcia Cient\u00edfica de Pernambuco, com 213 vagas. O documento contendo as informa\u00e7\u00f5es da sele\u00e7\u00e3o tamb\u00e9m estar\u00e1 dispon\u00edvel no site do Instituto AOCP, banca organizadora do certame, no www.institutoaocp.org.br. As inscri\u00e7\u00f5es podem ser realizadas a partir desta segunda-feira (29) e [&hellip;]<\/p>\n","protected":false},"author":1,"featured_media":64518,"comment_status":"closed","ping_status":"open","sticky":false,"template":"","format":"standard","meta":{"_uag_custom_page_level_css":"","_monsterinsights_skip_tracking":false,"_monsterinsights_sitenote_active":false,"_monsterinsights_sitenote_note":"","_monsterinsights_sitenote_category":0,"jetpack_post_was_ever_published":false,"_jetpack_newsletter_access":"","_jetpack_dont_email_post_to_subs":false,"_jetpack_newsletter_tier_id":0,"_jetpack_memberships_contains_paywalled_content":false,"_jetpack_memberships_contains_paid_content":false,"footnotes":"","jetpack_publicize_message":"","jetpack_publicize_feature_enabled":true,"jetpack_social_post_already_shared":true,"jetpack_social_options":{"image_generator_settings":{"template":"highway","default_image_id":0,"font":"","enabled":false},"version":2}},"categories":[1507],"tags":[],"class_list":["post-64517","post","type-post","status-publish","format-standard","has-post-thumbnail","hentry","category-pernambuco"],"jetpack_publicize_connections":[],"jetpack_featured_media_url":"https:\/\/blogopara.com.br\/wp-content\/uploads\/2024\/04\/Concurso_Pericia_Oficial_AL_Foto_Ascom_Pericia_Oficial.jpg","uagb_featured_image_src":{"full":["https:\/\/blogopara.com.br\/wp-content\/uploads\/2024\/04\/Concurso_Pericia_Oficial_AL_Foto_Ascom_Pericia_Oficial.jpg",500,236,false],"thumbnail":["https:\/\/blogopara.com.br\/wp-content\/uploads\/2024\/04\/Concurso_Pericia_Oficial_AL_Foto_Ascom_Pericia_Oficial-150x150.jpg",150,150,true],"medium":["https:\/\/blogopara.com.br\/wp-content\/uploads\/2024\/04\/Concurso_Pericia_Oficial_AL_Foto_Ascom_Pericia_Oficial-300x142.jpg",300,142,true],"medium_large":["https:\/\/blogopara.com.br\/wp-content\/uploads\/2024\/04\/Concurso_Pericia_Oficial_AL_Foto_Ascom_Pericia_Oficial.jpg",500,236,false],"large":["https:\/\/blogopara.com.br\/wp-content\/uploads\/2024\/04\/Concurso_Pericia_Oficial_AL_Foto_Ascom_Pericia_Oficial.jpg",500,236,false],"1536x1536":["https:\/\/blogopara.com.br\/wp-content\/uploads\/2024\/04\/Concurso_Pericia_Oficial_AL_Foto_Ascom_Pericia_Oficial.jpg",500,236,false],"2048x2048":["https:\/\/blogopara.com.br\/wp-content\/uploads\/2024\/04\/Concurso_Pericia_Oficial_AL_Foto_Ascom_Pericia_Oficial.jpg",500,236,false],"mantranews-slider-large":["https:\/\/blogopara.com.br\/wp-content\/uploads\/2024\/04\/Concurso_Pericia_Oficial_AL_Foto_Ascom_Pericia_Oficial.jpg",500,236,false],"mantranews-featured-medium":["https:\/\/blogopara.com.br\/wp-content\/uploads\/2024\/04\/Concurso_Pericia_Oficial_AL_Foto_Ascom_Pericia_Oficial-420x236.jpg",420,236,true],"mantranews-featured-long":["https:\/\/blogopara.com.br\/wp-content\/uploads\/2024\/04\/Concurso_Pericia_Oficial_AL_Foto_Ascom_Pericia_Oficial-300x236.jpg",300,236,true],"mantranews-block-medium":["https:\/\/blogopara.com.br\/wp-content\/uploads\/2024\/04\/Concurso_Pericia_Oficial_AL_Foto_Ascom_Pericia_Oficial-464x236.jpg",464,236,true],"mantranews-carousel-image":["https:\/\/blogopara.com.br\/wp-content\/uploads\/2024\/04\/Concurso_Pericia_Oficial_AL_Foto_Ascom_Pericia_Oficial.jpg",500,236,false],"mantranews-block-thumb":["https:\/\/blogopara.com.br\/wp-content\/uploads\/2024\/04\/Concurso_Pericia_Oficial_AL_Foto_Ascom_Pericia_Oficial-322x230.jpg",322,230,true],"mantranews-single-large":["https:\/\/blogopara.com.br\/wp-content\/uploads\/2024\/04\/Concurso_Pericia_Oficial_AL_Foto_Ascom_Pericia_Oficial.jpg",500,236,false]},"uagb_author_info":{"display_name":"Reda\u00e7\u00e3o geral","author_link":"https:\/\/blogopara.com.br\/index.php\/author\/blogopara"},"uagb_comment_info":0,"uagb_excerpt":"O Governo de Pernambuco divulgou, no Di\u00e1rio Oficial do Estado o edital do concurso p\u00fablico da Pol\u00edcia Cient\u00edfica de Pernambuco, com 213 vagas. O documento contendo as informa\u00e7\u00f5es da sele\u00e7\u00e3o tamb\u00e9m estar\u00e1 dispon\u00edvel no site do Instituto AOCP, banca organizadora do certame, no www.institutoaocp.org.br. As inscri\u00e7\u00f5es podem ser realizadas a partir desta segunda-feira (29) e&hellip;","jetpack_sharing_enabled":true,"jetpack_likes_enabled":true,"_links":{"self":[{"href":"https:\/\/blogopara.com.br\/index.php\/wp-json\/wp\/v2\/posts\/64517","targetHints":{"allow":["GET"]}}],"collection":[{"href":"https:\/\/blogopara.com.br\/index.php\/wp-json\/wp\/v2\/posts"}],"about":[{"href":"https:\/\/blogopara.com.br\/index.php\/wp-json\/wp\/v2\/types\/post"}],"author":[{"embeddable":true,"href":"https:\/\/blogopara.com.br\/index.php\/wp-json\/wp\/v2\/users\/1"}],"replies":[{"embeddable":true,"href":"https:\/\/blogopara.com.br\/index.php\/wp-json\/wp\/v2\/comments?post=64517"}],"version-history":[{"count":1,"href":"https:\/\/blogopara.com.br\/index.php\/wp-json\/wp\/v2\/posts\/64517\/revisions"}],"predecessor-version":[{"id":64519,"href":"https:\/\/blogopara.com.br\/index.php\/wp-json\/wp\/v2\/posts\/64517\/revisions\/64519"}],"wp:featuredmedia":[{"embeddable":true,"href":"https:\/\/blogopara.com.br\/index.php\/wp-json\/wp\/v2\/media\/64518"}],"wp:attachment":[{"href":"https:\/\/blogopara.com.br\/index.php\/wp-json\/wp\/v2\/media?parent=64517"}],"wp:term":[{"taxonomy":"category","embeddable":true,"href":"https:\/\/blogopara.com.br\/index.php\/wp-json\/wp\/v2\/categories?post=64517"},{"taxonomy":"post_tag","embeddable":true,"href":"https:\/\/blogopara.com.br\/index.php\/wp-json\/wp\/v2\/tags?post=64517"}],"curies":[{"name":"wp","href":"https:\/\/api.w.org\/{rel}","templated":true}]}}