{"id":64540,"date":"2024-04-30T08:40:07","date_gmt":"2024-04-30T11:40:07","guid":{"rendered":"https:\/\/blogopara.com.br\/?p=64540"},"modified":"2024-04-30T08:40:10","modified_gmt":"2024-04-30T11:40:10","slug":"neurocirurgiao-alerta-para-os-perigos-da-hernia-de-disco-uma-doenca-que-afeta-54-milhoes-de-brasileiros","status":"publish","type":"post","link":"https:\/\/blogopara.com.br\/index.php\/2024\/04\/30\/neurocirurgiao-alerta-para-os-perigos-da-hernia-de-disco-uma-doenca-que-afeta-54-milhoes-de-brasileiros","title":{"rendered":"Neurocirurgi\u00e3o alerta para os perigos da h\u00e9rnia de disco, uma doen\u00e7a que afeta 5,4 milh\u00f5es de brasileiros"},"content":{"rendered":"<div dir=\"auto\" style=\"text-align: justify;\">A h\u00e9rnia de disco \u00e9 uma doen\u00e7a que afeta aproximadamente 5,4 milh\u00f5es de brasileiros, segundo dados do Instituto Brasileiro de Geografia e Estat\u00edstica (IBGE). Dor nas costas, formigamento, dorm\u00eancia, fraqueza muscular e complica\u00e7\u00f5es neurol\u00f3gicas s\u00e3o apenas alguns sintomas apresentados. Para falar sobre este tema que afeta tantos indiv\u00edduos, o neurocirurgi\u00e3o, Allan Fran\u00e7a, da Faculdade Est\u00e1cio de Juazeiro, vinculada ao Instituto de Educa\u00e7\u00e3o M\u00e9dica (IDOMED), esclarece as principais informa\u00e7\u00f5es sobre a condi\u00e7\u00e3o.<\/div>\n<div dir=\"auto\" style=\"text-align: justify;\"><\/div>\n<div dir=\"auto\" style=\"text-align: justify;\">Segundo, Allan Fran\u00e7a, a h\u00e9rnia de disco acontece quando o material macio e gelatinoso, localizado no interior de um disco intervertebral chamado de n\u00facleo pulposo, se desloca para fora do disco. &#8220;Isso acontece quando h\u00e1 uma ruptura ou fissura na parte externa do disco, conhecida como anel fibroso. Quando essa ruptura ocorre, parte do n\u00facleo pulposo pode se projetar para fora, pressionando estruturas pr\u00f3ximas, como os nervos da coluna vertebral&#8221;, explica o especialista.<\/div>\n<div dir=\"auto\" style=\"text-align: justify;\"><\/div>\n<div dir=\"auto\" style=\"text-align: justify;\">O m\u00e9dico tamb\u00e9m destaca os principais fatores de risco associados. O desgaste relacionado \u00e0 idade \u00e9 uma das causas comuns, \u00e0 medida que os discos intervertebrais tendem a perder elasticidade e tornar-se mais propensos a danos com o passar dos anos. Movimentos repetitivos, especialmente aqueles que envolvem levantar objetos pesados ou tor\u00e7\u00f5es frequentes da coluna, tamb\u00e9m podem contribuir para o desgaste dos discos e aumentar o risco de h\u00e9rnia de disco. Al\u00e9m disso, les\u00f5es agudas, como um trauma na coluna vertebral devido a um acidente, podem causar danos diretos aos discos, levando \u00e0 forma\u00e7\u00e3o de uma h\u00e9rnia&#8221;, pontua Fran\u00e7a.<\/div>\n<div dir=\"auto\" style=\"text-align: justify;\"><\/div>\n<div dir=\"auto\" style=\"text-align: justify;\">Quanto aos sintomas, o neurocirurgi\u00e3o menciona que os pacientes com h\u00e9rnia de disco geralmente apresentam dor nas costas que pode irradiar para as pernas ou bra\u00e7os, formigamento, dorm\u00eancia, fraqueza muscular e, em casos mais graves, dificuldade para controlar os movimentos.<\/div>\n<div dir=\"auto\" style=\"text-align: justify;\"><\/div>\n<div dir=\"auto\" style=\"text-align: justify;\">O diagn\u00f3stico da h\u00e9rnia de disco \u00e9 baseado na hist\u00f3ria cl\u00ednica, exame f\u00edsico e frequentemente em exames de imagem, como resson\u00e2ncia magn\u00e9tica ou tomografia computadorizada.<\/div>\n<div dir=\"auto\" style=\"text-align: justify;\"><\/div>\n<div dir=\"auto\" style=\"text-align: justify;\">\u00a0&#8220;Para diagnosticar uma h\u00e9rnia de disco, realizamos uma avalia\u00e7\u00e3o abrangente que inclui hist\u00f3ria cl\u00ednica detalhada e exame f\u00edsico. Durante a consulta, investigamos os sintomas do paciente, como localiza\u00e7\u00e3o da dor, formigamento ou fraqueza, e buscamos entender fatores desencadeantes, como movimentos espec\u00edficos ou hist\u00f3rico de les\u00f5es na coluna&#8221;, ressalta.<\/div>\n<div dir=\"auto\" style=\"text-align: justify;\"><\/div>\n<div dir=\"auto\" style=\"text-align: justify;\">\u00a0\u201cO exame de imagem mais utilizado \u00e9 a resson\u00e2ncia magn\u00e9tica, que nos fornece imagens detalhadas dos discos intervertebrais e tecidos circundantes. Isso nos permite visualizar claramente se h\u00e1 uma h\u00e9rnia de disco, sua localiza\u00e7\u00e3o e gravidade. Em alguns casos espec\u00edficos, podemos recorrer \u00e0 tomografia computadorizada para avalia\u00e7\u00e3o adicional&#8221;, complementa o m\u00e9dico.<\/div>\n<div dir=\"auto\" style=\"text-align: justify;\"><\/div>\n<div dir=\"auto\" style=\"text-align: justify;\">Sobre a indica\u00e7\u00e3o de cirurgia, Allan Fran\u00e7a esclarece que esta \u00e9 considerada quando os sintomas n\u00e3o melhoram com tratamentos conservadores, como repouso, fisioterapia e medicamentos. &#8220;Casos de compress\u00e3o grave de nervos ou d\u00e9ficits neurol\u00f3gicos podem requerer interven\u00e7\u00e3o cir\u00fargica&#8221;, afirma o m\u00e9dico. No entanto, ele ressalta que a maioria dos casos de h\u00e9rnia de disco pode ser tratada com sucesso sem a necessidade de cirurgia.<\/div>\n","protected":false},"excerpt":{"rendered":"<p>M\u00e9dico aborda condi\u00e7\u00e3o e explica sintomas, diagn\u00f3stico e tratamento para pessoas que lidam com essa condi\u00e7\u00e3o\u00a0<\/p>\n","protected":false},"author":1,"featured_media":64541,"comment_status":"closed","ping_status":"open","sticky":false,"template":"","format":"standard","meta":{"_uag_custom_page_level_css":"","_monsterinsights_skip_tracking":false,"_monsterinsights_sitenote_active":false,"_monsterinsights_sitenote_note":"","_monsterinsights_sitenote_category":0,"jetpack_post_was_ever_published":false,"_jetpack_newsletter_access":"","_jetpack_dont_email_post_to_subs":false,"_jetpack_newsletter_tier_id":0,"_jetpack_memberships_contains_paywalled_content":false,"_jetpack_memberships_contains_paid_content":false,"footnotes":"","jetpack_publicize_message":"","jetpack_publicize_feature_enabled":true,"jetpack_social_post_already_shared":true,"jetpack_social_options":{"image_generator_settings":{"template":"highway","default_image_id":0,"font":"","enabled":false},"version":2}},"categories":[205],"tags":[11525,4687,815],"class_list":["post-64540","post","type-post","status-publish","format-standard","has-post-thumbnail","hentry","category-saude","tag-sus-2","tag-saude-mental","tag-saude-publica"],"jetpack_publicize_connections":[],"jetpack_featured_media_url":"https:\/\/blogopara.com.br\/wp-content\/uploads\/2024\/04\/thumbnail_Neurocirugiao-Allan-Franca.jpg","uagb_featured_image_src":{"full":["https:\/\/blogopara.com.br\/wp-content\/uploads\/2024\/04\/thumbnail_Neurocirugiao-Allan-Franca.jpg",500,360,false],"thumbnail":["https:\/\/blogopara.com.br\/wp-content\/uploads\/2024\/04\/thumbnail_Neurocirugiao-Allan-Franca-150x150.jpg",150,150,true],"medium":["https:\/\/blogopara.com.br\/wp-content\/uploads\/2024\/04\/thumbnail_Neurocirugiao-Allan-Franca-300x216.jpg",300,216,true],"medium_large":["https:\/\/blogopara.com.br\/wp-content\/uploads\/2024\/04\/thumbnail_Neurocirugiao-Allan-Franca.jpg",500,360,false],"large":["https:\/\/blogopara.com.br\/wp-content\/uploads\/2024\/04\/thumbnail_Neurocirugiao-Allan-Franca.jpg",500,360,false],"1536x1536":["https:\/\/blogopara.com.br\/wp-content\/uploads\/2024\/04\/thumbnail_Neurocirugiao-Allan-Franca.jpg",500,360,false],"2048x2048":["https:\/\/blogopara.com.br\/wp-content\/uploads\/2024\/04\/thumbnail_Neurocirugiao-Allan-Franca.jpg",500,360,false],"mantranews-slider-large":["https:\/\/blogopara.com.br\/wp-content\/uploads\/2024\/04\/thumbnail_Neurocirugiao-Allan-Franca.jpg",500,360,false],"mantranews-featured-medium":["https:\/\/blogopara.com.br\/wp-content\/uploads\/2024\/04\/thumbnail_Neurocirugiao-Allan-Franca-420x307.jpg",420,307,true],"mantranews-featured-long":["https:\/\/blogopara.com.br\/wp-content\/uploads\/2024\/04\/thumbnail_Neurocirugiao-Allan-Franca-300x360.jpg",300,360,true],"mantranews-block-medium":["https:\/\/blogopara.com.br\/wp-content\/uploads\/2024\/04\/thumbnail_Neurocirugiao-Allan-Franca-464x290.jpg",464,290,true],"mantranews-carousel-image":["https:\/\/blogopara.com.br\/wp-content\/uploads\/2024\/04\/thumbnail_Neurocirugiao-Allan-Franca.jpg",500,360,false],"mantranews-block-thumb":["https:\/\/blogopara.com.br\/wp-content\/uploads\/2024\/04\/thumbnail_Neurocirugiao-Allan-Franca-322x230.jpg",322,230,true],"mantranews-single-large":["https:\/\/blogopara.com.br\/wp-content\/uploads\/2024\/04\/thumbnail_Neurocirugiao-Allan-Franca.jpg",500,360,false]},"uagb_author_info":{"display_name":"Reda\u00e7\u00e3o geral","author_link":"https:\/\/blogopara.com.br\/index.php\/author\/blogopara"},"uagb_comment_info":0,"uagb_excerpt":"M\u00e9dico aborda condi\u00e7\u00e3o e explica sintomas, diagn\u00f3stico e tratamento para pessoas que lidam com essa condi\u00e7\u00e3o\u00a0","jetpack_sharing_enabled":true,"jetpack_likes_enabled":true,"_links":{"self":[{"href":"https:\/\/blogopara.com.br\/index.php\/wp-json\/wp\/v2\/posts\/64540","targetHints":{"allow":["GET"]}}],"collection":[{"href":"https:\/\/blogopara.com.br\/index.php\/wp-json\/wp\/v2\/posts"}],"about":[{"href":"https:\/\/blogopara.com.br\/index.php\/wp-json\/wp\/v2\/types\/post"}],"author":[{"embeddable":true,"href":"https:\/\/blogopara.com.br\/index.php\/wp-json\/wp\/v2\/users\/1"}],"replies":[{"embeddable":true,"href":"https:\/\/blogopara.com.br\/index.php\/wp-json\/wp\/v2\/comments?post=64540"}],"version-history":[{"count":1,"href":"https:\/\/blogopara.com.br\/index.php\/wp-json\/wp\/v2\/posts\/64540\/revisions"}],"predecessor-version":[{"id":64542,"href":"https:\/\/blogopara.com.br\/index.php\/wp-json\/wp\/v2\/posts\/64540\/revisions\/64542"}],"wp:featuredmedia":[{"embeddable":true,"href":"https:\/\/blogopara.com.br\/index.php\/wp-json\/wp\/v2\/media\/64541"}],"wp:attachment":[{"href":"https:\/\/blogopara.com.br\/index.php\/wp-json\/wp\/v2\/media?parent=64540"}],"wp:term":[{"taxonomy":"category","embeddable":true,"href":"https:\/\/blogopara.com.br\/index.php\/wp-json\/wp\/v2\/categories?post=64540"},{"taxonomy":"post_tag","embeddable":true,"href":"https:\/\/blogopara.com.br\/index.php\/wp-json\/wp\/v2\/tags?post=64540"}],"curies":[{"name":"wp","href":"https:\/\/api.w.org\/{rel}","templated":true}]}}