{"id":64551,"date":"2024-04-30T09:03:52","date_gmt":"2024-04-30T12:03:52","guid":{"rendered":"https:\/\/blogopara.com.br\/?p=64551"},"modified":"2024-04-30T09:03:55","modified_gmt":"2024-04-30T12:03:55","slug":"professores-da-rede-estadual-da-bahia-rejeitam-proposta-do-estado-e-aprovam-paralisacao","status":"publish","type":"post","link":"https:\/\/blogopara.com.br\/index.php\/2024\/04\/30\/professores-da-rede-estadual-da-bahia-rejeitam-proposta-do-estado-e-aprovam-paralisacao","title":{"rendered":"Professores da rede estadual da Bahia rejeitam proposta do Estado e aprovam paralisa\u00e7\u00e3o"},"content":{"rendered":"<p style=\"text-align: justify;\">Professores da rede estadual aprovaram, na manh\u00e3 desta quinta-feira (25), uma paralisa\u00e7\u00e3o de 48 horas para a pr\u00f3xima segunda-feira (29) e ter\u00e7a-feira (30), durante assembleias regionais realizadas em todo o estado.<\/p>\n<p style=\"text-align: justify;\">Segundo o Sindicato dos Trabalhadores em Educa\u00e7\u00e3o do Estado da Bahia (APLB), que representa a categoria e organizou as assembleias, mais de 90% dos trabalhadores da rede estadual de Educa\u00e7\u00e3o rejeitaram a proposta de reajuste do Governo da Bahia de 5,69%, com pagamento fracionado.<\/p>\n<p style=\"text-align: justify;\">As assembleias tamb\u00e9m aprovaram a realiza\u00e7\u00e3o de uma manifesta\u00e7\u00e3o na segunda-feira (29), \u00e0s 9h, no COI da Secretaria Estadual de Seguran\u00e7a P\u00fablica (SSP-BA), no Centro Administrativo da Bahia (CAB), em Salvador. A atividade ser\u00e1 em conjunto com a Federa\u00e7\u00e3o de Entidades de Servidores P\u00fablicos do Estado (Fespeba), que inclui, al\u00e9m da nossa entidade, o Sindsa\u00fade, Sinpojud, Sindpoc, Sindsefaz, Sinspeb, Sintest e o Sincontas.<\/p>\n<p style=\"text-align: justify;\">As regi\u00f5es do Rec\u00f4ncavo baiano, Leste, Serrana, Nordeste, Sudoeste, Litoral Norte, Oeste, S\u00e3o Francisco, Cacaueira, Sul, Diamantina, Sul, Centro Oeste, Noroeste, Sert\u00e3o, Sisaleira, Norte, Diamantina Norte e Chapada do Oeste aprovaram a paralisa\u00e7\u00e3o nos dias 29 e 30, com manifesta\u00e7\u00e3o nos N\u00facleos Territoriais de Educa\u00e7\u00e3o (NTEs) de cada regi\u00e3o. J\u00e1 a regi\u00e3o Metropolitana prop\u00f4s in\u00edcio da paralisa\u00e7\u00e3o, a partir desta quinta-feira (25).<\/p>\n<p style=\"text-align: justify;\">A Secretaria de Educa\u00e7\u00e3o do Estado (SEC) informou que\u00a0&#8220;tem um dialogo aberto e respeitoso com a APLB Sindicato e reitera que respeita o direito \u00e0 livre manifesta\u00e7\u00e3o dos professores&#8221;, diz a nota. A SEC ainda destacou que continua aberta ao processo de escuta e di\u00e1logo com a categoria.<\/p>\n<p style=\"text-align: justify;\">\n<div>\n<div id=\"denakop-auto-intext-26ade6e5-1474-4d01-b3fd-06674d66f88c\" style=\"text-align: justify;\" data-google-query-id=\"CIKRhc3v6YUDFcJc3QIdR-gHhg\"><\/div>\n<\/div>\n","protected":false},"excerpt":{"rendered":"<p>Professores da rede estadual aprovaram, na manh\u00e3 desta quinta-feira (25), uma paralisa\u00e7\u00e3o de 48 horas para a pr\u00f3xima segunda-feira (29) e ter\u00e7a-feira (30), durante assembleias regionais realizadas em todo o estado. Segundo o Sindicato dos Trabalhadores em Educa\u00e7\u00e3o do Estado da Bahia (APLB), que representa a categoria e organizou as assembleias, mais de 90% dos [&hellip;]<\/p>\n","protected":false},"author":1,"featured_media":28292,"comment_status":"closed","ping_status":"open","sticky":false,"template":"","format":"standard","meta":{"_uag_custom_page_level_css":"","_monsterinsights_skip_tracking":false,"_monsterinsights_sitenote_active":false,"_monsterinsights_sitenote_note":"","_monsterinsights_sitenote_category":0,"jetpack_post_was_ever_published":false,"_jetpack_newsletter_access":"","_jetpack_dont_email_post_to_subs":false,"_jetpack_newsletter_tier_id":0,"_jetpack_memberships_contains_paywalled_content":false,"_jetpack_memberships_contains_paid_content":false,"footnotes":"","jetpack_publicize_message":"","jetpack_publicize_feature_enabled":true,"jetpack_social_post_already_shared":true,"jetpack_social_options":{"image_generator_settings":{"template":"highway","default_image_id":0,"font":"","enabled":false},"version":2}},"categories":[199],"tags":[8075,2020,10136],"class_list":["post-64551","post","type-post","status-publish","format-standard","has-post-thumbnail","hentry","category-bahia","tag-jeronimo-rodrigues","tag-mobilizacao","tag-pt-da-bahia"],"jetpack_publicize_connections":[],"jetpack_featured_media_url":"https:\/\/blogopara.com.br\/wp-content\/uploads\/2021\/09\/professorSalario.jpeg","uagb_featured_image_src":{"full":["https:\/\/blogopara.com.br\/wp-content\/uploads\/2021\/09\/professorSalario.jpeg",500,292,false],"thumbnail":["https:\/\/blogopara.com.br\/wp-content\/uploads\/2021\/09\/professorSalario-150x150.jpeg",150,150,true],"medium":["https:\/\/blogopara.com.br\/wp-content\/uploads\/2021\/09\/professorSalario-300x175.jpeg",300,175,true],"medium_large":["https:\/\/blogopara.com.br\/wp-content\/uploads\/2021\/09\/professorSalario.jpeg",500,292,false],"large":["https:\/\/blogopara.com.br\/wp-content\/uploads\/2021\/09\/professorSalario.jpeg",500,292,false],"1536x1536":["https:\/\/blogopara.com.br\/wp-content\/uploads\/2021\/09\/professorSalario.jpeg",500,292,false],"2048x2048":["https:\/\/blogopara.com.br\/wp-content\/uploads\/2021\/09\/professorSalario.jpeg",500,292,false],"mantranews-slider-large":["https:\/\/blogopara.com.br\/wp-content\/uploads\/2021\/09\/professorSalario.jpeg",500,292,false],"mantranews-featured-medium":["https:\/\/blogopara.com.br\/wp-content\/uploads\/2021\/09\/professorSalario-420x292.jpeg",420,292,true],"mantranews-featured-long":["https:\/\/blogopara.com.br\/wp-content\/uploads\/2021\/09\/professorSalario-300x292.jpeg",300,292,true],"mantranews-block-medium":["https:\/\/blogopara.com.br\/wp-content\/uploads\/2021\/09\/professorSalario-464x290.jpeg",464,290,true],"mantranews-carousel-image":["https:\/\/blogopara.com.br\/wp-content\/uploads\/2021\/09\/professorSalario.jpeg",500,292,false],"mantranews-block-thumb":["https:\/\/blogopara.com.br\/wp-content\/uploads\/2021\/09\/professorSalario-322x230.jpeg",322,230,true],"mantranews-single-large":["https:\/\/blogopara.com.br\/wp-content\/uploads\/2021\/09\/professorSalario.jpeg",500,292,false]},"uagb_author_info":{"display_name":"Reda\u00e7\u00e3o geral","author_link":"https:\/\/blogopara.com.br\/index.php\/author\/blogopara"},"uagb_comment_info":0,"uagb_excerpt":"Professores da rede estadual aprovaram, na manh\u00e3 desta quinta-feira (25), uma paralisa\u00e7\u00e3o de 48 horas para a pr\u00f3xima segunda-feira (29) e ter\u00e7a-feira (30), durante assembleias regionais realizadas em todo o estado. Segundo o Sindicato dos Trabalhadores em Educa\u00e7\u00e3o do Estado da Bahia (APLB), que representa a categoria e organizou as assembleias, mais de 90% dos&hellip;","jetpack_sharing_enabled":true,"jetpack_likes_enabled":true,"_links":{"self":[{"href":"https:\/\/blogopara.com.br\/index.php\/wp-json\/wp\/v2\/posts\/64551","targetHints":{"allow":["GET"]}}],"collection":[{"href":"https:\/\/blogopara.com.br\/index.php\/wp-json\/wp\/v2\/posts"}],"about":[{"href":"https:\/\/blogopara.com.br\/index.php\/wp-json\/wp\/v2\/types\/post"}],"author":[{"embeddable":true,"href":"https:\/\/blogopara.com.br\/index.php\/wp-json\/wp\/v2\/users\/1"}],"replies":[{"embeddable":true,"href":"https:\/\/blogopara.com.br\/index.php\/wp-json\/wp\/v2\/comments?post=64551"}],"version-history":[{"count":1,"href":"https:\/\/blogopara.com.br\/index.php\/wp-json\/wp\/v2\/posts\/64551\/revisions"}],"predecessor-version":[{"id":64553,"href":"https:\/\/blogopara.com.br\/index.php\/wp-json\/wp\/v2\/posts\/64551\/revisions\/64553"}],"wp:featuredmedia":[{"embeddable":true,"href":"https:\/\/blogopara.com.br\/index.php\/wp-json\/wp\/v2\/media\/28292"}],"wp:attachment":[{"href":"https:\/\/blogopara.com.br\/index.php\/wp-json\/wp\/v2\/media?parent=64551"}],"wp:term":[{"taxonomy":"category","embeddable":true,"href":"https:\/\/blogopara.com.br\/index.php\/wp-json\/wp\/v2\/categories?post=64551"},{"taxonomy":"post_tag","embeddable":true,"href":"https:\/\/blogopara.com.br\/index.php\/wp-json\/wp\/v2\/tags?post=64551"}],"curies":[{"name":"wp","href":"https:\/\/api.w.org\/{rel}","templated":true}]}}