{"id":64660,"date":"2024-05-03T18:54:21","date_gmt":"2024-05-03T21:54:21","guid":{"rendered":"https:\/\/blogopara.com.br\/?p=64660"},"modified":"2024-05-03T18:54:24","modified_gmt":"2024-05-03T21:54:24","slug":"alexandre-de-moraes-manda-soltar-mauro-cid","status":"publish","type":"post","link":"https:\/\/blogopara.com.br\/index.php\/2024\/05\/03\/alexandre-de-moraes-manda-soltar-mauro-cid","title":{"rendered":"Alexandre de Moraes manda soltar Mauro Cid"},"content":{"rendered":"<p style=\"text-align: justify;\">O ministro do\u00a0Supremo Tribunal Federal (STF)\u00a0Alexandre de Moraes concedeu liberdade ao tenente-coronel Mauro Cid, ex-ajudante de ordens de Jair Bolsonaro. Cid deve ser solto ainda nesta sexta-feira (3\/5). A informa\u00e7\u00e3o foi confirmada por\u00a0Igor Gadelha, colunista do\u00a0<strong>Metr\u00f3poles<\/strong>.<\/p>\n<p style=\"text-align: justify;\" data-gtm-vis-recent-on-screen104869357_94=\"186320\" data-gtm-vis-first-on-screen104869357_94=\"186320\" data-gtm-vis-total-visible-time104869357_94=\"100\" data-gtm-vis-has-fired104869357_94=\"1\">A decis\u00e3o do ministro mant\u00e9m a colabora\u00e7\u00e3o premiada.\u00a0Mauro Cid foi preso em 22 de mar\u00e7o durante depoimento \u00e0 Pol\u00edcia Federal (PF), ap\u00f3s vazamento de \u00e1udios em que atacava o STF.<\/p>\n<div class=\"m-carousel-post\" style=\"text-align: justify;\" data-gtm-vis-recent-on-screen104869357_189=\"186419\" data-gtm-vis-first-on-screen104869357_189=\"186419\" data-gtm-vis-total-visible-time104869357_189=\"100\" data-gtm-vis-has-fired104869357_189=\"1\">\n<div class=\"siema m-siema-single-item rendered\">\n<div>\n<div>\n<div class=\"siema-item\">\n<div class=\"m-image-carousel\">\n<p>Ele foi ouvido por cerca de 30 minutos pelo desembargador Airton Vieira, juiz instrutor do gabinete de Moraes. Cid teria desmaiado depois que foi informado de que seria preso.<\/p>\n<div class=\"m-banner-wrap m-banner-rectangle m-publicity-content-middle\">\n<p>No dia da pris\u00e3o, o STF comunicou que, \u201cap\u00f3s o t\u00e9rmino da audi\u00eancia de confirma\u00e7\u00e3o dos termos da colabora\u00e7\u00e3o premiada, foi cumprido mandado de pris\u00e3o preventiva expedido pelo ministro Alexandre de Moraes contra Mauro Cid por descumprimento das medidas cautelares e por obstru\u00e7\u00e3o \u00e0 Justi\u00e7a\u201d.<\/p>\n<p>Os a\u00fadios em que o ex-ajudante de ordens de Jair Bolsonaro aparece criticando o ministro Alexandre de Moraes\u00a0foram divulgados pela revista Veja.<\/p>\n<p>No material, Cid afirma que a PF est\u00e1 com a \u201cnarrativa pronta\u201d e que os investigadores \u201cn\u00e3o queriam saber a verdade\u201d. Ele tamb\u00e9m critica o ministro Alexandre de Moraes, dizendo que o magistrado j\u00e1 tem \u201csenten\u00e7a pronta\u201d.<\/p>\n<h4>Fraude em cart\u00f5es de vacina<\/h4>\n<p>A Pol\u00edcia Federal (PF) indiciou uma s\u00e9rie de pessoas ligadas \u00e0 fraude e inser\u00e7\u00e3o de dados falsos em cart\u00f5es de vacina\u00e7\u00e3o da Covid-19. Entre elas Bolsonaro (PL); o tenente-coronel Mauro Cesar Barbosa Cid; e o deputado federal Gutemberg Reis (MDB-RJ).<\/p>\n<p>Mauro Cesar Barbosa Cid confirmou \u00e0 PF que o ex-presidente Jair Bolsonaro (PL) teria ordenado a inclus\u00e3o de dados da imuniza\u00e7\u00e3o\u00a0contra a Covid-19 nos cart\u00f5es de vacina dele e da filha, Laura Firmo Bolsonaro.<\/p>\n<h4>Caso das joias sauditas<\/h4>\n<p>Mauro Cid tamb\u00e9m \u00e9 investigado pela Pol\u00edcia Federal no caso da venda das joias sauditas. A suspeita \u00e9 de que os itens foram desviados do patrim\u00f4nio p\u00fablico brasileiro. As pe\u00e7as foram dadas de presente ao ent\u00e3o presidente Jair Bolsonaro durante seu mandato.\u00a0Cid levou diversos itens de luxo para os Estados Unidos no fim de dezembro de 2022,\u00a0quando acompanhou Bolsonaro em viagem ao pa\u00eds.<\/p>\n<p>Em 11 de agosto do ano passado, aliados e auxiliares de Bolsonaro foram alvo de a\u00e7\u00e3o da\u00a0PF no caso das joias. S\u00e3o eles: o general da reserva Mauro Cesar Lourena Cid, o ex-ajudante de ordens e tenente-coronel Mauro Cid, o advogado da fam\u00edlia Bolsonaro Frederick Wassef e o segundo-tenente Osmar Crivelatti.<\/p>\n<\/div>\n<\/div>\n<\/div>\n<\/div>\n<\/div>\n<\/div>\n<\/div>\n<div class=\"m-banner-wrap m-banner-rectangle m-publicity-content-middle\" style=\"text-align: justify;\"><\/div>\n","protected":false},"excerpt":{"rendered":"<p>O ministro do\u00a0Supremo Tribunal Federal (STF)\u00a0Alexandre de Moraes concedeu liberdade ao tenente-coronel Mauro Cid, ex-ajudante de ordens de Jair Bolsonaro. Cid deve ser solto ainda nesta sexta-feira (3\/5). A informa\u00e7\u00e3o foi confirmada por\u00a0Igor Gadelha, colunista do\u00a0Metr\u00f3poles. A decis\u00e3o do ministro mant\u00e9m a colabora\u00e7\u00e3o premiada.\u00a0Mauro Cid foi preso em 22 de mar\u00e7o durante depoimento \u00e0 Pol\u00edcia [&hellip;]<\/p>\n","protected":false},"author":1,"featured_media":53797,"comment_status":"closed","ping_status":"open","sticky":false,"template":"","format":"standard","meta":{"_uag_custom_page_level_css":"","_monsterinsights_skip_tracking":false,"_monsterinsights_sitenote_active":false,"_monsterinsights_sitenote_note":"","_monsterinsights_sitenote_category":0,"jetpack_post_was_ever_published":false,"_jetpack_newsletter_access":"","_jetpack_dont_email_post_to_subs":false,"_jetpack_newsletter_tier_id":0,"_jetpack_memberships_contains_paywalled_content":false,"_jetpack_memberships_contains_paid_content":false,"footnotes":"","jetpack_publicize_message":"","jetpack_publicize_feature_enabled":true,"jetpack_social_post_already_shared":true,"jetpack_social_options":{"image_generator_settings":{"template":"highway","default_image_id":0,"font":"","enabled":false},"version":2}},"categories":[200],"tags":[],"class_list":["post-64660","post","type-post","status-publish","format-standard","has-post-thumbnail","hentry","category-brasil"],"jetpack_publicize_connections":[],"jetpack_featured_media_url":"https:\/\/blogopara.com.br\/wp-content\/uploads\/2023\/06\/mauro-cid2.jpg","uagb_featured_image_src":{"full":["https:\/\/blogopara.com.br\/wp-content\/uploads\/2023\/06\/mauro-cid2.jpg",500,332,false],"thumbnail":["https:\/\/blogopara.com.br\/wp-content\/uploads\/2023\/06\/mauro-cid2-150x150.jpg",150,150,true],"medium":["https:\/\/blogopara.com.br\/wp-content\/uploads\/2023\/06\/mauro-cid2-300x199.jpg",300,199,true],"medium_large":["https:\/\/blogopara.com.br\/wp-content\/uploads\/2023\/06\/mauro-cid2.jpg",500,332,false],"large":["https:\/\/blogopara.com.br\/wp-content\/uploads\/2023\/06\/mauro-cid2.jpg",500,332,false],"1536x1536":["https:\/\/blogopara.com.br\/wp-content\/uploads\/2023\/06\/mauro-cid2.jpg",500,332,false],"2048x2048":["https:\/\/blogopara.com.br\/wp-content\/uploads\/2023\/06\/mauro-cid2.jpg",500,332,false],"mantranews-slider-large":["https:\/\/blogopara.com.br\/wp-content\/uploads\/2023\/06\/mauro-cid2.jpg",500,332,false],"mantranews-featured-medium":["https:\/\/blogopara.com.br\/wp-content\/uploads\/2023\/06\/mauro-cid2-420x307.jpg",420,307,true],"mantranews-featured-long":["https:\/\/blogopara.com.br\/wp-content\/uploads\/2023\/06\/mauro-cid2-300x332.jpg",300,332,true],"mantranews-block-medium":["https:\/\/blogopara.com.br\/wp-content\/uploads\/2023\/06\/mauro-cid2-464x290.jpg",464,290,true],"mantranews-carousel-image":["https:\/\/blogopara.com.br\/wp-content\/uploads\/2023\/06\/mauro-cid2.jpg",500,332,false],"mantranews-block-thumb":["https:\/\/blogopara.com.br\/wp-content\/uploads\/2023\/06\/mauro-cid2-322x230.jpg",322,230,true],"mantranews-single-large":["https:\/\/blogopara.com.br\/wp-content\/uploads\/2023\/06\/mauro-cid2.jpg",500,332,false]},"uagb_author_info":{"display_name":"Reda\u00e7\u00e3o geral","author_link":"https:\/\/blogopara.com.br\/index.php\/author\/blogopara"},"uagb_comment_info":0,"uagb_excerpt":"O ministro do\u00a0Supremo Tribunal Federal (STF)\u00a0Alexandre de Moraes concedeu liberdade ao tenente-coronel Mauro Cid, ex-ajudante de ordens de Jair Bolsonaro. Cid deve ser solto ainda nesta sexta-feira (3\/5). A informa\u00e7\u00e3o foi confirmada por\u00a0Igor Gadelha, colunista do\u00a0Metr\u00f3poles. A decis\u00e3o do ministro mant\u00e9m a colabora\u00e7\u00e3o premiada.\u00a0Mauro Cid foi preso em 22 de mar\u00e7o durante depoimento \u00e0 Pol\u00edcia&hellip;","jetpack_sharing_enabled":true,"jetpack_likes_enabled":true,"_links":{"self":[{"href":"https:\/\/blogopara.com.br\/index.php\/wp-json\/wp\/v2\/posts\/64660","targetHints":{"allow":["GET"]}}],"collection":[{"href":"https:\/\/blogopara.com.br\/index.php\/wp-json\/wp\/v2\/posts"}],"about":[{"href":"https:\/\/blogopara.com.br\/index.php\/wp-json\/wp\/v2\/types\/post"}],"author":[{"embeddable":true,"href":"https:\/\/blogopara.com.br\/index.php\/wp-json\/wp\/v2\/users\/1"}],"replies":[{"embeddable":true,"href":"https:\/\/blogopara.com.br\/index.php\/wp-json\/wp\/v2\/comments?post=64660"}],"version-history":[{"count":1,"href":"https:\/\/blogopara.com.br\/index.php\/wp-json\/wp\/v2\/posts\/64660\/revisions"}],"predecessor-version":[{"id":64661,"href":"https:\/\/blogopara.com.br\/index.php\/wp-json\/wp\/v2\/posts\/64660\/revisions\/64661"}],"wp:featuredmedia":[{"embeddable":true,"href":"https:\/\/blogopara.com.br\/index.php\/wp-json\/wp\/v2\/media\/53797"}],"wp:attachment":[{"href":"https:\/\/blogopara.com.br\/index.php\/wp-json\/wp\/v2\/media?parent=64660"}],"wp:term":[{"taxonomy":"category","embeddable":true,"href":"https:\/\/blogopara.com.br\/index.php\/wp-json\/wp\/v2\/categories?post=64660"},{"taxonomy":"post_tag","embeddable":true,"href":"https:\/\/blogopara.com.br\/index.php\/wp-json\/wp\/v2\/tags?post=64660"}],"curies":[{"name":"wp","href":"https:\/\/api.w.org\/{rel}","templated":true}]}}