{"id":64718,"date":"2024-05-05T08:18:04","date_gmt":"2024-05-05T11:18:04","guid":{"rendered":"https:\/\/blogopara.com.br\/?p=64718"},"modified":"2024-05-05T08:18:07","modified_gmt":"2024-05-05T11:18:07","slug":"sistema-do-cadastro-unico-sera-suspenso-pelo-mds-nos-dias-6-e-7-de-maio","status":"publish","type":"post","link":"https:\/\/blogopara.com.br\/index.php\/2024\/05\/05\/sistema-do-cadastro-unico-sera-suspenso-pelo-mds-nos-dias-6-e-7-de-maio","title":{"rendered":"Sistema do Cadastro \u00danico ser\u00e1 suspenso pelo MDS nos dias 6 e 7 de maio"},"content":{"rendered":"<p class=\"x_MsoNormal\" style=\"text-align: justify;\">Nos dias 6 e 7 de maio, o sistema do Cadastro \u00danico ser\u00e1 fechado pelo Minist\u00e9rio do Desenvolvimento Social (MDS) e n\u00e3o ser\u00e1 poss\u00edvel acess\u00e1-lo em Juazeiro, assim como em todo o Brasil. Na quarta-feira (08), o sistema ser\u00e1 retomado, normalmente, para o atendimento \u00e0 popula\u00e7\u00e3o.<\/p>\n<p class=\"x_MsoNormal\" style=\"text-align: justify;\">De acordo com a gerente do Cadastro \u00danico em Juazeiro, Laurinete L\u00edcia, a suspens\u00e3o do atendimento acontecer\u00e1 em virtude de uma atualiza\u00e7\u00e3o do sistema. \u201cNesse per\u00edodo de suspens\u00e3o, o Minist\u00e9rio far\u00e1 o cruzamento de dados com o sistema Presen\u00e7a, ou seja, casos em que o respons\u00e1vel familiar realizou a matr\u00edcula de seus dependentes na escola e ainda n\u00e3o atualizou esses dados no sistema do Cadastro \u00danico, passar\u00e3o, agora, por uma atualiza\u00e7\u00e3o autom\u00e1tica, n\u00e3o sendo mais necess\u00e1ria a apresenta\u00e7\u00e3o da declara\u00e7\u00e3o escolar para inser\u00e7\u00e3o no sistema\u201d, explica.<\/p>\n<p class=\"x_MsoNormal\" style=\"text-align: justify;\">&#8212;<\/p>\n<p class=\"x_MsoNormal\" style=\"text-align: justify;\">Texto: Eneida Trindade \u2013 Ascom Sedes\/PMJ<\/p>\n","protected":false},"excerpt":{"rendered":"<p>Nos dias 6 e 7 de maio, o sistema do Cadastro \u00danico ser\u00e1 fechado pelo Minist\u00e9rio do Desenvolvimento Social (MDS) e n\u00e3o ser\u00e1 poss\u00edvel acess\u00e1-lo em Juazeiro, assim como em todo o Brasil. Na quarta-feira (08), o sistema ser\u00e1 retomado, normalmente, para o atendimento \u00e0 popula\u00e7\u00e3o. De acordo com a gerente do Cadastro \u00danico em [&hellip;]<\/p>\n","protected":false},"author":1,"featured_media":64719,"comment_status":"open","ping_status":"open","sticky":false,"template":"","format":"standard","meta":{"_uag_custom_page_level_css":"","_monsterinsights_skip_tracking":false,"_monsterinsights_sitenote_active":false,"_monsterinsights_sitenote_note":"","_monsterinsights_sitenote_category":0,"jetpack_post_was_ever_published":false,"_jetpack_newsletter_access":"","_jetpack_dont_email_post_to_subs":false,"_jetpack_newsletter_tier_id":0,"_jetpack_memberships_contains_paywalled_content":false,"_jetpack_memberships_contains_paid_content":false,"footnotes":"","jetpack_publicize_message":"","jetpack_publicize_feature_enabled":true,"jetpack_social_post_already_shared":true,"jetpack_social_options":{"image_generator_settings":{"template":"highway","default_image_id":0,"font":"","enabled":false},"version":2}},"categories":[203],"tags":[],"class_list":["post-64718","post","type-post","status-publish","format-standard","has-post-thumbnail","hentry","category-juazeiro"],"jetpack_publicize_connections":[],"jetpack_featured_media_url":"https:\/\/blogopara.com.br\/wp-content\/uploads\/2024\/05\/thumbnail_Cadastro-Unico.jpg","uagb_featured_image_src":{"full":["https:\/\/blogopara.com.br\/wp-content\/uploads\/2024\/05\/thumbnail_Cadastro-Unico.jpg",500,333,false],"thumbnail":["https:\/\/blogopara.com.br\/wp-content\/uploads\/2024\/05\/thumbnail_Cadastro-Unico-150x150.jpg",150,150,true],"medium":["https:\/\/blogopara.com.br\/wp-content\/uploads\/2024\/05\/thumbnail_Cadastro-Unico-300x200.jpg",300,200,true],"medium_large":["https:\/\/blogopara.com.br\/wp-content\/uploads\/2024\/05\/thumbnail_Cadastro-Unico.jpg",500,333,false],"large":["https:\/\/blogopara.com.br\/wp-content\/uploads\/2024\/05\/thumbnail_Cadastro-Unico.jpg",500,333,false],"1536x1536":["https:\/\/blogopara.com.br\/wp-content\/uploads\/2024\/05\/thumbnail_Cadastro-Unico.jpg",500,333,false],"2048x2048":["https:\/\/blogopara.com.br\/wp-content\/uploads\/2024\/05\/thumbnail_Cadastro-Unico.jpg",500,333,false],"mantranews-slider-large":["https:\/\/blogopara.com.br\/wp-content\/uploads\/2024\/05\/thumbnail_Cadastro-Unico.jpg",500,333,false],"mantranews-featured-medium":["https:\/\/blogopara.com.br\/wp-content\/uploads\/2024\/05\/thumbnail_Cadastro-Unico-420x307.jpg",420,307,true],"mantranews-featured-long":["https:\/\/blogopara.com.br\/wp-content\/uploads\/2024\/05\/thumbnail_Cadastro-Unico-300x333.jpg",300,333,true],"mantranews-block-medium":["https:\/\/blogopara.com.br\/wp-content\/uploads\/2024\/05\/thumbnail_Cadastro-Unico-464x290.jpg",464,290,true],"mantranews-carousel-image":["https:\/\/blogopara.com.br\/wp-content\/uploads\/2024\/05\/thumbnail_Cadastro-Unico.jpg",500,333,false],"mantranews-block-thumb":["https:\/\/blogopara.com.br\/wp-content\/uploads\/2024\/05\/thumbnail_Cadastro-Unico-322x230.jpg",322,230,true],"mantranews-single-large":["https:\/\/blogopara.com.br\/wp-content\/uploads\/2024\/05\/thumbnail_Cadastro-Unico.jpg",500,333,false]},"uagb_author_info":{"display_name":"Reda\u00e7\u00e3o geral","author_link":"https:\/\/blogopara.com.br\/index.php\/author\/blogopara"},"uagb_comment_info":0,"uagb_excerpt":"Nos dias 6 e 7 de maio, o sistema do Cadastro \u00danico ser\u00e1 fechado pelo Minist\u00e9rio do Desenvolvimento Social (MDS) e n\u00e3o ser\u00e1 poss\u00edvel acess\u00e1-lo em Juazeiro, assim como em todo o Brasil. Na quarta-feira (08), o sistema ser\u00e1 retomado, normalmente, para o atendimento \u00e0 popula\u00e7\u00e3o. De acordo com a gerente do Cadastro \u00danico em&hellip;","jetpack_sharing_enabled":true,"jetpack_likes_enabled":true,"_links":{"self":[{"href":"https:\/\/blogopara.com.br\/index.php\/wp-json\/wp\/v2\/posts\/64718","targetHints":{"allow":["GET"]}}],"collection":[{"href":"https:\/\/blogopara.com.br\/index.php\/wp-json\/wp\/v2\/posts"}],"about":[{"href":"https:\/\/blogopara.com.br\/index.php\/wp-json\/wp\/v2\/types\/post"}],"author":[{"embeddable":true,"href":"https:\/\/blogopara.com.br\/index.php\/wp-json\/wp\/v2\/users\/1"}],"replies":[{"embeddable":true,"href":"https:\/\/blogopara.com.br\/index.php\/wp-json\/wp\/v2\/comments?post=64718"}],"version-history":[{"count":1,"href":"https:\/\/blogopara.com.br\/index.php\/wp-json\/wp\/v2\/posts\/64718\/revisions"}],"predecessor-version":[{"id":64720,"href":"https:\/\/blogopara.com.br\/index.php\/wp-json\/wp\/v2\/posts\/64718\/revisions\/64720"}],"wp:featuredmedia":[{"embeddable":true,"href":"https:\/\/blogopara.com.br\/index.php\/wp-json\/wp\/v2\/media\/64719"}],"wp:attachment":[{"href":"https:\/\/blogopara.com.br\/index.php\/wp-json\/wp\/v2\/media?parent=64718"}],"wp:term":[{"taxonomy":"category","embeddable":true,"href":"https:\/\/blogopara.com.br\/index.php\/wp-json\/wp\/v2\/categories?post=64718"},{"taxonomy":"post_tag","embeddable":true,"href":"https:\/\/blogopara.com.br\/index.php\/wp-json\/wp\/v2\/tags?post=64718"}],"curies":[{"name":"wp","href":"https:\/\/api.w.org\/{rel}","templated":true}]}}