{"id":64776,"date":"2024-05-07T10:16:00","date_gmt":"2024-05-07T13:16:00","guid":{"rendered":"https:\/\/blogopara.com.br\/?p=64776"},"modified":"2024-05-06T22:18:32","modified_gmt":"2024-05-07T01:18:32","slug":"faca-bonito-prefeitura-de-juazeiro-inicia-palestras-em-alusao-ao-combate-ao-abuso-e-exploracao-sexual-de-criancas-e-adolescentes","status":"publish","type":"post","link":"https:\/\/blogopara.com.br\/index.php\/2024\/05\/07\/faca-bonito-prefeitura-de-juazeiro-inicia-palestras-em-alusao-ao-combate-ao-abuso-e-exploracao-sexual-de-criancas-e-adolescentes","title":{"rendered":"Fa\u00e7a Bonito: Prefeitura de Juazeiro inicia palestras em alus\u00e3o ao combate ao abuso e explora\u00e7\u00e3o sexual de crian\u00e7as e adolescentes"},"content":{"rendered":"<p style=\"text-align: justify;\">A Prefeitura de Juazeiro, atrav\u00e9s da Secretaria de Desenvolvimento Social, Mulher e Diversidade (Sedes) e da Secretaria de Educa\u00e7\u00e3o e Juventude (Seduc), iniciou, nesta segunda-feira (06), um ciclo de palestras nas unidades escolares do munic\u00edpio. A a\u00e7\u00e3o \u00e9 alusiva ao Dia Nacional de Combate ao Abuso e Explora\u00e7\u00e3o Sexual de Crian\u00e7as e Adolescentes, celebrado em 18 de maio, e integra a programa\u00e7\u00e3o da \u201cCampanha Fa\u00e7a Bonito \u2013 Proteja nossas crian\u00e7as e adolescentes\u201d.<\/p>\n<p style=\"text-align: justify;\">Ministradas pelas t\u00e9cnicas dos Centros de Refer\u00eancia da Assist\u00eancia Social (CRAS), as atividades desta segunda-feira foram realizadas nas Escolas Municipais Mandacaru, no Jardim Primavera, e An\u00e1lia Barbosa de Souza, no Jo\u00e3o Paulo II. \u201cNosso objetivo \u00e9 conscientizar crian\u00e7as, adolescentes e os profissionais da educa\u00e7\u00e3o sobre a gravidade da viol\u00eancia sexual de crian\u00e7as e adolescentes, al\u00e9m de informar sobre como proceder ao identificar casos de abuso sexual e as entidades que comp\u00f5em a rede de prote\u00e7\u00e3o \u00e0 inf\u00e2ncia e adolesc\u00eancia\u201d, explicou a coordenadora do CRAS do bairro Quid\u00e9, Margaret Gama.<\/p>\n<p style=\"text-align: justify;\">At\u00e9 o final de maio, a programa\u00e7\u00e3o da campanha ainda vai incluir caminhada, palestras educativas em escolas da rede municipal de ensino, blitz e abordagem social em pontos estrat\u00e9gicos da cidade, entre outras atividades.<\/p>\n<h4 style=\"text-align: justify;\">Campanha \u2018Fa\u00e7a Bonito\u2019<\/h4>\n<p style=\"text-align: justify;\">A Campanha \u2018Fa\u00e7a Bonito\u2019 \u00e9 uma mobiliza\u00e7\u00e3o alusiva ao 18 de maio \u2013 Dia Nacional de Combate ao Abuso e Explora\u00e7\u00e3o Sexual contra Crian\u00e7as e Adolescentes. Esse dia foi escolhido, porque em 18 de maio de 1973, na cidade de Vit\u00f3ria (ES), um crime b\u00e1rbaro vitimou uma crian\u00e7a de 8 anos e chocou todo o pa\u00eds. O crime ficou conhecido como o \u201cCaso Araceli\u201d.<\/p>\n<p style=\"text-align: justify;\"><em>Fonte: Ascom\/Sedes\/PMJ<\/em><\/p>\n","protected":false},"excerpt":{"rendered":"<p>A Prefeitura de Juazeiro, atrav\u00e9s da Secretaria de Desenvolvimento Social, Mulher e Diversidade (Sedes) e da Secretaria de Educa\u00e7\u00e3o e Juventude (Seduc), iniciou, nesta segunda-feira (06), um ciclo de palestras nas unidades escolares do munic\u00edpio. A a\u00e7\u00e3o \u00e9 alusiva ao Dia Nacional de Combate ao Abuso e Explora\u00e7\u00e3o Sexual de Crian\u00e7as e Adolescentes, celebrado em [&hellip;]<\/p>\n","protected":false},"author":1,"featured_media":64777,"comment_status":"open","ping_status":"open","sticky":false,"template":"","format":"standard","meta":{"_uag_custom_page_level_css":"","_monsterinsights_skip_tracking":false,"_monsterinsights_sitenote_active":false,"_monsterinsights_sitenote_note":"","_monsterinsights_sitenote_category":0,"jetpack_post_was_ever_published":false,"_jetpack_newsletter_access":"","_jetpack_dont_email_post_to_subs":false,"_jetpack_newsletter_tier_id":0,"_jetpack_memberships_contains_paywalled_content":false,"_jetpack_memberships_contains_paid_content":false,"footnotes":"","jetpack_publicize_message":"","jetpack_publicize_feature_enabled":true,"jetpack_social_post_already_shared":true,"jetpack_social_options":{"image_generator_settings":{"template":"highway","default_image_id":0,"font":"","enabled":false},"version":2}},"categories":[209,203],"tags":[11,143,340],"class_list":["post-64776","post","type-post","status-publish","format-standard","has-post-thumbnail","hentry","category-educacao","category-juazeiro","tag-bahia","tag-juazeiro-da-bahia","tag-prefeitura-de-juazeiro"],"jetpack_publicize_connections":[],"jetpack_featured_media_url":"https:\/\/blogopara.com.br\/wp-content\/uploads\/2024\/05\/IMG-20240506-WA0054-e1715018592262.jpg","uagb_featured_image_src":{"full":["https:\/\/blogopara.com.br\/wp-content\/uploads\/2024\/05\/IMG-20240506-WA0054-e1715018592262.jpg",500,375,false],"thumbnail":["https:\/\/blogopara.com.br\/wp-content\/uploads\/2024\/05\/IMG-20240506-WA0054-e1715018592262-150x150.jpg",150,150,true],"medium":["https:\/\/blogopara.com.br\/wp-content\/uploads\/2024\/05\/IMG-20240506-WA0054-e1715018592262-300x225.jpg",300,225,true],"medium_large":["https:\/\/blogopara.com.br\/wp-content\/uploads\/2024\/05\/IMG-20240506-WA0054-e1715018592262.jpg",500,375,false],"large":["https:\/\/blogopara.com.br\/wp-content\/uploads\/2024\/05\/IMG-20240506-WA0054-e1715018592262.jpg",500,375,false],"1536x1536":["https:\/\/blogopara.com.br\/wp-content\/uploads\/2024\/05\/IMG-20240506-WA0054-e1715018592262.jpg",500,375,false],"2048x2048":["https:\/\/blogopara.com.br\/wp-content\/uploads\/2024\/05\/IMG-20240506-WA0054-e1715018592262.jpg",500,375,false],"mantranews-slider-large":["https:\/\/blogopara.com.br\/wp-content\/uploads\/2024\/05\/IMG-20240506-WA0054-e1715018592262.jpg",500,375,false],"mantranews-featured-medium":["https:\/\/blogopara.com.br\/wp-content\/uploads\/2024\/05\/IMG-20240506-WA0054-e1715018592262-420x307.jpg",420,307,true],"mantranews-featured-long":["https:\/\/blogopara.com.br\/wp-content\/uploads\/2024\/05\/IMG-20240506-WA0054-e1715018592262-300x375.jpg",300,375,true],"mantranews-block-medium":["https:\/\/blogopara.com.br\/wp-content\/uploads\/2024\/05\/IMG-20240506-WA0054-e1715018592262-464x290.jpg",464,290,true],"mantranews-carousel-image":["https:\/\/blogopara.com.br\/wp-content\/uploads\/2024\/05\/IMG-20240506-WA0054-e1715018592262.jpg",500,375,false],"mantranews-block-thumb":["https:\/\/blogopara.com.br\/wp-content\/uploads\/2024\/05\/IMG-20240506-WA0054-e1715018592262-322x230.jpg",322,230,true],"mantranews-single-large":["https:\/\/blogopara.com.br\/wp-content\/uploads\/2024\/05\/IMG-20240506-WA0054-e1715018592262.jpg",500,375,false]},"uagb_author_info":{"display_name":"Reda\u00e7\u00e3o geral","author_link":"https:\/\/blogopara.com.br\/index.php\/author\/blogopara"},"uagb_comment_info":0,"uagb_excerpt":"A Prefeitura de Juazeiro, atrav\u00e9s da Secretaria de Desenvolvimento Social, Mulher e Diversidade (Sedes) e da Secretaria de Educa\u00e7\u00e3o e Juventude (Seduc), iniciou, nesta segunda-feira (06), um ciclo de palestras nas unidades escolares do munic\u00edpio. A a\u00e7\u00e3o \u00e9 alusiva ao Dia Nacional de Combate ao Abuso e Explora\u00e7\u00e3o Sexual de Crian\u00e7as e Adolescentes, celebrado em&hellip;","jetpack_sharing_enabled":true,"jetpack_likes_enabled":true,"_links":{"self":[{"href":"https:\/\/blogopara.com.br\/index.php\/wp-json\/wp\/v2\/posts\/64776","targetHints":{"allow":["GET"]}}],"collection":[{"href":"https:\/\/blogopara.com.br\/index.php\/wp-json\/wp\/v2\/posts"}],"about":[{"href":"https:\/\/blogopara.com.br\/index.php\/wp-json\/wp\/v2\/types\/post"}],"author":[{"embeddable":true,"href":"https:\/\/blogopara.com.br\/index.php\/wp-json\/wp\/v2\/users\/1"}],"replies":[{"embeddable":true,"href":"https:\/\/blogopara.com.br\/index.php\/wp-json\/wp\/v2\/comments?post=64776"}],"version-history":[{"count":1,"href":"https:\/\/blogopara.com.br\/index.php\/wp-json\/wp\/v2\/posts\/64776\/revisions"}],"predecessor-version":[{"id":64778,"href":"https:\/\/blogopara.com.br\/index.php\/wp-json\/wp\/v2\/posts\/64776\/revisions\/64778"}],"wp:featuredmedia":[{"embeddable":true,"href":"https:\/\/blogopara.com.br\/index.php\/wp-json\/wp\/v2\/media\/64777"}],"wp:attachment":[{"href":"https:\/\/blogopara.com.br\/index.php\/wp-json\/wp\/v2\/media?parent=64776"}],"wp:term":[{"taxonomy":"category","embeddable":true,"href":"https:\/\/blogopara.com.br\/index.php\/wp-json\/wp\/v2\/categories?post=64776"},{"taxonomy":"post_tag","embeddable":true,"href":"https:\/\/blogopara.com.br\/index.php\/wp-json\/wp\/v2\/tags?post=64776"}],"curies":[{"name":"wp","href":"https:\/\/api.w.org\/{rel}","templated":true}]}}