{"id":6482,"date":"2020-01-21T14:10:24","date_gmt":"2020-01-21T17:10:24","guid":{"rendered":"http:\/\/blogopara.com.br\/?p=6482"},"modified":"2020-01-21T14:10:30","modified_gmt":"2020-01-21T17:10:30","slug":"pilao-arcado-mundoca-burla-lei-eleitoral-e-recebe-multa-de-r-5-mil","status":"publish","type":"post","link":"https:\/\/blogopara.com.br\/index.php\/2020\/01\/21\/pilao-arcado-mundoca-burla-lei-eleitoral-e-recebe-multa-de-r-5-mil","title":{"rendered":"Pil\u00e3o Arcado: Mundoca  burla lei eleitoral e recebe multa de R$ 5 mil"},"content":{"rendered":"<div style=\"text-align: justify;\">A decisa\u00e7\u00e3o foi tomada a partir do artigo 39, par\u00e1grafo 11, da Lei 9.504\/97, que pro\u00edbe a utiliza\u00e7\u00e3o no dia dia de carros de som fazendo propaganda eleitoral. Essa pratica \u00e9 permitida apenas em carreatas, caminhadas e passeatas ou durante reuni\u00f5es e com\u00edcios.<\/div>\n<div style=\"text-align: justify;\"><\/div>\n<div style=\"text-align: justify;\">A representa\u00e7\u00e3o foi formulada pelo Minist\u00e9rio P\u00fablico Eleitoral a partir de den\u00fancia do setor jur\u00eddico\u00a0 da coliga\u00e7\u00e3o &#8221;Unidos o trabalho continua&#8221;. Foram enviados v\u00eddeos e imagens do ve\u00edculo com o som tocando o jingle do candidato de oposi\u00e7\u00e3o.<\/div>\n<div style=\"text-align: justify;\"><\/div>\n<div style=\"text-align: justify;\">\u00a0Conclus\u00e3o final da senten\u00e7a do Exmo. Sr. Juiz Vanderley Andrade de Lacerda:<\/div>\n<div style=\"text-align: justify;\"><\/div>\n<div style=\"text-align: justify;\">\u00a0&#8221;Ante o exposto, confirmo a medida liminar de id. 244917 e julgo PROCEDENTE\u00a0 presente representa\u00e7\u00e3o, para condenar solidariamente os representados no pagamento de multa no valor de R$ 5.000,00 (cinco mil reais), em face da pr\u00e1tica da propaganda eleitoral irregular em tela.&#8221; pag. 04<\/div>\n<div style=\"text-align: justify;\"><\/div>\n<div style=\"text-align: justify;\">Leia a baixo a representa\u00e7\u00e3o e a decis\u00e3o completa do Exmo. Sr. Juiz Vanderley Andrade de Lacerda da 195\u00aa Zona Eleitoral de Pil\u00e3o Arcado.<\/div>\n<div style=\"text-align: justify;\"><\/div>\n<pre style=\"text-align: justify;\"><a href=\"http:\/\/3.bp.blogspot.com\/-OPiCNmpSpec\/XicAqUs4dTI\/AAAAAAACI6U\/B00GNlj5HyMm7P6nnnx_wiycwUHjFFJUACK4BGAYYCw\/s1600\/100.jpg\"><img loading=\"lazy\" decoding=\"async\" src=\"https:\/\/3.bp.blogspot.com\/-OPiCNmpSpec\/XicAqUs4dTI\/AAAAAAACI6U\/B00GNlj5HyMm7P6nnnx_wiycwUHjFFJUACK4BGAYYCw\/s640\/100.jpg\" width=\"462\" height=\"640\" border=\"0\" \/><\/a>\n<a href=\"http:\/\/3.bp.blogspot.com\/-1iUtDyYtzJ4\/XicArcf4LrI\/AAAAAAACI6c\/Gf9IA7Tx7OsJssxsRXb0kVyUg2H1U_LWACK4BGAYYCw\/s1600\/101.jpg\"><img loading=\"lazy\" decoding=\"async\" src=\"https:\/\/3.bp.blogspot.com\/-1iUtDyYtzJ4\/XicArcf4LrI\/AAAAAAACI6c\/Gf9IA7Tx7OsJssxsRXb0kVyUg2H1U_LWACK4BGAYYCw\/s640\/101.jpg\" width=\"454\" height=\"640\" border=\"0\" \/><\/a>\n<a href=\"http:\/\/2.bp.blogspot.com\/-Wx0iFQQ3S_I\/XicAst4GDJI\/AAAAAAACI6k\/K-EoKaH1plIIS1UQB1nnIgzEx8XiqzRLgCK4BGAYYCw\/s1600\/102.jpg\"><img loading=\"lazy\" decoding=\"async\" src=\"https:\/\/2.bp.blogspot.com\/-Wx0iFQQ3S_I\/XicAst4GDJI\/AAAAAAACI6k\/K-EoKaH1plIIS1UQB1nnIgzEx8XiqzRLgCK4BGAYYCw\/s640\/102.jpg\" width=\"460\" height=\"640\" border=\"0\" \/><\/a>\n<a href=\"http:\/\/3.bp.blogspot.com\/-c9sJYI9bWY8\/XicAuze-gMI\/AAAAAAACI6s\/9LGw98ghHYUrb3G2FsnP37DYcnWbz5bRgCK4BGAYYCw\/s1600\/103.jpg\"><img loading=\"lazy\" decoding=\"async\" src=\"https:\/\/3.bp.blogspot.com\/-c9sJYI9bWY8\/XicAuze-gMI\/AAAAAAACI6s\/9LGw98ghHYUrb3G2FsnP37DYcnWbz5bRgCK4BGAYYCw\/s640\/103.jpg\" width=\"324\" height=\"640\" border=\"0\" \/><\/a>\n\n<a href=\"https:\/\/sertaodosaofrancisco.blogspot.com\/2020\/01\/mundoca-e-multado-em-r-5-mil-por_20.html\" target=\"_blank\" rel=\"noopener noreferrer\">Blog Sert\u00e3o do S\u00e3o Francisco<\/a><\/pre>\n","protected":false},"excerpt":{"rendered":"<p>A decisa\u00e7\u00e3o foi tomada a partir do artigo 39, par\u00e1grafo 11, da Lei 9.504\/97, que pro\u00edbe a utiliza\u00e7\u00e3o no dia dia de carros de som fazendo propaganda eleitoral. Essa pratica \u00e9 permitida apenas em carreatas, caminhadas e passeatas ou durante reuni\u00f5es e com\u00edcios. A representa\u00e7\u00e3o foi formulada pelo Minist\u00e9rio P\u00fablico Eleitoral a partir de den\u00fancia [&hellip;]<\/p>\n","protected":false},"author":1,"featured_media":6483,"comment_status":"open","ping_status":"open","sticky":false,"template":"","format":"standard","meta":{"_uag_custom_page_level_css":"","_monsterinsights_skip_tracking":false,"_monsterinsights_sitenote_active":false,"_monsterinsights_sitenote_note":"","_monsterinsights_sitenote_category":0,"jetpack_post_was_ever_published":false,"_jetpack_newsletter_access":"","_jetpack_dont_email_post_to_subs":false,"_jetpack_newsletter_tier_id":0,"_jetpack_memberships_contains_paywalled_content":false,"_jetpack_memberships_contains_paid_content":false,"footnotes":"","jetpack_publicize_message":"","jetpack_publicize_feature_enabled":true,"jetpack_social_post_already_shared":true,"jetpack_social_options":{"image_generator_settings":{"template":"highway","default_image_id":0,"font":"","enabled":false},"version":2}},"categories":[199],"tags":[],"class_list":["post-6482","post","type-post","status-publish","format-standard","has-post-thumbnail","hentry","category-bahia"],"jetpack_publicize_connections":[],"jetpack_featured_media_url":"https:\/\/blogopara.com.br\/wp-content\/uploads\/2020\/01\/mkmpm.jpg","uagb_featured_image_src":{"full":["https:\/\/blogopara.com.br\/wp-content\/uploads\/2020\/01\/mkmpm.jpg",640,479,false],"thumbnail":["https:\/\/blogopara.com.br\/wp-content\/uploads\/2020\/01\/mkmpm-150x150.jpg",150,150,true],"medium":["https:\/\/blogopara.com.br\/wp-content\/uploads\/2020\/01\/mkmpm-300x225.jpg",300,225,true],"medium_large":["https:\/\/blogopara.com.br\/wp-content\/uploads\/2020\/01\/mkmpm.jpg",640,479,false],"large":["https:\/\/blogopara.com.br\/wp-content\/uploads\/2020\/01\/mkmpm.jpg",640,479,false],"1536x1536":["https:\/\/blogopara.com.br\/wp-content\/uploads\/2020\/01\/mkmpm.jpg",640,479,false],"2048x2048":["https:\/\/blogopara.com.br\/wp-content\/uploads\/2020\/01\/mkmpm.jpg",640,479,false],"mantranews-slider-large":["https:\/\/blogopara.com.br\/wp-content\/uploads\/2020\/01\/mkmpm.jpg",640,479,false],"mantranews-featured-medium":["https:\/\/blogopara.com.br\/wp-content\/uploads\/2020\/01\/mkmpm.jpg",410,307,false],"mantranews-featured-long":["https:\/\/blogopara.com.br\/wp-content\/uploads\/2020\/01\/mkmpm.jpg",300,225,false],"mantranews-block-medium":["https:\/\/blogopara.com.br\/wp-content\/uploads\/2020\/01\/mkmpm.jpg",387,290,false],"mantranews-carousel-image":["https:\/\/blogopara.com.br\/wp-content\/uploads\/2020\/01\/mkmpm.jpg",600,449,false],"mantranews-block-thumb":["https:\/\/blogopara.com.br\/wp-content\/uploads\/2020\/01\/mkmpm.jpg",307,230,false],"mantranews-single-large":["https:\/\/blogopara.com.br\/wp-content\/uploads\/2020\/01\/mkmpm.jpg",640,479,false]},"uagb_author_info":{"display_name":"Reda\u00e7\u00e3o geral","author_link":"https:\/\/blogopara.com.br\/index.php\/author\/blogopara"},"uagb_comment_info":0,"uagb_excerpt":"A decisa\u00e7\u00e3o foi tomada a partir do artigo 39, par\u00e1grafo 11, da Lei 9.504\/97, que pro\u00edbe a utiliza\u00e7\u00e3o no dia dia de carros de som fazendo propaganda eleitoral. Essa pratica \u00e9 permitida apenas em carreatas, caminhadas e passeatas ou durante reuni\u00f5es e com\u00edcios. A representa\u00e7\u00e3o foi formulada pelo Minist\u00e9rio P\u00fablico Eleitoral a partir de den\u00fancia&hellip;","jetpack_sharing_enabled":true,"jetpack_likes_enabled":true,"_links":{"self":[{"href":"https:\/\/blogopara.com.br\/index.php\/wp-json\/wp\/v2\/posts\/6482","targetHints":{"allow":["GET"]}}],"collection":[{"href":"https:\/\/blogopara.com.br\/index.php\/wp-json\/wp\/v2\/posts"}],"about":[{"href":"https:\/\/blogopara.com.br\/index.php\/wp-json\/wp\/v2\/types\/post"}],"author":[{"embeddable":true,"href":"https:\/\/blogopara.com.br\/index.php\/wp-json\/wp\/v2\/users\/1"}],"replies":[{"embeddable":true,"href":"https:\/\/blogopara.com.br\/index.php\/wp-json\/wp\/v2\/comments?post=6482"}],"version-history":[{"count":1,"href":"https:\/\/blogopara.com.br\/index.php\/wp-json\/wp\/v2\/posts\/6482\/revisions"}],"predecessor-version":[{"id":6484,"href":"https:\/\/blogopara.com.br\/index.php\/wp-json\/wp\/v2\/posts\/6482\/revisions\/6484"}],"wp:featuredmedia":[{"embeddable":true,"href":"https:\/\/blogopara.com.br\/index.php\/wp-json\/wp\/v2\/media\/6483"}],"wp:attachment":[{"href":"https:\/\/blogopara.com.br\/index.php\/wp-json\/wp\/v2\/media?parent=6482"}],"wp:term":[{"taxonomy":"category","embeddable":true,"href":"https:\/\/blogopara.com.br\/index.php\/wp-json\/wp\/v2\/categories?post=6482"},{"taxonomy":"post_tag","embeddable":true,"href":"https:\/\/blogopara.com.br\/index.php\/wp-json\/wp\/v2\/tags?post=6482"}],"curies":[{"name":"wp","href":"https:\/\/api.w.org\/{rel}","templated":true}]}}