{"id":6494,"date":"2020-01-22T10:24:53","date_gmt":"2020-01-22T13:24:53","guid":{"rendered":"http:\/\/blogopara.com.br\/?p=6494"},"modified":"2020-01-22T10:47:05","modified_gmt":"2020-01-22T13:47:05","slug":"juazeiro-falta-de-infraestrutura-e-chuva-intensa-deixa-parte-da-cidade-alagada","status":"publish","type":"post","link":"https:\/\/blogopara.com.br\/index.php\/2020\/01\/22\/juazeiro-falta-de-infraestrutura-e-chuva-intensa-deixa-parte-da-cidade-alagada","title":{"rendered":"Juazeiro: Falta de infraestrutura e chuva intensa deixa parte da cidade alagada"},"content":{"rendered":"<p style=\"text-align: justify;\">As chuvas da madrugada deixaram partes da cidade completamente alagadas, deixam um rastro de muitos transtornos para a popula\u00e7\u00e3o. A chuvas n\u00e3o s\u00e3o novidades na regi\u00e3o, assim como a falta de infraestrutura da cidade para escoar as \u00e1guas pluviais. A gest\u00e3o do &#8220;Toda sexta-feira&#8221;, tem feito a limpeza dos canais, mas somente quando as m\u00e1quinas alugadas est\u00e3o com o pagamentos em dia. Quando as obras de infraestrutura, somente na propaganda.<\/p>\n<p style=\"text-align: justify;\">A previs\u00e3o da meteorologia, para essa quinta-feira (23) 101 mm e na sexta-feira, dia 24, 110 mm.<\/p>\n<div style=\"width: 640px;\" class=\"wp-video\"><!--[if lt IE 9]><script>document.createElement('video');<\/script><![endif]-->\n<video class=\"wp-video-shortcode\" id=\"video-6494-1\" width=\"640\" height=\"352\" preload=\"metadata\" controls=\"controls\"><source type=\"video\/mp4\" src=\"https:\/\/blogopara.com.br\/wp-content\/uploads\/2020\/01\/WhatsApp-Video-2020-01-22-at-10.08.00.mp4?_=1\" \/><a href=\"https:\/\/blogopara.com.br\/wp-content\/uploads\/2020\/01\/WhatsApp-Video-2020-01-22-at-10.08.00.mp4\">https:\/\/blogopara.com.br\/wp-content\/uploads\/2020\/01\/WhatsApp-Video-2020-01-22-at-10.08.00.mp4<\/a><\/video><\/div>\n<p><img loading=\"lazy\" decoding=\"async\" class=\"alignnone size-medium wp-image-6501\" src=\"https:\/\/blogopara.com.br\/wp-content\/uploads\/2020\/01\/WhatsApp-Image-2020-01-22-at-08.53.44-225x300.jpeg\" alt=\"\" width=\"225\" height=\"300\" srcset=\"https:\/\/blogopara.com.br\/wp-content\/uploads\/2020\/01\/WhatsApp-Image-2020-01-22-at-08.53.44-225x300.jpeg 225w, https:\/\/blogopara.com.br\/wp-content\/uploads\/2020\/01\/WhatsApp-Image-2020-01-22-at-08.53.44-768x1024.jpeg 768w, https:\/\/blogopara.com.br\/wp-content\/uploads\/2020\/01\/WhatsApp-Image-2020-01-22-at-08.53.44.jpeg 960w\" sizes=\"auto, (max-width: 225px) 100vw, 225px\" \/><\/p>\n","protected":false},"excerpt":{"rendered":"<p>As chuvas da madrugada deixaram partes da cidade completamente alagadas, deixam um rastro de muitos transtornos para a popula\u00e7\u00e3o. A chuvas n\u00e3o s\u00e3o novidades na regi\u00e3o, assim como a falta de infraestrutura da cidade para escoar as \u00e1guas pluviais. A gest\u00e3o do &#8220;Toda sexta-feira&#8221;, tem feito a limpeza dos canais, mas somente quando as m\u00e1quinas [&hellip;]<\/p>\n","protected":false},"author":1,"featured_media":6498,"comment_status":"open","ping_status":"open","sticky":false,"template":"","format":"standard","meta":{"_uag_custom_page_level_css":"","_monsterinsights_skip_tracking":false,"_monsterinsights_sitenote_active":false,"_monsterinsights_sitenote_note":"","_monsterinsights_sitenote_category":0,"jetpack_post_was_ever_published":false,"_jetpack_newsletter_access":"","_jetpack_dont_email_post_to_subs":false,"_jetpack_newsletter_tier_id":0,"_jetpack_memberships_contains_paywalled_content":false,"_jetpack_memberships_contains_paid_content":false,"footnotes":"","jetpack_publicize_message":"","jetpack_publicize_feature_enabled":true,"jetpack_social_post_already_shared":true,"jetpack_social_options":{"image_generator_settings":{"template":"highway","default_image_id":0,"font":"","enabled":false},"version":2}},"categories":[203],"tags":[],"class_list":["post-6494","post","type-post","status-publish","format-standard","has-post-thumbnail","hentry","category-juazeiro"],"jetpack_publicize_connections":[],"jetpack_featured_media_url":"https:\/\/blogopara.com.br\/wp-content\/uploads\/2020\/01\/Boas-Festas-Que-o-Natal-seja-festejado-em-paz-e-harmonia-e-o-Ano-Novo-recebido-com-muita-alegria.-Feliz-2020-1-2.jpg","uagb_featured_image_src":{"full":["https:\/\/blogopara.com.br\/wp-content\/uploads\/2020\/01\/Boas-Festas-Que-o-Natal-seja-festejado-em-paz-e-harmonia-e-o-Ano-Novo-recebido-com-muita-alegria.-Feliz-2020-1-2.jpg",580,580,false],"thumbnail":["https:\/\/blogopara.com.br\/wp-content\/uploads\/2020\/01\/Boas-Festas-Que-o-Natal-seja-festejado-em-paz-e-harmonia-e-o-Ano-Novo-recebido-com-muita-alegria.-Feliz-2020-1-2-150x150.jpg",150,150,true],"medium":["https:\/\/blogopara.com.br\/wp-content\/uploads\/2020\/01\/Boas-Festas-Que-o-Natal-seja-festejado-em-paz-e-harmonia-e-o-Ano-Novo-recebido-com-muita-alegria.-Feliz-2020-1-2-300x300.jpg",300,300,true],"medium_large":["https:\/\/blogopara.com.br\/wp-content\/uploads\/2020\/01\/Boas-Festas-Que-o-Natal-seja-festejado-em-paz-e-harmonia-e-o-Ano-Novo-recebido-com-muita-alegria.-Feliz-2020-1-2.jpg",580,580,false],"large":["https:\/\/blogopara.com.br\/wp-content\/uploads\/2020\/01\/Boas-Festas-Que-o-Natal-seja-festejado-em-paz-e-harmonia-e-o-Ano-Novo-recebido-com-muita-alegria.-Feliz-2020-1-2.jpg",580,580,false],"1536x1536":["https:\/\/blogopara.com.br\/wp-content\/uploads\/2020\/01\/Boas-Festas-Que-o-Natal-seja-festejado-em-paz-e-harmonia-e-o-Ano-Novo-recebido-com-muita-alegria.-Feliz-2020-1-2.jpg",580,580,false],"2048x2048":["https:\/\/blogopara.com.br\/wp-content\/uploads\/2020\/01\/Boas-Festas-Que-o-Natal-seja-festejado-em-paz-e-harmonia-e-o-Ano-Novo-recebido-com-muita-alegria.-Feliz-2020-1-2.jpg",580,580,false],"mantranews-slider-large":["https:\/\/blogopara.com.br\/wp-content\/uploads\/2020\/01\/Boas-Festas-Que-o-Natal-seja-festejado-em-paz-e-harmonia-e-o-Ano-Novo-recebido-com-muita-alegria.-Feliz-2020-1-2.jpg",580,580,false],"mantranews-featured-medium":["https:\/\/blogopara.com.br\/wp-content\/uploads\/2020\/01\/Boas-Festas-Que-o-Natal-seja-festejado-em-paz-e-harmonia-e-o-Ano-Novo-recebido-com-muita-alegria.-Feliz-2020-1-2.jpg",307,307,false],"mantranews-featured-long":["https:\/\/blogopara.com.br\/wp-content\/uploads\/2020\/01\/Boas-Festas-Que-o-Natal-seja-festejado-em-paz-e-harmonia-e-o-Ano-Novo-recebido-com-muita-alegria.-Feliz-2020-1-2.jpg",300,300,false],"mantranews-block-medium":["https:\/\/blogopara.com.br\/wp-content\/uploads\/2020\/01\/Boas-Festas-Que-o-Natal-seja-festejado-em-paz-e-harmonia-e-o-Ano-Novo-recebido-com-muita-alegria.-Feliz-2020-1-2.jpg",290,290,false],"mantranews-carousel-image":["https:\/\/blogopara.com.br\/wp-content\/uploads\/2020\/01\/Boas-Festas-Que-o-Natal-seja-festejado-em-paz-e-harmonia-e-o-Ano-Novo-recebido-com-muita-alegria.-Feliz-2020-1-2.jpg",500,500,false],"mantranews-block-thumb":["https:\/\/blogopara.com.br\/wp-content\/uploads\/2020\/01\/Boas-Festas-Que-o-Natal-seja-festejado-em-paz-e-harmonia-e-o-Ano-Novo-recebido-com-muita-alegria.-Feliz-2020-1-2.jpg",230,230,false],"mantranews-single-large":["https:\/\/blogopara.com.br\/wp-content\/uploads\/2020\/01\/Boas-Festas-Que-o-Natal-seja-festejado-em-paz-e-harmonia-e-o-Ano-Novo-recebido-com-muita-alegria.-Feliz-2020-1-2.jpg",580,580,false]},"uagb_author_info":{"display_name":"Reda\u00e7\u00e3o geral","author_link":"https:\/\/blogopara.com.br\/index.php\/author\/blogopara"},"uagb_comment_info":2,"uagb_excerpt":"As chuvas da madrugada deixaram partes da cidade completamente alagadas, deixam um rastro de muitos transtornos para a popula\u00e7\u00e3o. A chuvas n\u00e3o s\u00e3o novidades na regi\u00e3o, assim como a falta de infraestrutura da cidade para escoar as \u00e1guas pluviais. A gest\u00e3o do &#8220;Toda sexta-feira&#8221;, tem feito a limpeza dos canais, mas somente quando as m\u00e1quinas&hellip;","jetpack_sharing_enabled":true,"jetpack_likes_enabled":true,"_links":{"self":[{"href":"https:\/\/blogopara.com.br\/index.php\/wp-json\/wp\/v2\/posts\/6494","targetHints":{"allow":["GET"]}}],"collection":[{"href":"https:\/\/blogopara.com.br\/index.php\/wp-json\/wp\/v2\/posts"}],"about":[{"href":"https:\/\/blogopara.com.br\/index.php\/wp-json\/wp\/v2\/types\/post"}],"author":[{"embeddable":true,"href":"https:\/\/blogopara.com.br\/index.php\/wp-json\/wp\/v2\/users\/1"}],"replies":[{"embeddable":true,"href":"https:\/\/blogopara.com.br\/index.php\/wp-json\/wp\/v2\/comments?post=6494"}],"version-history":[{"count":3,"href":"https:\/\/blogopara.com.br\/index.php\/wp-json\/wp\/v2\/posts\/6494\/revisions"}],"predecessor-version":[{"id":6502,"href":"https:\/\/blogopara.com.br\/index.php\/wp-json\/wp\/v2\/posts\/6494\/revisions\/6502"}],"wp:featuredmedia":[{"embeddable":true,"href":"https:\/\/blogopara.com.br\/index.php\/wp-json\/wp\/v2\/media\/6498"}],"wp:attachment":[{"href":"https:\/\/blogopara.com.br\/index.php\/wp-json\/wp\/v2\/media?parent=6494"}],"wp:term":[{"taxonomy":"category","embeddable":true,"href":"https:\/\/blogopara.com.br\/index.php\/wp-json\/wp\/v2\/categories?post=6494"},{"taxonomy":"post_tag","embeddable":true,"href":"https:\/\/blogopara.com.br\/index.php\/wp-json\/wp\/v2\/tags?post=6494"}],"curies":[{"name":"wp","href":"https:\/\/api.w.org\/{rel}","templated":true}]}}