{"id":64949,"date":"2024-05-11T13:00:00","date_gmt":"2024-05-11T16:00:00","guid":{"rendered":"https:\/\/blogopara.com.br\/?p=64949"},"modified":"2024-05-11T10:02:07","modified_gmt":"2024-05-11T13:02:07","slug":"ex-namorada-presta-queixa-contra-vice-presidente-do-pt-no-maranhao-por-suposta-agressao","status":"publish","type":"post","link":"https:\/\/blogopara.com.br\/index.php\/2024\/05\/11\/ex-namorada-presta-queixa-contra-vice-presidente-do-pt-no-maranhao-por-suposta-agressao","title":{"rendered":"Ex-namorada presta queixa contra vice-presidente do PT no Maranh\u00e3o por suposta agress\u00e3o"},"content":{"rendered":"<p style=\"text-align: justify;\">A ex-namorada do vice-presidente do PT no Maranh\u00e3o, Augusto Lobato, denunciou supostas agress\u00f5es f\u00edsicas e psicol\u00f3gicas por parte do petista.<\/p>\n<p style=\"text-align: justify;\">De acordo com Paulo Cappelli, no portal Metr\u00f3poles, Caroline Bastos registrou um boletim de ocorr\u00eancia na Delegacia Especial da Mulher, em S\u00e3o Lu\u00eds (MA), no in\u00edcio de abril. Segundo a coluna, o relacionamento do casal durou um ano e nove meses, tendo acabado em mar\u00e7o deste ano.<\/p>\n<p style=\"text-align: justify;\">Conforme a publica\u00e7\u00e3o, Caroline tamb\u00e9m tem atua\u00e7\u00e3o no meio pol\u00edtico e chegou a ser coordenadora de Cultura do munic\u00edpio de Santa Quit\u00e9ria (MA) em 2022. Ela, inclusive, diz que naquele ano foi \u201cagredida fisicamente\u201d por Lobato, mas decidiu n\u00e3o denunci\u00e1-lo na ocasi\u00e3o.<\/p>\n<p style=\"text-align: justify;\">\u00c0 pol\u00edcia, ela narra que o ex-companheiro \u201cdisse para ela sair da cidade de Santa Quit\u00e9ria e se mudar para S\u00e3o Lu\u00eds, com a promessa de conseguir um emprego para ela\u201d e diz que Lobato n\u00e3o cumpriu as promessas.<\/p>\n<p style=\"text-align: justify;\">Caroline disse ainda que durante uma discuss\u00e3o ocorrida no m\u00eas de mar\u00e7o, foi chamada pelo petista de \u201cvagabunda\u201d, \u201clouca\u201d, \u201cescrota\u201d, \u201ccanalha\u201d e \u201cinteresseira\u201d.<\/p>\n<p style=\"text-align: justify;\">Ao analisar o caso, a ju\u00edza Vanessa Clementino Sousa, respons\u00e1vel pelo caso, assinalou n\u00e3o ver elementos para conceder as medidas protetivas imediatas solicitadas pela mulher, sem que a outra parte se manifeste.<\/p>\n<p style=\"text-align: justify;\">\u201cEmbora noticiada a exist\u00eancia de epis\u00f3dio anterior de viol\u00eancia corporal e que o representado seria controlador, a perseguiria e por ela nutriria ci\u00fames excessivos, tendo dele se separado recentemente, n\u00e3o h\u00e1 como visualizar urg\u00eancia no seu pleito\u201d, avaliou a magistrada.<\/p>\n<p style=\"text-align: justify;\">\u00c0 coluna, Caroline Bastos afirmou que, em 2022, levou \u201ctapas, chutes e empurr\u00f5es\u201d do ex-companheiro e que teve o cabelo puxado. \u201cNa \u00e9poca, ele me pediu perd\u00e3o. E a v\u00edtima acredita que vai haver mudan\u00e7a\u201d, disse.<\/p>\n<p style=\"text-align: justify;\">\u201cMas, pior que essa agress\u00e3o, foi a psicol\u00f3gica. Ele insinuava que eu o tra\u00eda e dizia que eu estava \u2018folgada\u2019. Quando, na verdade, era ele que me tra\u00eda. Eu fiquei doente nesse tempo e tenho um laudo psicol\u00f3gico que atesta isso\u201d, relatou a ex-mulher de Augusto Lobato, que diz ter colhido novas evid\u00eancias para refor\u00e7ar o pedido de medida protetiva.<\/p>\n<p style=\"text-align: justify;\">Procurado, o vice-presidente do PT no Maranh\u00e3o n\u00e3o retornou o contato da coluna.<\/p>\n<p>Fonte: Bahia.a<\/p>\n","protected":false},"excerpt":{"rendered":"<p>A ex-namorada do vice-presidente do PT no Maranh\u00e3o, Augusto Lobato, denunciou supostas agress\u00f5es f\u00edsicas e psicol\u00f3gicas por parte do petista. De acordo com Paulo Cappelli, no portal Metr\u00f3poles, Caroline Bastos registrou um boletim de ocorr\u00eancia na Delegacia Especial da Mulher, em S\u00e3o Lu\u00eds (MA), no in\u00edcio de abril. Segundo a coluna, o relacionamento do casal [&hellip;]<\/p>\n","protected":false},"author":1,"featured_media":64950,"comment_status":"open","ping_status":"open","sticky":false,"template":"","format":"standard","meta":{"_uag_custom_page_level_css":"","_monsterinsights_skip_tracking":false,"_monsterinsights_sitenote_active":false,"_monsterinsights_sitenote_note":"","_monsterinsights_sitenote_category":0,"jetpack_post_was_ever_published":false,"_jetpack_newsletter_access":"","_jetpack_dont_email_post_to_subs":false,"_jetpack_newsletter_tier_id":0,"_jetpack_memberships_contains_paywalled_content":false,"_jetpack_memberships_contains_paid_content":false,"footnotes":"","jetpack_publicize_message":"","jetpack_publicize_feature_enabled":true,"jetpack_social_post_already_shared":true,"jetpack_social_options":{"image_generator_settings":{"template":"highway","default_image_id":0,"font":"","enabled":false},"version":2}},"categories":[200],"tags":[4446,52,74,194],"class_list":["post-64949","post","type-post","status-publish","format-standard","has-post-thumbnail","hentry","category-brasil","tag-misoginia","tag-pt","tag-violencia","tag-violencia-contra-mulher"],"jetpack_publicize_connections":[],"jetpack_featured_media_url":"https:\/\/blogopara.com.br\/wp-content\/uploads\/2024\/05\/2.jpg","uagb_featured_image_src":{"full":["https:\/\/blogopara.com.br\/wp-content\/uploads\/2024\/05\/2.jpg",500,350,false],"thumbnail":["https:\/\/blogopara.com.br\/wp-content\/uploads\/2024\/05\/2-150x150.jpg",150,150,true],"medium":["https:\/\/blogopara.com.br\/wp-content\/uploads\/2024\/05\/2-300x210.jpg",300,210,true],"medium_large":["https:\/\/blogopara.com.br\/wp-content\/uploads\/2024\/05\/2.jpg",500,350,false],"large":["https:\/\/blogopara.com.br\/wp-content\/uploads\/2024\/05\/2.jpg",500,350,false],"1536x1536":["https:\/\/blogopara.com.br\/wp-content\/uploads\/2024\/05\/2.jpg",500,350,false],"2048x2048":["https:\/\/blogopara.com.br\/wp-content\/uploads\/2024\/05\/2.jpg",500,350,false],"mantranews-slider-large":["https:\/\/blogopara.com.br\/wp-content\/uploads\/2024\/05\/2.jpg",500,350,false],"mantranews-featured-medium":["https:\/\/blogopara.com.br\/wp-content\/uploads\/2024\/05\/2-420x307.jpg",420,307,true],"mantranews-featured-long":["https:\/\/blogopara.com.br\/wp-content\/uploads\/2024\/05\/2-300x350.jpg",300,350,true],"mantranews-block-medium":["https:\/\/blogopara.com.br\/wp-content\/uploads\/2024\/05\/2-464x290.jpg",464,290,true],"mantranews-carousel-image":["https:\/\/blogopara.com.br\/wp-content\/uploads\/2024\/05\/2.jpg",500,350,false],"mantranews-block-thumb":["https:\/\/blogopara.com.br\/wp-content\/uploads\/2024\/05\/2-322x230.jpg",322,230,true],"mantranews-single-large":["https:\/\/blogopara.com.br\/wp-content\/uploads\/2024\/05\/2.jpg",500,350,false]},"uagb_author_info":{"display_name":"Reda\u00e7\u00e3o geral","author_link":"https:\/\/blogopara.com.br\/index.php\/author\/blogopara"},"uagb_comment_info":0,"uagb_excerpt":"A ex-namorada do vice-presidente do PT no Maranh\u00e3o, Augusto Lobato, denunciou supostas agress\u00f5es f\u00edsicas e psicol\u00f3gicas por parte do petista. De acordo com Paulo Cappelli, no portal Metr\u00f3poles, Caroline Bastos registrou um boletim de ocorr\u00eancia na Delegacia Especial da Mulher, em S\u00e3o Lu\u00eds (MA), no in\u00edcio de abril. Segundo a coluna, o relacionamento do casal&hellip;","jetpack_sharing_enabled":true,"jetpack_likes_enabled":true,"_links":{"self":[{"href":"https:\/\/blogopara.com.br\/index.php\/wp-json\/wp\/v2\/posts\/64949","targetHints":{"allow":["GET"]}}],"collection":[{"href":"https:\/\/blogopara.com.br\/index.php\/wp-json\/wp\/v2\/posts"}],"about":[{"href":"https:\/\/blogopara.com.br\/index.php\/wp-json\/wp\/v2\/types\/post"}],"author":[{"embeddable":true,"href":"https:\/\/blogopara.com.br\/index.php\/wp-json\/wp\/v2\/users\/1"}],"replies":[{"embeddable":true,"href":"https:\/\/blogopara.com.br\/index.php\/wp-json\/wp\/v2\/comments?post=64949"}],"version-history":[{"count":1,"href":"https:\/\/blogopara.com.br\/index.php\/wp-json\/wp\/v2\/posts\/64949\/revisions"}],"predecessor-version":[{"id":64951,"href":"https:\/\/blogopara.com.br\/index.php\/wp-json\/wp\/v2\/posts\/64949\/revisions\/64951"}],"wp:featuredmedia":[{"embeddable":true,"href":"https:\/\/blogopara.com.br\/index.php\/wp-json\/wp\/v2\/media\/64950"}],"wp:attachment":[{"href":"https:\/\/blogopara.com.br\/index.php\/wp-json\/wp\/v2\/media?parent=64949"}],"wp:term":[{"taxonomy":"category","embeddable":true,"href":"https:\/\/blogopara.com.br\/index.php\/wp-json\/wp\/v2\/categories?post=64949"},{"taxonomy":"post_tag","embeddable":true,"href":"https:\/\/blogopara.com.br\/index.php\/wp-json\/wp\/v2\/tags?post=64949"}],"curies":[{"name":"wp","href":"https:\/\/api.w.org\/{rel}","templated":true}]}}