{"id":6505,"date":"2020-01-22T12:13:03","date_gmt":"2020-01-22T15:13:03","guid":{"rendered":"http:\/\/blogopara.com.br\/?p=6505"},"modified":"2020-01-22T15:08:44","modified_gmt":"2020-01-22T18:08:44","slug":"juazeiro-blog-geraldo-jose-comemora-uma-decada-com-avancos-na-forma-de-comunicar-na-regiao","status":"publish","type":"post","link":"https:\/\/blogopara.com.br\/index.php\/2020\/01\/22\/juazeiro-blog-geraldo-jose-comemora-uma-decada-com-avancos-na-forma-de-comunicar-na-regiao","title":{"rendered":"JUAZEIRO: BLOG GERALDO JOS\u00c9 COMEMORA UMA D\u00c9CADA COM AVAN\u00c7OS NA FORMA DE COMUNICAR NA REGI\u00c3O"},"content":{"rendered":"<p style=\"text-align: justify;\">&#8220;Completando 10 anos de atua\u00e7\u00e3o no Vale do S\u00e3o Francisco, o Blog Geraldo Jos\u00e9 inova mais uma vez e aposta numa integra\u00e7\u00e3o de conte\u00fados para deixar o leitor cada vez mais pr\u00f3ximo da not\u00edcia. \u00c9 com esse objetivo que, a partir de fevereiro, vamos ampliar nossas formas de comunicar, integrando v\u00e1rias plataformas e ferramentas para se transformar numa rede de not\u00edcias, a RedeGN, sem abrir m\u00e3o do compromisso que sempre nos norteou, de ser \u00e9tico, transparente e focado na not\u00edcia como ela \u00e9.<\/p>\n<p style=\"text-align: justify;\">A proposta \u00e9 manter a mesma pegada do Blog Geraldo Jos\u00e9, mas aumentando a intera\u00e7\u00e3o com o leitor, otimizando espa\u00e7os para que essa parceria seja fortalecida, atrav\u00e9s dos coment\u00e1rios, redes sociais e aplicativos.&nbsp;A RedeGN fortalece, a partir desta nova etapa, os conte\u00fados em v\u00eddeo, podcast, entrevistas, elei\u00e7\u00f5es 2020, dentre outras ferramentas que v\u00e3o dar ao ve\u00edculo a estrutura em conte\u00fado de rede de not\u00edcias.<\/p>\n<p style=\"text-align: justify;\">Nossa equipe t\u00e9cnica est\u00e1 trabalhando e em breves dias vamos celebrar mais uma etapa de conquistas e avan\u00e7os na comunica\u00e7\u00e3o do Blog. Como sempre, sua colabora\u00e7\u00e3o ser\u00e1 fundamental no desenvolvimento dessa nova etapa e estamos abertos a opini\u00f5es e sugest\u00f5es, porque, afinal, at\u00e9 aqui constru\u00edmos juntos esse canal de informa\u00e7\u00e3o&#8221;.<\/p>\n<p style=\"text-align: justify;\">Desejamos ao Blog GJ sucessos e muitas realiza\u00e7\u00f5es, e os nossos agradecimentos pela exist\u00eancia desse importante veiculo de comunica\u00e7\u00e3o para toda Bahia.<\/p>\n","protected":false},"excerpt":{"rendered":"<p>&#8220;Completando 10 anos de atua\u00e7\u00e3o no Vale do S\u00e3o Francisco, o Blog Geraldo Jos\u00e9 inova mais uma vez e aposta numa integra\u00e7\u00e3o de conte\u00fados para deixar o leitor cada vez mais pr\u00f3ximo da not\u00edcia. \u00c9 com esse objetivo que, a partir de fevereiro, vamos ampliar nossas formas de comunicar, integrando v\u00e1rias plataformas e ferramentas para [&hellip;]<\/p>\n","protected":false},"author":1,"featured_media":0,"comment_status":"open","ping_status":"open","sticky":false,"template":"","format":"standard","meta":{"_uag_custom_page_level_css":"","_monsterinsights_skip_tracking":false,"_monsterinsights_sitenote_active":false,"_monsterinsights_sitenote_note":"","_monsterinsights_sitenote_category":0,"jetpack_post_was_ever_published":false,"_jetpack_newsletter_access":"","_jetpack_dont_email_post_to_subs":false,"_jetpack_newsletter_tier_id":0,"_jetpack_memberships_contains_paywalled_content":false,"_jetpack_memberships_contains_paid_content":false,"footnotes":"","jetpack_publicize_message":"","jetpack_publicize_feature_enabled":true,"jetpack_social_post_already_shared":true,"jetpack_social_options":{"image_generator_settings":{"template":"highway","default_image_id":0,"font":"","enabled":false},"version":2}},"categories":[203],"tags":[],"class_list":["post-6505","post","type-post","status-publish","format-standard","hentry","category-juazeiro"],"jetpack_publicize_connections":[],"jetpack_featured_media_url":"","uagb_featured_image_src":{"full":false,"thumbnail":false,"medium":false,"medium_large":false,"large":false,"1536x1536":false,"2048x2048":false,"mantranews-slider-large":false,"mantranews-featured-medium":false,"mantranews-featured-long":false,"mantranews-block-medium":false,"mantranews-carousel-image":false,"mantranews-block-thumb":false,"mantranews-single-large":false},"uagb_author_info":{"display_name":"Reda\u00e7\u00e3o geral","author_link":"https:\/\/blogopara.com.br\/index.php\/author\/blogopara"},"uagb_comment_info":1,"uagb_excerpt":"&#8220;Completando 10 anos de atua\u00e7\u00e3o no Vale do S\u00e3o Francisco, o Blog Geraldo Jos\u00e9 inova mais uma vez e aposta numa integra\u00e7\u00e3o de conte\u00fados para deixar o leitor cada vez mais pr\u00f3ximo da not\u00edcia. \u00c9 com esse objetivo que, a partir de fevereiro, vamos ampliar nossas formas de comunicar, integrando v\u00e1rias plataformas e ferramentas para&hellip;","jetpack_sharing_enabled":true,"jetpack_likes_enabled":true,"_links":{"self":[{"href":"https:\/\/blogopara.com.br\/index.php\/wp-json\/wp\/v2\/posts\/6505","targetHints":{"allow":["GET"]}}],"collection":[{"href":"https:\/\/blogopara.com.br\/index.php\/wp-json\/wp\/v2\/posts"}],"about":[{"href":"https:\/\/blogopara.com.br\/index.php\/wp-json\/wp\/v2\/types\/post"}],"author":[{"embeddable":true,"href":"https:\/\/blogopara.com.br\/index.php\/wp-json\/wp\/v2\/users\/1"}],"replies":[{"embeddable":true,"href":"https:\/\/blogopara.com.br\/index.php\/wp-json\/wp\/v2\/comments?post=6505"}],"version-history":[{"count":4,"href":"https:\/\/blogopara.com.br\/index.php\/wp-json\/wp\/v2\/posts\/6505\/revisions"}],"predecessor-version":[{"id":6520,"href":"https:\/\/blogopara.com.br\/index.php\/wp-json\/wp\/v2\/posts\/6505\/revisions\/6520"}],"wp:attachment":[{"href":"https:\/\/blogopara.com.br\/index.php\/wp-json\/wp\/v2\/media?parent=6505"}],"wp:term":[{"taxonomy":"category","embeddable":true,"href":"https:\/\/blogopara.com.br\/index.php\/wp-json\/wp\/v2\/categories?post=6505"},{"taxonomy":"post_tag","embeddable":true,"href":"https:\/\/blogopara.com.br\/index.php\/wp-json\/wp\/v2\/tags?post=6505"}],"curies":[{"name":"wp","href":"https:\/\/api.w.org\/{rel}","templated":true}]}}