{"id":65077,"date":"2024-05-16T17:23:04","date_gmt":"2024-05-16T20:23:04","guid":{"rendered":"https:\/\/blogopara.com.br\/?p=65077"},"modified":"2024-05-16T17:23:06","modified_gmt":"2024-05-16T20:23:06","slug":"14a-semana-do-bebe-prefeitura-de-juazeiro-promove-palestras-e-rodas-de-conversa-no-5o-dia-de-programacao","status":"publish","type":"post","link":"https:\/\/blogopara.com.br\/index.php\/2024\/05\/16\/14a-semana-do-bebe-prefeitura-de-juazeiro-promove-palestras-e-rodas-de-conversa-no-5o-dia-de-programacao","title":{"rendered":"14\u00aa Semana do Beb\u00ea: Prefeitura de Juazeiro promove palestras e rodas de conversa no 5\u00ba dia de programa\u00e7\u00e3o"},"content":{"rendered":"<p class=\"x_MsoNormal\" style=\"text-align: justify;\">A programa\u00e7\u00e3o da Semana do Beb\u00ea 2024 continua em Juazeiro e, nesta quinta-feira (16), as escolas municipais da sede e do interior do munic\u00edpio, as Unidades B\u00e1sicas de Sa\u00fade (UBSs) e os Centros de Refer\u00eancia da Assist\u00eancia Social (CRAS) realizaram atividades educativas, palestras e rodas de conversa sobre os cuidados com a primeira inf\u00e2ncia. A Semana do Beb\u00ea \u00e9 uma a\u00e7\u00e3o estrat\u00e9gica para o \u2018Selo Unicef\u2019, articulado pelas Secretarias de Sa\u00fade (Sesau), Educa\u00e7\u00e3o e Juventude (Seduc) e de Desenvolvimento Social, Mulher e Diversidade (Sedes).<\/p>\n<p class=\"x_MsoNormal\" style=\"text-align: justify;\">Em 2024, em sua 14\u00aa edi\u00e7\u00e3o, a Semana do Beb\u00ea traz o tema \u201cBeb\u00ea, um ser de direito: o papel da fam\u00edlia, rede de apoio e sociedade no cuidado e prote\u00e7\u00e3o da crian\u00e7a\u201d. \u201cA Semana do Beb\u00ea \u00e9 um momento de mobiliza\u00e7\u00e3o social pela primeira inf\u00e2ncia. Para assegurar os cuidados e direitos dos nossos pequenos juazeirenses e lembrar que o cuidado com a inf\u00e2ncia \u00e9 um dever de todos n\u00f3s&#8221;, declarou a prefeita Suzana Ramos.<\/p>\n<p class=\"x_MsoNormal\" style=\"text-align: justify;\">As unidades do Centro de Refer\u00eancia da Assist\u00eancia Social (CRAS) dos bairros Itaberaba, Quid\u00e9 e Tabuleiro, tamb\u00e9m realizaram a sua programa\u00e7\u00e3o alusiva \u00e0 Semana do Beb\u00ea, que incluiu uma roda de conversa sobre os cuidados na primeira inf\u00e2ncia, per\u00edodo que compreende os primeiros seis anos de vida da crian\u00e7a, e a entrega de kits de enxoval para gestantes. As atividades, coordenadas pelas equipes t\u00e9cnicas das unidades, do Servi\u00e7o de Prote\u00e7\u00e3o e Atendimento Integral \u00e0 Fam\u00edlia (PAIF) e do Programa Crian\u00e7a Feliz (PCF), reuniram m\u00e3es e gestantes atendidas pelas unidades do CRAS.<\/p>\n<p class=\"x_MsoNormal\" style=\"text-align: justify;\">Nesta quinta-feira, tamb\u00e9m foram realizadas rodas de conversas em UBSs, como no NH3, em Itamotinga, e no bairro Quid\u00e9. As equipes conversaram com os pacientes das unidades sobre aleitamento materno, cuidados com a higiene bucal dos beb\u00eas, crian\u00e7as pequenas e gestantes, entre outros temas.<\/p>\n<p class=\"x_MsoNormal\" style=\"text-align: justify;\">As Escolas Municipais de Educa\u00e7\u00e3o Infantil seguiram nesta quinta-feira com di\u00e1logo com os pais, respons\u00e1veis e comunidade escolar sobre a tem\u00e1tica central da \u2018Semana do Beb\u00ea\u2019, que enfatiza sobre o papel da fam\u00edlia e da sociedade, enquanto rede de apoio no cuidado e prote\u00e7\u00e3o da crian\u00e7a.<\/p>\n<p class=\"x_MsoNormal\" style=\"text-align: justify;\">\n<p class=\"x_MsoNormal\" style=\"text-align: justify;\">Ascom PMJ<\/p>\n","protected":false},"excerpt":{"rendered":"<p>A programa\u00e7\u00e3o da Semana do Beb\u00ea 2024 continua em Juazeiro e, nesta quinta-feira (16), as escolas municipais da sede e do interior do munic\u00edpio, as Unidades B\u00e1sicas de Sa\u00fade (UBSs) e os Centros de Refer\u00eancia da Assist\u00eancia Social (CRAS) realizaram atividades educativas, palestras e rodas de conversa sobre os cuidados com a primeira inf\u00e2ncia. A [&hellip;]<\/p>\n","protected":false},"author":1,"featured_media":65078,"comment_status":"open","ping_status":"open","sticky":false,"template":"","format":"standard","meta":{"_uag_custom_page_level_css":"","_monsterinsights_skip_tracking":false,"_monsterinsights_sitenote_active":false,"_monsterinsights_sitenote_note":"","_monsterinsights_sitenote_category":0,"jetpack_post_was_ever_published":false,"_jetpack_newsletter_access":"","_jetpack_dont_email_post_to_subs":false,"_jetpack_newsletter_tier_id":0,"_jetpack_memberships_contains_paywalled_content":false,"_jetpack_memberships_contains_paid_content":false,"footnotes":"","jetpack_publicize_message":"","jetpack_publicize_feature_enabled":true,"jetpack_social_post_already_shared":true,"jetpack_social_options":{"image_generator_settings":{"template":"highway","default_image_id":0,"font":"","enabled":false},"version":2}},"categories":[203],"tags":[],"class_list":["post-65077","post","type-post","status-publish","format-standard","has-post-thumbnail","hentry","category-juazeiro"],"jetpack_publicize_connections":[],"jetpack_featured_media_url":"https:\/\/blogopara.com.br\/wp-content\/uploads\/2024\/05\/WhatsApp-Image-2024-05-16-at-12.01.37.jpeg","uagb_featured_image_src":{"full":["https:\/\/blogopara.com.br\/wp-content\/uploads\/2024\/05\/WhatsApp-Image-2024-05-16-at-12.01.37.jpeg",500,374,false],"thumbnail":["https:\/\/blogopara.com.br\/wp-content\/uploads\/2024\/05\/WhatsApp-Image-2024-05-16-at-12.01.37-150x150.jpeg",150,150,true],"medium":["https:\/\/blogopara.com.br\/wp-content\/uploads\/2024\/05\/WhatsApp-Image-2024-05-16-at-12.01.37-300x224.jpeg",300,224,true],"medium_large":["https:\/\/blogopara.com.br\/wp-content\/uploads\/2024\/05\/WhatsApp-Image-2024-05-16-at-12.01.37.jpeg",500,374,false],"large":["https:\/\/blogopara.com.br\/wp-content\/uploads\/2024\/05\/WhatsApp-Image-2024-05-16-at-12.01.37.jpeg",500,374,false],"1536x1536":["https:\/\/blogopara.com.br\/wp-content\/uploads\/2024\/05\/WhatsApp-Image-2024-05-16-at-12.01.37.jpeg",500,374,false],"2048x2048":["https:\/\/blogopara.com.br\/wp-content\/uploads\/2024\/05\/WhatsApp-Image-2024-05-16-at-12.01.37.jpeg",500,374,false],"mantranews-slider-large":["https:\/\/blogopara.com.br\/wp-content\/uploads\/2024\/05\/WhatsApp-Image-2024-05-16-at-12.01.37.jpeg",500,374,false],"mantranews-featured-medium":["https:\/\/blogopara.com.br\/wp-content\/uploads\/2024\/05\/WhatsApp-Image-2024-05-16-at-12.01.37-420x307.jpeg",420,307,true],"mantranews-featured-long":["https:\/\/blogopara.com.br\/wp-content\/uploads\/2024\/05\/WhatsApp-Image-2024-05-16-at-12.01.37-300x374.jpeg",300,374,true],"mantranews-block-medium":["https:\/\/blogopara.com.br\/wp-content\/uploads\/2024\/05\/WhatsApp-Image-2024-05-16-at-12.01.37-464x290.jpeg",464,290,true],"mantranews-carousel-image":["https:\/\/blogopara.com.br\/wp-content\/uploads\/2024\/05\/WhatsApp-Image-2024-05-16-at-12.01.37.jpeg",500,374,false],"mantranews-block-thumb":["https:\/\/blogopara.com.br\/wp-content\/uploads\/2024\/05\/WhatsApp-Image-2024-05-16-at-12.01.37-322x230.jpeg",322,230,true],"mantranews-single-large":["https:\/\/blogopara.com.br\/wp-content\/uploads\/2024\/05\/WhatsApp-Image-2024-05-16-at-12.01.37.jpeg",500,374,false]},"uagb_author_info":{"display_name":"Reda\u00e7\u00e3o geral","author_link":"https:\/\/blogopara.com.br\/index.php\/author\/blogopara"},"uagb_comment_info":0,"uagb_excerpt":"A programa\u00e7\u00e3o da Semana do Beb\u00ea 2024 continua em Juazeiro e, nesta quinta-feira (16), as escolas municipais da sede e do interior do munic\u00edpio, as Unidades B\u00e1sicas de Sa\u00fade (UBSs) e os Centros de Refer\u00eancia da Assist\u00eancia Social (CRAS) realizaram atividades educativas, palestras e rodas de conversa sobre os cuidados com a primeira inf\u00e2ncia. A&hellip;","jetpack_sharing_enabled":true,"jetpack_likes_enabled":true,"_links":{"self":[{"href":"https:\/\/blogopara.com.br\/index.php\/wp-json\/wp\/v2\/posts\/65077","targetHints":{"allow":["GET"]}}],"collection":[{"href":"https:\/\/blogopara.com.br\/index.php\/wp-json\/wp\/v2\/posts"}],"about":[{"href":"https:\/\/blogopara.com.br\/index.php\/wp-json\/wp\/v2\/types\/post"}],"author":[{"embeddable":true,"href":"https:\/\/blogopara.com.br\/index.php\/wp-json\/wp\/v2\/users\/1"}],"replies":[{"embeddable":true,"href":"https:\/\/blogopara.com.br\/index.php\/wp-json\/wp\/v2\/comments?post=65077"}],"version-history":[{"count":1,"href":"https:\/\/blogopara.com.br\/index.php\/wp-json\/wp\/v2\/posts\/65077\/revisions"}],"predecessor-version":[{"id":65079,"href":"https:\/\/blogopara.com.br\/index.php\/wp-json\/wp\/v2\/posts\/65077\/revisions\/65079"}],"wp:featuredmedia":[{"embeddable":true,"href":"https:\/\/blogopara.com.br\/index.php\/wp-json\/wp\/v2\/media\/65078"}],"wp:attachment":[{"href":"https:\/\/blogopara.com.br\/index.php\/wp-json\/wp\/v2\/media?parent=65077"}],"wp:term":[{"taxonomy":"category","embeddable":true,"href":"https:\/\/blogopara.com.br\/index.php\/wp-json\/wp\/v2\/categories?post=65077"},{"taxonomy":"post_tag","embeddable":true,"href":"https:\/\/blogopara.com.br\/index.php\/wp-json\/wp\/v2\/tags?post=65077"}],"curies":[{"name":"wp","href":"https:\/\/api.w.org\/{rel}","templated":true}]}}