{"id":65080,"date":"2024-05-16T17:24:34","date_gmt":"2024-05-16T20:24:34","guid":{"rendered":"https:\/\/blogopara.com.br\/?p=65080"},"modified":"2024-05-16T17:24:37","modified_gmt":"2024-05-16T20:24:37","slug":"prefeita-suzana-ramos-inaugura-requalificacao-e-ampliacao-da-escola-municipal-professora-carmem-costa-santos-62a-unidade-de-ensino-entregue-na-gestao","status":"publish","type":"post","link":"https:\/\/blogopara.com.br\/index.php\/2024\/05\/16\/prefeita-suzana-ramos-inaugura-requalificacao-e-ampliacao-da-escola-municipal-professora-carmem-costa-santos-62a-unidade-de-ensino-entregue-na-gestao","title":{"rendered":"Prefeita Suzana Ramos inaugura requalifica\u00e7\u00e3o e amplia\u00e7\u00e3o da Escola Municipal Professora Carmem Costa Santos, 62\u00aa unidade de ensino entregue na gest\u00e3o"},"content":{"rendered":"<div style=\"text-align: justify;\">Com muito entusiasmo, a comunidade do bairro Alto da Alian\u00e7a recebeu nesta quinta-feira (16) a inaugura\u00e7\u00e3o da obra de requalifica\u00e7\u00e3o e amplia\u00e7\u00e3o da Escola Municipal Professora Carmem Costa Santos, 62\u00aa unidade de ensino, inaugurada pela prefeita Suzana Ramos. O evento marcou um novo cap\u00edtulo na hist\u00f3ria da educa\u00e7\u00e3o do bairro, que passa a contar com a segunda unidade de ensino totalmente renovada, garantindo ambientes mais adequados e acolhedores para o aprendizado dos alunos.<\/div>\n<div style=\"text-align: justify;\"><\/div>\n<div style=\"text-align: justify;\">\u201c\u00c9 com grande alegria que entrego mais uma conquista para a comunidade do Alto da Alian\u00e7a, que tem recebido investimentos significativos em infraestrutura, atrav\u00e9s da minha gest\u00e3o. Aqui, al\u00e9m da Escola Carmem Costa, j\u00e1 realizamos a obra de requalifica\u00e7\u00e3o da Emei Gentil Dam\u00e1sio Nascimento, requalifica\u00e7\u00e3o da UBS, pavimenta\u00e7\u00e3o de parte da Av. Irm\u00e3 Dulce, retomada da execu\u00e7\u00e3o do canal da Malhada da Areia, no trecho que faz conex\u00e3o com BA-210, incluindo a ilumina\u00e7\u00e3o e equipamentos de prote\u00e7\u00e3o, e a conclus\u00e3o da pavimenta\u00e7\u00e3o da rua do canal, onde fica localizada a rotat\u00f3ria de acesso a BA-210\u201d, destacou a prefeita de Juazeiro, Suzana Ramos.<\/div>\n<div style=\"text-align: justify;\"><\/div>\n<div style=\"text-align: justify;\">Prestigiando a programa\u00e7\u00e3o, Laine Ferreira dos Santos, que \u00e9 m\u00e3e da estudante de 6 anos, Anna Vit\u00f3ria Ferreira Lima, avaliou a transforma\u00e7\u00e3o realizada na unidade de ensino e agradeceu pelos investimentos realizados no bairro em que reside. \u201cO Alto da Alian\u00e7a est\u00e1 mudando de cara e a gente que mora na localidade s\u00f3 tem a agradecer \u00e0 prefeita. A reforma da escola agregou demais na melhoria do aprendizado da minha filha, que tem desenvolvido bastante. Ela sempre elogia o conforto da escola e qualidade de tudo que \u00e9 oferecido, merenda, material escolar e tudo mais\u201d, compartilhou Laine.<\/div>\n<div style=\"text-align: justify;\"><\/div>\n<div style=\"text-align: justify;\">Compareceram \u00e0 cerim\u00f4nia de inaugura\u00e7\u00e3o, os vereadores Gleidson Azevedo, Hitallo Marcelino e Jean Gomes, secret\u00e1rios municipais, assessores especiais do governo, comunidade escolar e moradores da regi\u00e3o. Lideran\u00e7a na localidade, o vereador Gleidson Azevedo falou sobre o compromisso da gest\u00e3o municipal com a comunidade.<\/div>\n<div style=\"text-align: justify;\"><\/div>\n<div style=\"text-align: justify;\">\u201c\u00c9 com muita alegria que celebramos essa requalifica\u00e7\u00e3o e amplia\u00e7\u00e3o da escola Carmem Costa, onde tive a oportunidade de estudar quando cursei a 1\u00b0 s\u00e9rie. Hoje a gente se junta com a alegria dos alunos por essa reforma, que trouxe mais conforto e qualidade para a educa\u00e7\u00e3o do nosso munic\u00edpio e que, a partir de agora, passa a atender diversas comunidades, como Alto da Alian\u00e7a, Vila Tiradentes, Jardim S\u00e3o Paulo e Jardim das Ac\u00e1cias. Nosso mais sincero agradecimento \u00e0 prefeita Suzana, ao secret\u00e1rio Wank Medrado, a toda equipe da Seduc por atender esse pedido da reforma com tamanha qualidade, do jeito que o povo tanto merece e precisa. Isso, sim, representa o fortalecimento da educa\u00e7\u00e3o\u201d, contou o vereador.<\/div>\n<div style=\"text-align: justify;\"><\/div>\n<div style=\"text-align: justify;\">A obra<\/div>\n<div style=\"text-align: justify;\">A nova estrutura da unidade escolar recebeu a amplia\u00e7\u00e3o da despensa, constru\u00e7\u00e3o de muro na lateral, modifica\u00e7\u00e3o da entrada, retirada de \u00e1rvore de grande porte e servi\u00e7os de manuten\u00e7\u00e3o, como pintura geral, corre\u00e7\u00e3o de infiltra\u00e7\u00f5es, revis\u00e3o de telhado, troca de revestimentos deteriorados, impermeabiliza\u00e7\u00e3o da laje, troca de lou\u00e7as e portas, revis\u00e3o das instala\u00e7\u00f5es el\u00e9tricas e hidrossanit\u00e1rias, corre\u00e7\u00e3o de pisos danificados e muito mais.<\/div>\n<div style=\"text-align: justify;\"><\/div>\n<div style=\"text-align: justify;\">\u2014<\/div>\n<div style=\"text-align: justify;\">Texto: Camila Santana \u2013 Ascom Seduc\/PMJ<\/div>\n<div style=\"text-align: justify;\">Fotos: Ayrton Latapiat \u2013 Ascom\/PMJ<\/div>\n<div style=\"text-align: justify;\"><\/div>\n","protected":false},"excerpt":{"rendered":"<p>Com muito entusiasmo, a comunidade do bairro Alto da Alian\u00e7a recebeu nesta quinta-feira (16) a inaugura\u00e7\u00e3o da obra de requalifica\u00e7\u00e3o e amplia\u00e7\u00e3o da Escola Municipal Professora Carmem Costa Santos, 62\u00aa unidade de ensino, inaugurada pela prefeita Suzana Ramos. O evento marcou um novo cap\u00edtulo na hist\u00f3ria da educa\u00e7\u00e3o do bairro, que passa a contar com [&hellip;]<\/p>\n","protected":false},"author":1,"featured_media":65081,"comment_status":"open","ping_status":"open","sticky":false,"template":"","format":"standard","meta":{"_uag_custom_page_level_css":"","_monsterinsights_skip_tracking":false,"_monsterinsights_sitenote_active":false,"_monsterinsights_sitenote_note":"","_monsterinsights_sitenote_category":0,"jetpack_post_was_ever_published":false,"_jetpack_newsletter_access":"","_jetpack_dont_email_post_to_subs":false,"_jetpack_newsletter_tier_id":0,"_jetpack_memberships_contains_paywalled_content":false,"_jetpack_memberships_contains_paid_content":false,"footnotes":"","jetpack_publicize_message":"","jetpack_publicize_feature_enabled":true,"jetpack_social_post_already_shared":true,"jetpack_social_options":{"image_generator_settings":{"template":"highway","default_image_id":0,"font":"","enabled":false},"version":2}},"categories":[203],"tags":[],"class_list":["post-65080","post","type-post","status-publish","format-standard","has-post-thumbnail","hentry","category-juazeiro"],"jetpack_publicize_connections":[],"jetpack_featured_media_url":"https:\/\/blogopara.com.br\/wp-content\/uploads\/2024\/05\/thumbnail_WhatsApp-Image-2024-05-16-at-14.11.50.jpg","uagb_featured_image_src":{"full":["https:\/\/blogopara.com.br\/wp-content\/uploads\/2024\/05\/thumbnail_WhatsApp-Image-2024-05-16-at-14.11.50.jpg",500,312,false],"thumbnail":["https:\/\/blogopara.com.br\/wp-content\/uploads\/2024\/05\/thumbnail_WhatsApp-Image-2024-05-16-at-14.11.50-150x150.jpg",150,150,true],"medium":["https:\/\/blogopara.com.br\/wp-content\/uploads\/2024\/05\/thumbnail_WhatsApp-Image-2024-05-16-at-14.11.50-300x187.jpg",300,187,true],"medium_large":["https:\/\/blogopara.com.br\/wp-content\/uploads\/2024\/05\/thumbnail_WhatsApp-Image-2024-05-16-at-14.11.50.jpg",500,312,false],"large":["https:\/\/blogopara.com.br\/wp-content\/uploads\/2024\/05\/thumbnail_WhatsApp-Image-2024-05-16-at-14.11.50.jpg",500,312,false],"1536x1536":["https:\/\/blogopara.com.br\/wp-content\/uploads\/2024\/05\/thumbnail_WhatsApp-Image-2024-05-16-at-14.11.50.jpg",500,312,false],"2048x2048":["https:\/\/blogopara.com.br\/wp-content\/uploads\/2024\/05\/thumbnail_WhatsApp-Image-2024-05-16-at-14.11.50.jpg",500,312,false],"mantranews-slider-large":["https:\/\/blogopara.com.br\/wp-content\/uploads\/2024\/05\/thumbnail_WhatsApp-Image-2024-05-16-at-14.11.50.jpg",500,312,false],"mantranews-featured-medium":["https:\/\/blogopara.com.br\/wp-content\/uploads\/2024\/05\/thumbnail_WhatsApp-Image-2024-05-16-at-14.11.50-420x307.jpg",420,307,true],"mantranews-featured-long":["https:\/\/blogopara.com.br\/wp-content\/uploads\/2024\/05\/thumbnail_WhatsApp-Image-2024-05-16-at-14.11.50-300x312.jpg",300,312,true],"mantranews-block-medium":["https:\/\/blogopara.com.br\/wp-content\/uploads\/2024\/05\/thumbnail_WhatsApp-Image-2024-05-16-at-14.11.50-464x290.jpg",464,290,true],"mantranews-carousel-image":["https:\/\/blogopara.com.br\/wp-content\/uploads\/2024\/05\/thumbnail_WhatsApp-Image-2024-05-16-at-14.11.50.jpg",500,312,false],"mantranews-block-thumb":["https:\/\/blogopara.com.br\/wp-content\/uploads\/2024\/05\/thumbnail_WhatsApp-Image-2024-05-16-at-14.11.50-322x230.jpg",322,230,true],"mantranews-single-large":["https:\/\/blogopara.com.br\/wp-content\/uploads\/2024\/05\/thumbnail_WhatsApp-Image-2024-05-16-at-14.11.50.jpg",500,312,false]},"uagb_author_info":{"display_name":"Reda\u00e7\u00e3o geral","author_link":"https:\/\/blogopara.com.br\/index.php\/author\/blogopara"},"uagb_comment_info":0,"uagb_excerpt":"Com muito entusiasmo, a comunidade do bairro Alto da Alian\u00e7a recebeu nesta quinta-feira (16) a inaugura\u00e7\u00e3o da obra de requalifica\u00e7\u00e3o e amplia\u00e7\u00e3o da Escola Municipal Professora Carmem Costa Santos, 62\u00aa unidade de ensino, inaugurada pela prefeita Suzana Ramos. O evento marcou um novo cap\u00edtulo na hist\u00f3ria da educa\u00e7\u00e3o do bairro, que passa a contar com&hellip;","jetpack_sharing_enabled":true,"jetpack_likes_enabled":true,"_links":{"self":[{"href":"https:\/\/blogopara.com.br\/index.php\/wp-json\/wp\/v2\/posts\/65080","targetHints":{"allow":["GET"]}}],"collection":[{"href":"https:\/\/blogopara.com.br\/index.php\/wp-json\/wp\/v2\/posts"}],"about":[{"href":"https:\/\/blogopara.com.br\/index.php\/wp-json\/wp\/v2\/types\/post"}],"author":[{"embeddable":true,"href":"https:\/\/blogopara.com.br\/index.php\/wp-json\/wp\/v2\/users\/1"}],"replies":[{"embeddable":true,"href":"https:\/\/blogopara.com.br\/index.php\/wp-json\/wp\/v2\/comments?post=65080"}],"version-history":[{"count":1,"href":"https:\/\/blogopara.com.br\/index.php\/wp-json\/wp\/v2\/posts\/65080\/revisions"}],"predecessor-version":[{"id":65082,"href":"https:\/\/blogopara.com.br\/index.php\/wp-json\/wp\/v2\/posts\/65080\/revisions\/65082"}],"wp:featuredmedia":[{"embeddable":true,"href":"https:\/\/blogopara.com.br\/index.php\/wp-json\/wp\/v2\/media\/65081"}],"wp:attachment":[{"href":"https:\/\/blogopara.com.br\/index.php\/wp-json\/wp\/v2\/media?parent=65080"}],"wp:term":[{"taxonomy":"category","embeddable":true,"href":"https:\/\/blogopara.com.br\/index.php\/wp-json\/wp\/v2\/categories?post=65080"},{"taxonomy":"post_tag","embeddable":true,"href":"https:\/\/blogopara.com.br\/index.php\/wp-json\/wp\/v2\/tags?post=65080"}],"curies":[{"name":"wp","href":"https:\/\/api.w.org\/{rel}","templated":true}]}}