{"id":65086,"date":"2024-05-16T20:14:59","date_gmt":"2024-05-16T23:14:59","guid":{"rendered":"https:\/\/blogopara.com.br\/?p=65086"},"modified":"2024-05-16T20:15:03","modified_gmt":"2024-05-16T23:15:03","slug":"crianca-de-3-anos-e-esquecida-dentro-de-van-escolar-na-bahia-e-fica-presa-no-veiculo-durante-40-minutos","status":"publish","type":"post","link":"https:\/\/blogopara.com.br\/index.php\/2024\/05\/16\/crianca-de-3-anos-e-esquecida-dentro-de-van-escolar-na-bahia-e-fica-presa-no-veiculo-durante-40-minutos","title":{"rendered":"Crian\u00e7a de 3 anos \u00e9 esquecida dentro de van escolar na Bahia e fica presa no ve\u00edculo durante 40 minutos"},"content":{"rendered":"<p style=\"text-align: justify;\">Uma crian\u00e7a de tr\u00eas anos foi esquecida dentro de uma van escolar na zona rural de Campo Formoso, no norte da Bahia. De acordo com a fam\u00edlia, o caso aconteceu na volta do col\u00e9gio e a crian\u00e7a ficou presa no ve\u00edculo por cerca de 40 minutos. Ela passa bem.<\/p>\n<p style=\"text-align: justify;\">Em mar\u00e7o deste ano, um caso parecido aconteceu em Alagoinhas, a 110 km de Salvador. Uma menina de quatro anos morreu ap\u00f3s ser esquecida pelo pai dentro do carro.<\/p>\n<p style=\"text-align: justify;\">O caso de Campo Formoso aconteceu na segunda-feira (13). A crian\u00e7a, que \u00e9 estudante da Escola Quilombola Rural Professora Ang\u00e9lica Pinto de Carvalho, deveria ser deixada na comunidade Lage dos Negros no fim da manh\u00e3.<\/p>\n<p style=\"text-align: justify;\">Quando os familiares foram busc\u00e1-la no ponto de parada da van, n\u00e3o a encontraram l\u00e1. O motorista e a auxiliar teriam informado que a crian\u00e7a n\u00e3o estava no ve\u00edculo.<\/p>\n<p style=\"text-align: justify;\">Entre 11h20 e 12h, os familiares procuravam a crian\u00e7a pela comunidade Lage dos Negros, quando foram informados que vizinhos ouviram um choro dentro da van, que j\u00e1 estava estacionada na \u00faltima parada.<\/p>\n<p style=\"text-align: justify;\">A crian\u00e7a estava dentro do ve\u00edculo, sozinha e quase sem voz. N\u00e3o foi informado se ela foi encaminhada para alguma unidade de sa\u00fade.<\/p>\n<p style=\"text-align: justify;\">Segundo a fam\u00edlia, houve uma reuni\u00e3o com a escola, mas ainda n\u00e3o foi esclarecido como a crian\u00e7a foi deixada dentro do ve\u00edculo.<\/p>\n<p style=\"text-align: justify;\">Em nota, a prefeitura de Campo Formoso confirmou que houve uma reuni\u00e3o com a fam\u00edlia e que uma nota ser\u00e1 emitida em breve.<\/p>\n","protected":false},"excerpt":{"rendered":"<p>Uma crian\u00e7a de tr\u00eas anos foi esquecida dentro de uma van escolar na zona rural de Campo Formoso, no norte da Bahia. De acordo com a fam\u00edlia, o caso aconteceu na volta do col\u00e9gio e a crian\u00e7a ficou presa no ve\u00edculo por cerca de 40 minutos. Ela passa bem. Em mar\u00e7o deste ano, um caso [&hellip;]<\/p>\n","protected":false},"author":1,"featured_media":65087,"comment_status":"open","ping_status":"open","sticky":false,"template":"","format":"standard","meta":{"_uag_custom_page_level_css":"","_monsterinsights_skip_tracking":false,"_monsterinsights_sitenote_active":false,"_monsterinsights_sitenote_note":"","_monsterinsights_sitenote_category":0,"jetpack_post_was_ever_published":false,"_jetpack_newsletter_access":"","_jetpack_dont_email_post_to_subs":false,"_jetpack_newsletter_tier_id":0,"_jetpack_memberships_contains_paywalled_content":false,"_jetpack_memberships_contains_paid_content":false,"footnotes":"","jetpack_publicize_message":"","jetpack_publicize_feature_enabled":true,"jetpack_social_post_already_shared":true,"jetpack_social_options":{"image_generator_settings":{"template":"highway","default_image_id":0,"font":"","enabled":false},"version":2}},"categories":[199],"tags":[],"class_list":["post-65086","post","type-post","status-publish","format-standard","has-post-thumbnail","hentry","category-bahia"],"jetpack_publicize_connections":[],"jetpack_featured_media_url":"https:\/\/blogopara.com.br\/wp-content\/uploads\/2024\/05\/van-escolar-600x400-1.jpg","uagb_featured_image_src":{"full":["https:\/\/blogopara.com.br\/wp-content\/uploads\/2024\/05\/van-escolar-600x400-1.jpg",500,333,false],"thumbnail":["https:\/\/blogopara.com.br\/wp-content\/uploads\/2024\/05\/van-escolar-600x400-1-150x150.jpg",150,150,true],"medium":["https:\/\/blogopara.com.br\/wp-content\/uploads\/2024\/05\/van-escolar-600x400-1-300x200.jpg",300,200,true],"medium_large":["https:\/\/blogopara.com.br\/wp-content\/uploads\/2024\/05\/van-escolar-600x400-1.jpg",500,333,false],"large":["https:\/\/blogopara.com.br\/wp-content\/uploads\/2024\/05\/van-escolar-600x400-1.jpg",500,333,false],"1536x1536":["https:\/\/blogopara.com.br\/wp-content\/uploads\/2024\/05\/van-escolar-600x400-1.jpg",500,333,false],"2048x2048":["https:\/\/blogopara.com.br\/wp-content\/uploads\/2024\/05\/van-escolar-600x400-1.jpg",500,333,false],"mantranews-slider-large":["https:\/\/blogopara.com.br\/wp-content\/uploads\/2024\/05\/van-escolar-600x400-1.jpg",500,333,false],"mantranews-featured-medium":["https:\/\/blogopara.com.br\/wp-content\/uploads\/2024\/05\/van-escolar-600x400-1-420x307.jpg",420,307,true],"mantranews-featured-long":["https:\/\/blogopara.com.br\/wp-content\/uploads\/2024\/05\/van-escolar-600x400-1-300x333.jpg",300,333,true],"mantranews-block-medium":["https:\/\/blogopara.com.br\/wp-content\/uploads\/2024\/05\/van-escolar-600x400-1-464x290.jpg",464,290,true],"mantranews-carousel-image":["https:\/\/blogopara.com.br\/wp-content\/uploads\/2024\/05\/van-escolar-600x400-1.jpg",500,333,false],"mantranews-block-thumb":["https:\/\/blogopara.com.br\/wp-content\/uploads\/2024\/05\/van-escolar-600x400-1-322x230.jpg",322,230,true],"mantranews-single-large":["https:\/\/blogopara.com.br\/wp-content\/uploads\/2024\/05\/van-escolar-600x400-1.jpg",500,333,false]},"uagb_author_info":{"display_name":"Reda\u00e7\u00e3o geral","author_link":"https:\/\/blogopara.com.br\/index.php\/author\/blogopara"},"uagb_comment_info":0,"uagb_excerpt":"Uma crian\u00e7a de tr\u00eas anos foi esquecida dentro de uma van escolar na zona rural de Campo Formoso, no norte da Bahia. De acordo com a fam\u00edlia, o caso aconteceu na volta do col\u00e9gio e a crian\u00e7a ficou presa no ve\u00edculo por cerca de 40 minutos. Ela passa bem. Em mar\u00e7o deste ano, um caso&hellip;","jetpack_sharing_enabled":true,"jetpack_likes_enabled":true,"_links":{"self":[{"href":"https:\/\/blogopara.com.br\/index.php\/wp-json\/wp\/v2\/posts\/65086","targetHints":{"allow":["GET"]}}],"collection":[{"href":"https:\/\/blogopara.com.br\/index.php\/wp-json\/wp\/v2\/posts"}],"about":[{"href":"https:\/\/blogopara.com.br\/index.php\/wp-json\/wp\/v2\/types\/post"}],"author":[{"embeddable":true,"href":"https:\/\/blogopara.com.br\/index.php\/wp-json\/wp\/v2\/users\/1"}],"replies":[{"embeddable":true,"href":"https:\/\/blogopara.com.br\/index.php\/wp-json\/wp\/v2\/comments?post=65086"}],"version-history":[{"count":1,"href":"https:\/\/blogopara.com.br\/index.php\/wp-json\/wp\/v2\/posts\/65086\/revisions"}],"predecessor-version":[{"id":65088,"href":"https:\/\/blogopara.com.br\/index.php\/wp-json\/wp\/v2\/posts\/65086\/revisions\/65088"}],"wp:featuredmedia":[{"embeddable":true,"href":"https:\/\/blogopara.com.br\/index.php\/wp-json\/wp\/v2\/media\/65087"}],"wp:attachment":[{"href":"https:\/\/blogopara.com.br\/index.php\/wp-json\/wp\/v2\/media?parent=65086"}],"wp:term":[{"taxonomy":"category","embeddable":true,"href":"https:\/\/blogopara.com.br\/index.php\/wp-json\/wp\/v2\/categories?post=65086"},{"taxonomy":"post_tag","embeddable":true,"href":"https:\/\/blogopara.com.br\/index.php\/wp-json\/wp\/v2\/tags?post=65086"}],"curies":[{"name":"wp","href":"https:\/\/api.w.org\/{rel}","templated":true}]}}