{"id":65131,"date":"2024-05-17T12:44:00","date_gmt":"2024-05-17T15:44:00","guid":{"rendered":"https:\/\/blogopara.com.br\/?p=65131"},"modified":"2024-05-17T08:46:40","modified_gmt":"2024-05-17T11:46:40","slug":"prefeitura-de-juazeiro-reforca-limpeza-no-bairro-joao-paulo-ii-durante-as-comemoracoes-de-aniversario","status":"publish","type":"post","link":"https:\/\/blogopara.com.br\/index.php\/2024\/05\/17\/prefeitura-de-juazeiro-reforca-limpeza-no-bairro-joao-paulo-ii-durante-as-comemoracoes-de-aniversario","title":{"rendered":"Prefeitura de Juazeiro refor\u00e7a limpeza no bairro Jo\u00e3o Paulo II durante as comemora\u00e7\u00f5es de anivers\u00e1rio"},"content":{"rendered":"<p class=\"x_MsoNormal\" style=\"text-align: justify;\">A Prefeitura de Juazeiro, atrav\u00e9s da Secretaria de Servi\u00e7os P\u00fablicos (Sesp), est\u00e1 realizando uma s\u00e9rie de a\u00e7\u00f5es de limpeza no Jo\u00e3o Paulo II em prepara\u00e7\u00e3o para as comemora\u00e7\u00f5es de anivers\u00e1rio do bairro, que ocorrem neste final de semana. A iniciativa visa melhorar, ainda mais, o aspecto visual do Jo\u00e3o Paulo II e a qualidade do ambiente para receber os moradores e visitantes durante os eventos planejados.<\/p>\n<p class=\"x_MsoNormal\" style=\"text-align: justify;\">&#8220;Temos a\u00e7\u00f5es de limpeza rotineiras no bairro, mas esta semana estamos trabalhando mais arduamente para garantir que o bairro esteja ainda mais limpo e organizado para receber as a\u00e7\u00f5es comemorativas. \u00c9 mais uma oportunidade para mostrar o compromisso da prefeitura com quest\u00f5es importantes para as comunidades&#8221;, afirmou o secret\u00e1rio Vald\u00edcio Pinheiro.<\/p>\n<p class=\"x_MsoNormal\" style=\"text-align: justify;\">Entre as atividades realizadas, est\u00e3o limpeza de vias p\u00fablicas com capina\u00e7\u00e3o, varri\u00e7\u00e3o, retirada de entulho, poda, pintura de meio-fio e reparos na ilumina\u00e7\u00e3o. A equipe de limpeza est\u00e1 concentrando seus esfor\u00e7os nas principais ruas e pra\u00e7as do bairro, buscando proporcionar um ambiente agrad\u00e1vel e acolhedor para os moradores e visitantes.<\/p>\n<p class=\"x_MsoNormal\" style=\"text-align: justify;\">\u201cAs a\u00e7\u00f5es de limpeza s\u00e3o parte de um esfor\u00e7o conjunto entre a prefeitura e a comunidade local e a expectativa \u00e9 de que as comemora\u00e7\u00f5es de anivers\u00e1rio ocorram em um ambiente de cuidado e zelo, prop\u00edcio para celebrar e confraternizar\u201d, completou.<\/p>\n<p style=\"text-align: justify;\">\u00a0&#8212;<\/p>\n<p style=\"text-align: justify;\">Texto: Fabiana Diniz- Ascom Sesp PMJ<\/p>\n","protected":false},"excerpt":{"rendered":"<p>A Prefeitura de Juazeiro, atrav\u00e9s da Secretaria de Servi\u00e7os P\u00fablicos (Sesp), est\u00e1 realizando uma s\u00e9rie de a\u00e7\u00f5es de limpeza no Jo\u00e3o Paulo II em prepara\u00e7\u00e3o para as comemora\u00e7\u00f5es de anivers\u00e1rio do bairro, que ocorrem neste final de semana. A iniciativa visa melhorar, ainda mais, o aspecto visual do Jo\u00e3o Paulo II e a qualidade do [&hellip;]<\/p>\n","protected":false},"author":1,"featured_media":65132,"comment_status":"open","ping_status":"open","sticky":false,"template":"","format":"standard","meta":{"_uag_custom_page_level_css":"","_monsterinsights_skip_tracking":false,"_monsterinsights_sitenote_active":false,"_monsterinsights_sitenote_note":"","_monsterinsights_sitenote_category":0,"jetpack_post_was_ever_published":false,"_jetpack_newsletter_access":"","_jetpack_dont_email_post_to_subs":false,"_jetpack_newsletter_tier_id":0,"_jetpack_memberships_contains_paywalled_content":false,"_jetpack_memberships_contains_paid_content":false,"footnotes":"","jetpack_publicize_message":"","jetpack_publicize_feature_enabled":true,"jetpack_social_post_already_shared":true,"jetpack_social_options":{"image_generator_settings":{"template":"highway","default_image_id":0,"font":"","enabled":false},"version":2}},"categories":[203],"tags":[],"class_list":["post-65131","post","type-post","status-publish","format-standard","has-post-thumbnail","hentry","category-juazeiro"],"jetpack_publicize_connections":[],"jetpack_featured_media_url":"https:\/\/blogopara.com.br\/wp-content\/uploads\/2024\/05\/thumbnail_sesp-1.jpg","uagb_featured_image_src":{"full":["https:\/\/blogopara.com.br\/wp-content\/uploads\/2024\/05\/thumbnail_sesp-1.jpg",500,433,false],"thumbnail":["https:\/\/blogopara.com.br\/wp-content\/uploads\/2024\/05\/thumbnail_sesp-1-150x150.jpg",150,150,true],"medium":["https:\/\/blogopara.com.br\/wp-content\/uploads\/2024\/05\/thumbnail_sesp-1-300x260.jpg",300,260,true],"medium_large":["https:\/\/blogopara.com.br\/wp-content\/uploads\/2024\/05\/thumbnail_sesp-1.jpg",500,433,false],"large":["https:\/\/blogopara.com.br\/wp-content\/uploads\/2024\/05\/thumbnail_sesp-1.jpg",500,433,false],"1536x1536":["https:\/\/blogopara.com.br\/wp-content\/uploads\/2024\/05\/thumbnail_sesp-1.jpg",500,433,false],"2048x2048":["https:\/\/blogopara.com.br\/wp-content\/uploads\/2024\/05\/thumbnail_sesp-1.jpg",500,433,false],"mantranews-slider-large":["https:\/\/blogopara.com.br\/wp-content\/uploads\/2024\/05\/thumbnail_sesp-1.jpg",500,433,false],"mantranews-featured-medium":["https:\/\/blogopara.com.br\/wp-content\/uploads\/2024\/05\/thumbnail_sesp-1-420x307.jpg",420,307,true],"mantranews-featured-long":["https:\/\/blogopara.com.br\/wp-content\/uploads\/2024\/05\/thumbnail_sesp-1-300x433.jpg",300,433,true],"mantranews-block-medium":["https:\/\/blogopara.com.br\/wp-content\/uploads\/2024\/05\/thumbnail_sesp-1-464x290.jpg",464,290,true],"mantranews-carousel-image":["https:\/\/blogopara.com.br\/wp-content\/uploads\/2024\/05\/thumbnail_sesp-1.jpg",500,433,false],"mantranews-block-thumb":["https:\/\/blogopara.com.br\/wp-content\/uploads\/2024\/05\/thumbnail_sesp-1-322x230.jpg",322,230,true],"mantranews-single-large":["https:\/\/blogopara.com.br\/wp-content\/uploads\/2024\/05\/thumbnail_sesp-1.jpg",500,433,false]},"uagb_author_info":{"display_name":"Reda\u00e7\u00e3o geral","author_link":"https:\/\/blogopara.com.br\/index.php\/author\/blogopara"},"uagb_comment_info":0,"uagb_excerpt":"A Prefeitura de Juazeiro, atrav\u00e9s da Secretaria de Servi\u00e7os P\u00fablicos (Sesp), est\u00e1 realizando uma s\u00e9rie de a\u00e7\u00f5es de limpeza no Jo\u00e3o Paulo II em prepara\u00e7\u00e3o para as comemora\u00e7\u00f5es de anivers\u00e1rio do bairro, que ocorrem neste final de semana. A iniciativa visa melhorar, ainda mais, o aspecto visual do Jo\u00e3o Paulo II e a qualidade do&hellip;","jetpack_sharing_enabled":true,"jetpack_likes_enabled":true,"_links":{"self":[{"href":"https:\/\/blogopara.com.br\/index.php\/wp-json\/wp\/v2\/posts\/65131","targetHints":{"allow":["GET"]}}],"collection":[{"href":"https:\/\/blogopara.com.br\/index.php\/wp-json\/wp\/v2\/posts"}],"about":[{"href":"https:\/\/blogopara.com.br\/index.php\/wp-json\/wp\/v2\/types\/post"}],"author":[{"embeddable":true,"href":"https:\/\/blogopara.com.br\/index.php\/wp-json\/wp\/v2\/users\/1"}],"replies":[{"embeddable":true,"href":"https:\/\/blogopara.com.br\/index.php\/wp-json\/wp\/v2\/comments?post=65131"}],"version-history":[{"count":1,"href":"https:\/\/blogopara.com.br\/index.php\/wp-json\/wp\/v2\/posts\/65131\/revisions"}],"predecessor-version":[{"id":65133,"href":"https:\/\/blogopara.com.br\/index.php\/wp-json\/wp\/v2\/posts\/65131\/revisions\/65133"}],"wp:featuredmedia":[{"embeddable":true,"href":"https:\/\/blogopara.com.br\/index.php\/wp-json\/wp\/v2\/media\/65132"}],"wp:attachment":[{"href":"https:\/\/blogopara.com.br\/index.php\/wp-json\/wp\/v2\/media?parent=65131"}],"wp:term":[{"taxonomy":"category","embeddable":true,"href":"https:\/\/blogopara.com.br\/index.php\/wp-json\/wp\/v2\/categories?post=65131"},{"taxonomy":"post_tag","embeddable":true,"href":"https:\/\/blogopara.com.br\/index.php\/wp-json\/wp\/v2\/tags?post=65131"}],"curies":[{"name":"wp","href":"https:\/\/api.w.org\/{rel}","templated":true}]}}