{"id":65143,"date":"2024-05-19T10:35:00","date_gmt":"2024-05-19T13:35:00","guid":{"rendered":"https:\/\/blogopara.com.br\/?p=65143"},"modified":"2024-05-18T21:37:38","modified_gmt":"2024-05-19T00:37:38","slug":"com-a-presenca-da-prefeita-suzana-ramos-feira-de-servicos-raizes-da-gente-e-sucesso-de-publico-no-aniversario-do-bairro-joao-paulo-ii","status":"publish","type":"post","link":"https:\/\/blogopara.com.br\/index.php\/2024\/05\/19\/com-a-presenca-da-prefeita-suzana-ramos-feira-de-servicos-raizes-da-gente-e-sucesso-de-publico-no-aniversario-do-bairro-joao-paulo-ii","title":{"rendered":"Com a presen\u00e7a da prefeita Suzana Ramos, feira de servi\u00e7os \u2018Ra\u00edzes da Gente\u2019 \u00e9 sucesso de p\u00fablico no anivers\u00e1rio do bairro Jo\u00e3o Paulo II"},"content":{"rendered":"<p style=\"text-align: justify;\">Com a presen\u00e7a da prefeita Suzana Ramos, a feira de servi\u00e7os \u201cRa\u00edzes da Gente\u201d, realizada pela Prefeitura de Juazeiro, foi um sucesso no Jo\u00e3o Paulo II, em comemora\u00e7\u00e3o aos 45 anos do bairro. A a\u00e7\u00e3o promoveu o desenvolvimento local e ofereceu uma variedade de servi\u00e7os p\u00fablicos nas \u00e1reas de sa\u00fade, educa\u00e7\u00e3o, desenvolvimento social e meio ambiente. A popula\u00e7\u00e3o compareceu em grande n\u00famero para prestigiar o evento e acessar os servi\u00e7os disponibilizados pela gest\u00e3o.<\/p>\n<p style=\"text-align: justify;\"><img loading=\"lazy\" decoding=\"async\" class=\"aligncenter size-full wp-image-100586\" src=\"https:\/\/www.juazeiro.ba.gov.br\/wp-content\/uploads\/2024\/05\/IMG-20240518-WA0034-e1716060197887.jpg\" alt=\"\" width=\"800\" height=\"533\" \/>Ao longo de toda a manh\u00e3, equipes das Secretarias de Desenvolvimento Social, Mulher e Diversidade, de Sa\u00fade, SAAE, de Meio Ambiente e Ordenamento Urbano e de Educa\u00e7\u00e3o e Juventude atenderam os moradores nas salas e nos stands montados em frente \u00e0 escola Professora Mazzarello Cavalcanti Reis da Rocha e tamb\u00e9m na Unidade B\u00e1sica de Sa\u00fade do bairro. Moradores como dona Maria da Silva aproveitaram a oportunidade de ter diversos servi\u00e7os pertinho de casa. \u201cVim para atualizar meus dados do Bolsa Fam\u00edlia e aproveitei para trazer as crian\u00e7as para brincarem um pouco\u201d, afirmou. As crian\u00e7as brincaram, assistiram apresenta\u00e7\u00f5es teatrais e musicais e aproveitaram as guloseimas que a Secretaria de Educa\u00e7\u00e3o disponibilizou para o p\u00fablico infantil. J\u00e1 dona Luc\u00e9lia da Silva aproveitou para atualizar o cart\u00e3o de vacina. \u201cNa correira do dia a dia a gente acaba n\u00e3o tendo tempo, ent\u00e3o hoje aproveitei pra vir tomar a vacina contra a gripe\u201d, comentou.<\/p>\n<p style=\"text-align: justify;\"><img loading=\"lazy\" decoding=\"async\" class=\"aligncenter size-full wp-image-100587\" src=\"https:\/\/www.juazeiro.ba.gov.br\/wp-content\/uploads\/2024\/05\/IMG-20240518-WA0032-e1716060238917.jpg\" alt=\"\" width=\"800\" height=\"533\" \/>Quem tamb\u00e9m aproveitou para atualizar o cart\u00e3o de vacina foi a prefeita Suzana Ramos, que fez quest\u00e3o de visitar todos os servi\u00e7os dispon\u00edveis. \u201cNessas comemora\u00e7\u00f5es de anivers\u00e1rio do bairro eu quis trazer servi\u00e7os que, de fato, contribu\u00edssem e agregassem \u00e0 popula\u00e7\u00e3o. Eu tamb\u00e9m n\u00e3o ia perder essa oportunidade\u201d, ressaltou a prefeita, falando ainda dos diversos benef\u00edcios trazidos pela gest\u00e3o para o bairro. \u201cMuito feliz por comemorar essa data com entregas importantes. Iniciamos a pavimenta\u00e7\u00e3o de mais de 15 ruas, entregamos a reforma do Restaurante Popular, do CRAS, escolas, CEO, avenida de LED e muito mais ainda vir\u00e1 para essa comunidade t\u00e3o importante do nosso munic\u00edpio\u201d, completou a prefeita.<\/p>\n<p style=\"text-align: justify;\"><img loading=\"lazy\" decoding=\"async\" class=\"aligncenter size-full wp-image-100588\" src=\"https:\/\/www.juazeiro.ba.gov.br\/wp-content\/uploads\/2024\/05\/IMG-20240518-WA0031-e1716060271627.jpg\" alt=\"\" width=\"800\" height=\"533\" \/>As comemora\u00e7\u00f5es de anivers\u00e1rio se encerram na noite deste s\u00e1bado com shows de Banda Iago &amp; Jhone Rafinha Asas e Natynho Capim.<\/p>\n<p style=\"text-align: justify;\"><span style=\"font-size: revert; color: initial;\">Fonte: Ascom\/PMJ<\/span><\/p>\n","protected":false},"excerpt":{"rendered":"<p>Com a presen\u00e7a da prefeita Suzana Ramos, a feira de servi\u00e7os \u201cRa\u00edzes da Gente\u201d, realizada pela Prefeitura de Juazeiro, foi um sucesso no Jo\u00e3o Paulo II, em comemora\u00e7\u00e3o aos 45 anos do bairro. A a\u00e7\u00e3o promoveu o desenvolvimento local e ofereceu uma variedade de servi\u00e7os p\u00fablicos nas \u00e1reas de sa\u00fade, educa\u00e7\u00e3o, desenvolvimento social e meio [&hellip;]<\/p>\n","protected":false},"author":1,"featured_media":65144,"comment_status":"open","ping_status":"open","sticky":false,"template":"","format":"standard","meta":{"_uag_custom_page_level_css":"","_monsterinsights_skip_tracking":false,"_monsterinsights_sitenote_active":false,"_monsterinsights_sitenote_note":"","_monsterinsights_sitenote_category":0,"jetpack_post_was_ever_published":false,"_jetpack_newsletter_access":"","_jetpack_dont_email_post_to_subs":false,"_jetpack_newsletter_tier_id":0,"_jetpack_memberships_contains_paywalled_content":false,"_jetpack_memberships_contains_paid_content":false,"footnotes":"","jetpack_publicize_message":"","jetpack_publicize_feature_enabled":true,"jetpack_social_post_already_shared":true,"jetpack_social_options":{"image_generator_settings":{"template":"highway","default_image_id":0,"font":"","enabled":false},"version":2}},"categories":[1504,203],"tags":[11,143],"class_list":["post-65143","post","type-post","status-publish","format-standard","has-post-thumbnail","hentry","category-comunidade","category-juazeiro","tag-bahia","tag-juazeiro-da-bahia"],"jetpack_publicize_connections":[],"jetpack_featured_media_url":"https:\/\/blogopara.com.br\/wp-content\/uploads\/2024\/05\/IMG-20240518-WA0035-e1716060156846.jpg","uagb_featured_image_src":{"full":["https:\/\/blogopara.com.br\/wp-content\/uploads\/2024\/05\/IMG-20240518-WA0035-e1716060156846.jpg",500,333,false],"thumbnail":["https:\/\/blogopara.com.br\/wp-content\/uploads\/2024\/05\/IMG-20240518-WA0035-e1716060156846-150x150.jpg",150,150,true],"medium":["https:\/\/blogopara.com.br\/wp-content\/uploads\/2024\/05\/IMG-20240518-WA0035-e1716060156846-300x200.jpg",300,200,true],"medium_large":["https:\/\/blogopara.com.br\/wp-content\/uploads\/2024\/05\/IMG-20240518-WA0035-e1716060156846.jpg",500,333,false],"large":["https:\/\/blogopara.com.br\/wp-content\/uploads\/2024\/05\/IMG-20240518-WA0035-e1716060156846.jpg",500,333,false],"1536x1536":["https:\/\/blogopara.com.br\/wp-content\/uploads\/2024\/05\/IMG-20240518-WA0035-e1716060156846.jpg",500,333,false],"2048x2048":["https:\/\/blogopara.com.br\/wp-content\/uploads\/2024\/05\/IMG-20240518-WA0035-e1716060156846.jpg",500,333,false],"mantranews-slider-large":["https:\/\/blogopara.com.br\/wp-content\/uploads\/2024\/05\/IMG-20240518-WA0035-e1716060156846.jpg",500,333,false],"mantranews-featured-medium":["https:\/\/blogopara.com.br\/wp-content\/uploads\/2024\/05\/IMG-20240518-WA0035-e1716060156846-420x307.jpg",420,307,true],"mantranews-featured-long":["https:\/\/blogopara.com.br\/wp-content\/uploads\/2024\/05\/IMG-20240518-WA0035-e1716060156846-300x333.jpg",300,333,true],"mantranews-block-medium":["https:\/\/blogopara.com.br\/wp-content\/uploads\/2024\/05\/IMG-20240518-WA0035-e1716060156846-464x290.jpg",464,290,true],"mantranews-carousel-image":["https:\/\/blogopara.com.br\/wp-content\/uploads\/2024\/05\/IMG-20240518-WA0035-e1716060156846.jpg",500,333,false],"mantranews-block-thumb":["https:\/\/blogopara.com.br\/wp-content\/uploads\/2024\/05\/IMG-20240518-WA0035-e1716060156846-322x230.jpg",322,230,true],"mantranews-single-large":["https:\/\/blogopara.com.br\/wp-content\/uploads\/2024\/05\/IMG-20240518-WA0035-e1716060156846.jpg",500,333,false]},"uagb_author_info":{"display_name":"Reda\u00e7\u00e3o geral","author_link":"https:\/\/blogopara.com.br\/index.php\/author\/blogopara"},"uagb_comment_info":0,"uagb_excerpt":"Com a presen\u00e7a da prefeita Suzana Ramos, a feira de servi\u00e7os \u201cRa\u00edzes da Gente\u201d, realizada pela Prefeitura de Juazeiro, foi um sucesso no Jo\u00e3o Paulo II, em comemora\u00e7\u00e3o aos 45 anos do bairro. A a\u00e7\u00e3o promoveu o desenvolvimento local e ofereceu uma variedade de servi\u00e7os p\u00fablicos nas \u00e1reas de sa\u00fade, educa\u00e7\u00e3o, desenvolvimento social e meio&hellip;","jetpack_sharing_enabled":true,"jetpack_likes_enabled":true,"_links":{"self":[{"href":"https:\/\/blogopara.com.br\/index.php\/wp-json\/wp\/v2\/posts\/65143","targetHints":{"allow":["GET"]}}],"collection":[{"href":"https:\/\/blogopara.com.br\/index.php\/wp-json\/wp\/v2\/posts"}],"about":[{"href":"https:\/\/blogopara.com.br\/index.php\/wp-json\/wp\/v2\/types\/post"}],"author":[{"embeddable":true,"href":"https:\/\/blogopara.com.br\/index.php\/wp-json\/wp\/v2\/users\/1"}],"replies":[{"embeddable":true,"href":"https:\/\/blogopara.com.br\/index.php\/wp-json\/wp\/v2\/comments?post=65143"}],"version-history":[{"count":1,"href":"https:\/\/blogopara.com.br\/index.php\/wp-json\/wp\/v2\/posts\/65143\/revisions"}],"predecessor-version":[{"id":65145,"href":"https:\/\/blogopara.com.br\/index.php\/wp-json\/wp\/v2\/posts\/65143\/revisions\/65145"}],"wp:featuredmedia":[{"embeddable":true,"href":"https:\/\/blogopara.com.br\/index.php\/wp-json\/wp\/v2\/media\/65144"}],"wp:attachment":[{"href":"https:\/\/blogopara.com.br\/index.php\/wp-json\/wp\/v2\/media?parent=65143"}],"wp:term":[{"taxonomy":"category","embeddable":true,"href":"https:\/\/blogopara.com.br\/index.php\/wp-json\/wp\/v2\/categories?post=65143"},{"taxonomy":"post_tag","embeddable":true,"href":"https:\/\/blogopara.com.br\/index.php\/wp-json\/wp\/v2\/tags?post=65143"}],"curies":[{"name":"wp","href":"https:\/\/api.w.org\/{rel}","templated":true}]}}