{"id":65371,"date":"2024-05-24T08:43:41","date_gmt":"2024-05-24T11:43:41","guid":{"rendered":"https:\/\/blogopara.com.br\/?p=65371"},"modified":"2024-05-24T08:43:44","modified_gmt":"2024-05-24T11:43:44","slug":"governo-da-bahia-investe-cerca-de-r-900-milhoes-em-acoes-de-combate-a-fome-no-estado","status":"publish","type":"post","link":"https:\/\/blogopara.com.br\/index.php\/2024\/05\/24\/governo-da-bahia-investe-cerca-de-r-900-milhoes-em-acoes-de-combate-a-fome-no-estado","title":{"rendered":"Governo da Bahia investe cerca de R$ 900 milh\u00f5es em a\u00e7\u00f5es de combate \u00e0 fome no estado"},"content":{"rendered":"<p style=\"text-align: justify;\">A import\u00e2ncia da coopera\u00e7\u00e3o e da inova\u00e7\u00e3o no campo foi um dos temas debatidos no 4\u00ba F\u00f3rum Estadual de Gestores da Agricultura, Pecu\u00e1ria, Irriga\u00e7\u00e3o, Pesca e Aquicultura da Bahia (Feagri), que acontece at\u00e9 esta quinta-feira (23), no Centro de Conven\u00e7\u00f5es de Salvador. Na ocasi\u00e3o, o coordenador-geral de A\u00e7\u00f5es Estrat\u00e9gicas de Combate \u00e0 Fome, Tiago Pereira, apresentou um balan\u00e7o do Bahia Sem Fome, programa priorit\u00e1rio do Governo do Estado.<\/p>\n<p style=\"text-align: justify;\">&#8220;S\u00e3o quase R$ 900 milh\u00f5es investidos em iniciativas que fizeram com que mais de 700 mil pessoas sa\u00edssem do Mapa da Fome nesses um ano e cinco meses de gest\u00e3o&#8221;, declarou Tiago.<\/p>\n<p style=\"text-align: justify;\">Ainda no evento, Tiago refor\u00e7ou o foco especial da gest\u00e3o estadual nas iniciativas que promovem a sustentabilidade, promo\u00e7\u00e3o da seguran\u00e7a alimentar e produ\u00e7\u00e3o de alimentos saud\u00e1veis. &#8220;N\u00e3o d\u00e1 pra n\u00e3o pensar a sustentabilidade no campo, onde a gente tem pessoas em situa\u00e7\u00e3o de fome, de inseguran\u00e7a alimentar, de pobreza e de mis\u00e9ria. E \u00e9 o compromisso do Governo do Estado que a gente implemente um conjunto de a\u00e7\u00f5es coordenadas que promovam a seguran\u00e7a alimentar, a produ\u00e7\u00e3o de alimentos e assegurem o direito humano \u00e0 alimenta\u00e7\u00e3o&#8221;, ressaltou.<\/p>\n<p style=\"text-align: justify;\">O Feagri deste ano oferece uma programa\u00e7\u00e3o variada, com minicursos, plen\u00e1rias e lan\u00e7amentos que abordar\u00e3o temas estrat\u00e9gicos, como capta\u00e7\u00e3o de recursos, gest\u00e3o e pol\u00edtica p\u00fablica, al\u00e9m de produ\u00e7\u00e3o agropecu\u00e1ria municipal. Os t\u00f3picos s\u00e3o cruciais para a capacita\u00e7\u00e3o dos gestores p\u00fablicos e para o impulso do agroneg\u00f3cio local.<\/p>\n<p style=\"text-align: justify;\">\n<p style=\"text-align: justify;\">Camila Fiuza\/Foto: Thassio Ramos<\/p>\n","protected":false},"excerpt":{"rendered":"<p>A import\u00e2ncia da coopera\u00e7\u00e3o e da inova\u00e7\u00e3o no campo foi um dos temas debatidos no 4\u00ba F\u00f3rum Estadual de Gestores da Agricultura, Pecu\u00e1ria, Irriga\u00e7\u00e3o, Pesca e Aquicultura da Bahia (Feagri), que acontece at\u00e9 esta quinta-feira (23), no Centro de Conven\u00e7\u00f5es de Salvador. Na ocasi\u00e3o, o coordenador-geral de A\u00e7\u00f5es Estrat\u00e9gicas de Combate \u00e0 Fome, Tiago Pereira, [&hellip;]<\/p>\n","protected":false},"author":1,"featured_media":65372,"comment_status":"open","ping_status":"open","sticky":false,"template":"","format":"standard","meta":{"_uag_custom_page_level_css":"","_monsterinsights_skip_tracking":false,"_monsterinsights_sitenote_active":false,"_monsterinsights_sitenote_note":"","_monsterinsights_sitenote_category":0,"jetpack_post_was_ever_published":false,"_jetpack_newsletter_access":"","_jetpack_dont_email_post_to_subs":false,"_jetpack_newsletter_tier_id":0,"_jetpack_memberships_contains_paywalled_content":false,"_jetpack_memberships_contains_paid_content":false,"footnotes":"","jetpack_publicize_message":"","jetpack_publicize_feature_enabled":true,"jetpack_social_post_already_shared":true,"jetpack_social_options":{"image_generator_settings":{"template":"highway","default_image_id":0,"font":"","enabled":false},"version":2}},"categories":[199],"tags":[],"class_list":["post-65371","post","type-post","status-publish","format-standard","has-post-thumbnail","hentry","category-bahia"],"jetpack_publicize_connections":[],"jetpack_featured_media_url":"https:\/\/blogopara.com.br\/wp-content\/uploads\/2024\/05\/bahiasemfome-1728x800_c.jpg","uagb_featured_image_src":{"full":["https:\/\/blogopara.com.br\/wp-content\/uploads\/2024\/05\/bahiasemfome-1728x800_c.jpg",500,231,false],"thumbnail":["https:\/\/blogopara.com.br\/wp-content\/uploads\/2024\/05\/bahiasemfome-1728x800_c-150x150.jpg",150,150,true],"medium":["https:\/\/blogopara.com.br\/wp-content\/uploads\/2024\/05\/bahiasemfome-1728x800_c-300x139.jpg",300,139,true],"medium_large":["https:\/\/blogopara.com.br\/wp-content\/uploads\/2024\/05\/bahiasemfome-1728x800_c.jpg",500,231,false],"large":["https:\/\/blogopara.com.br\/wp-content\/uploads\/2024\/05\/bahiasemfome-1728x800_c.jpg",500,231,false],"1536x1536":["https:\/\/blogopara.com.br\/wp-content\/uploads\/2024\/05\/bahiasemfome-1728x800_c.jpg",500,231,false],"2048x2048":["https:\/\/blogopara.com.br\/wp-content\/uploads\/2024\/05\/bahiasemfome-1728x800_c.jpg",500,231,false],"mantranews-slider-large":["https:\/\/blogopara.com.br\/wp-content\/uploads\/2024\/05\/bahiasemfome-1728x800_c.jpg",500,231,false],"mantranews-featured-medium":["https:\/\/blogopara.com.br\/wp-content\/uploads\/2024\/05\/bahiasemfome-1728x800_c-420x231.jpg",420,231,true],"mantranews-featured-long":["https:\/\/blogopara.com.br\/wp-content\/uploads\/2024\/05\/bahiasemfome-1728x800_c-300x231.jpg",300,231,true],"mantranews-block-medium":["https:\/\/blogopara.com.br\/wp-content\/uploads\/2024\/05\/bahiasemfome-1728x800_c-464x231.jpg",464,231,true],"mantranews-carousel-image":["https:\/\/blogopara.com.br\/wp-content\/uploads\/2024\/05\/bahiasemfome-1728x800_c.jpg",500,231,false],"mantranews-block-thumb":["https:\/\/blogopara.com.br\/wp-content\/uploads\/2024\/05\/bahiasemfome-1728x800_c-322x230.jpg",322,230,true],"mantranews-single-large":["https:\/\/blogopara.com.br\/wp-content\/uploads\/2024\/05\/bahiasemfome-1728x800_c.jpg",500,231,false]},"uagb_author_info":{"display_name":"Reda\u00e7\u00e3o geral","author_link":"https:\/\/blogopara.com.br\/index.php\/author\/blogopara"},"uagb_comment_info":0,"uagb_excerpt":"A import\u00e2ncia da coopera\u00e7\u00e3o e da inova\u00e7\u00e3o no campo foi um dos temas debatidos no 4\u00ba F\u00f3rum Estadual de Gestores da Agricultura, Pecu\u00e1ria, Irriga\u00e7\u00e3o, Pesca e Aquicultura da Bahia (Feagri), que acontece at\u00e9 esta quinta-feira (23), no Centro de Conven\u00e7\u00f5es de Salvador. Na ocasi\u00e3o, o coordenador-geral de A\u00e7\u00f5es Estrat\u00e9gicas de Combate \u00e0 Fome, Tiago Pereira,&hellip;","jetpack_sharing_enabled":true,"jetpack_likes_enabled":true,"_links":{"self":[{"href":"https:\/\/blogopara.com.br\/index.php\/wp-json\/wp\/v2\/posts\/65371","targetHints":{"allow":["GET"]}}],"collection":[{"href":"https:\/\/blogopara.com.br\/index.php\/wp-json\/wp\/v2\/posts"}],"about":[{"href":"https:\/\/blogopara.com.br\/index.php\/wp-json\/wp\/v2\/types\/post"}],"author":[{"embeddable":true,"href":"https:\/\/blogopara.com.br\/index.php\/wp-json\/wp\/v2\/users\/1"}],"replies":[{"embeddable":true,"href":"https:\/\/blogopara.com.br\/index.php\/wp-json\/wp\/v2\/comments?post=65371"}],"version-history":[{"count":1,"href":"https:\/\/blogopara.com.br\/index.php\/wp-json\/wp\/v2\/posts\/65371\/revisions"}],"predecessor-version":[{"id":65373,"href":"https:\/\/blogopara.com.br\/index.php\/wp-json\/wp\/v2\/posts\/65371\/revisions\/65373"}],"wp:featuredmedia":[{"embeddable":true,"href":"https:\/\/blogopara.com.br\/index.php\/wp-json\/wp\/v2\/media\/65372"}],"wp:attachment":[{"href":"https:\/\/blogopara.com.br\/index.php\/wp-json\/wp\/v2\/media?parent=65371"}],"wp:term":[{"taxonomy":"category","embeddable":true,"href":"https:\/\/blogopara.com.br\/index.php\/wp-json\/wp\/v2\/categories?post=65371"},{"taxonomy":"post_tag","embeddable":true,"href":"https:\/\/blogopara.com.br\/index.php\/wp-json\/wp\/v2\/tags?post=65371"}],"curies":[{"name":"wp","href":"https:\/\/api.w.org\/{rel}","templated":true}]}}