{"id":65495,"date":"2024-05-29T19:37:50","date_gmt":"2024-05-29T22:37:50","guid":{"rendered":"https:\/\/blogopara.com.br\/?p=65495"},"modified":"2024-05-29T19:37:53","modified_gmt":"2024-05-29T22:37:53","slug":"prefeitura-de-juazeiro-divulga-sexta-convocacao-para-o-processo-seletivo-simplificado-da-autarquia-municipal-de-abastecimento","status":"publish","type":"post","link":"https:\/\/blogopara.com.br\/index.php\/2024\/05\/29\/prefeitura-de-juazeiro-divulga-sexta-convocacao-para-o-processo-seletivo-simplificado-da-autarquia-municipal-de-abastecimento","title":{"rendered":"Prefeitura de Juazeiro divulga sexta convoca\u00e7\u00e3o para o Processo Seletivo Simplificado da Autarquia Municipal de Abastecimento"},"content":{"rendered":"<p style=\"text-align: justify;\">A Prefeitura de Juazeiro, atrav\u00e9s da Secretaria de Gest\u00e3o de Pessoas (Segesp), divulgou do Di\u00e1rio Oficial do Munic\u00edpio (DOEM) desta ter\u00e7a-feira (28) a sexta convoca\u00e7\u00e3o do Processo Seletivo Simplificado para a contrata\u00e7\u00e3o de profissionais tempor\u00e1rios para a Autarquia Municipal de Abastecimento (AMA), conforme o Edital 005\/2023.<\/p>\n<p>Os candidatos convocados devem entregar a documenta\u00e7\u00e3o obrigat\u00f3ria nos dias 29 de maio a 3 de julho de 2024, na sede da Segesp, localizada na Rua 15 de Julho, 32, Centro, das 8h \u00e0s 14h.<\/p>\n<p>A lista dos convocados pode ser conferida no Di\u00e1rio Oficial do Munic\u00edpio.<\/p>\n<p style=\"text-align: justify;\"><a href=\"https:\/\/blogopara.com.br\/wp-content\/uploads\/2024\/05\/Edital-Convocacao.pdf\">Edital Convoca\u00e7\u00e3o<\/a><\/p>\n","protected":false},"excerpt":{"rendered":"<p>A Prefeitura de Juazeiro, atrav\u00e9s da Secretaria de Gest\u00e3o de Pessoas (Segesp), divulgou do Di\u00e1rio Oficial do Munic\u00edpio (DOEM) desta ter\u00e7a-feira (28) a sexta convoca\u00e7\u00e3o do Processo Seletivo Simplificado para a contrata\u00e7\u00e3o de profissionais tempor\u00e1rios para a Autarquia Municipal de Abastecimento (AMA), conforme o Edital 005\/2023. Os candidatos convocados devem entregar a documenta\u00e7\u00e3o obrigat\u00f3ria nos [&hellip;]<\/p>\n","protected":false},"author":1,"featured_media":51475,"comment_status":"open","ping_status":"open","sticky":false,"template":"","format":"standard","meta":{"_uag_custom_page_level_css":"","_monsterinsights_skip_tracking":false,"_monsterinsights_sitenote_active":false,"_monsterinsights_sitenote_note":"","_monsterinsights_sitenote_category":0,"jetpack_post_was_ever_published":false,"_jetpack_newsletter_access":"","_jetpack_dont_email_post_to_subs":false,"_jetpack_newsletter_tier_id":0,"_jetpack_memberships_contains_paywalled_content":false,"_jetpack_memberships_contains_paid_content":false,"footnotes":"","jetpack_publicize_message":"","jetpack_publicize_feature_enabled":true,"jetpack_social_post_already_shared":true,"jetpack_social_options":{"image_generator_settings":{"template":"highway","default_image_id":0,"font":"","enabled":false},"version":2}},"categories":[203],"tags":[],"class_list":["post-65495","post","type-post","status-publish","format-standard","has-post-thumbnail","hentry","category-juazeiro"],"jetpack_publicize_connections":[],"jetpack_featured_media_url":"https:\/\/blogopara.com.br\/wp-content\/uploads\/2023\/04\/Prefeitura-de-Juazeiro-Paco-Municipal.jpg","uagb_featured_image_src":{"full":["https:\/\/blogopara.com.br\/wp-content\/uploads\/2023\/04\/Prefeitura-de-Juazeiro-Paco-Municipal.jpg",948,632,false],"thumbnail":["https:\/\/blogopara.com.br\/wp-content\/uploads\/2023\/04\/Prefeitura-de-Juazeiro-Paco-Municipal-150x150.jpg",150,150,true],"medium":["https:\/\/blogopara.com.br\/wp-content\/uploads\/2023\/04\/Prefeitura-de-Juazeiro-Paco-Municipal-300x200.jpg",300,200,true],"medium_large":["https:\/\/blogopara.com.br\/wp-content\/uploads\/2023\/04\/Prefeitura-de-Juazeiro-Paco-Municipal-768x512.jpg",640,427,true],"large":["https:\/\/blogopara.com.br\/wp-content\/uploads\/2023\/04\/Prefeitura-de-Juazeiro-Paco-Municipal.jpg",640,427,false],"1536x1536":["https:\/\/blogopara.com.br\/wp-content\/uploads\/2023\/04\/Prefeitura-de-Juazeiro-Paco-Municipal.jpg",948,632,false],"2048x2048":["https:\/\/blogopara.com.br\/wp-content\/uploads\/2023\/04\/Prefeitura-de-Juazeiro-Paco-Municipal.jpg",948,632,false],"mantranews-slider-large":["https:\/\/blogopara.com.br\/wp-content\/uploads\/2023\/04\/Prefeitura-de-Juazeiro-Paco-Municipal.jpg",948,632,false],"mantranews-featured-medium":["https:\/\/blogopara.com.br\/wp-content\/uploads\/2023\/04\/Prefeitura-de-Juazeiro-Paco-Municipal-420x307.jpg",420,307,true],"mantranews-featured-long":["https:\/\/blogopara.com.br\/wp-content\/uploads\/2023\/04\/Prefeitura-de-Juazeiro-Paco-Municipal-300x443.jpg",300,443,true],"mantranews-block-medium":["https:\/\/blogopara.com.br\/wp-content\/uploads\/2023\/04\/Prefeitura-de-Juazeiro-Paco-Municipal-464x290.jpg",464,290,true],"mantranews-carousel-image":["https:\/\/blogopara.com.br\/wp-content\/uploads\/2023\/04\/Prefeitura-de-Juazeiro-Paco-Municipal-600x500.jpg",600,500,true],"mantranews-block-thumb":["https:\/\/blogopara.com.br\/wp-content\/uploads\/2023\/04\/Prefeitura-de-Juazeiro-Paco-Municipal-322x230.jpg",322,230,true],"mantranews-single-large":["https:\/\/blogopara.com.br\/wp-content\/uploads\/2023\/04\/Prefeitura-de-Juazeiro-Paco-Municipal.jpg",948,632,false]},"uagb_author_info":{"display_name":"Reda\u00e7\u00e3o geral","author_link":"https:\/\/blogopara.com.br\/index.php\/author\/blogopara"},"uagb_comment_info":0,"uagb_excerpt":"A Prefeitura de Juazeiro, atrav\u00e9s da Secretaria de Gest\u00e3o de Pessoas (Segesp), divulgou do Di\u00e1rio Oficial do Munic\u00edpio (DOEM) desta ter\u00e7a-feira (28) a sexta convoca\u00e7\u00e3o do Processo Seletivo Simplificado para a contrata\u00e7\u00e3o de profissionais tempor\u00e1rios para a Autarquia Municipal de Abastecimento (AMA), conforme o Edital 005\/2023. Os candidatos convocados devem entregar a documenta\u00e7\u00e3o obrigat\u00f3ria nos&hellip;","jetpack_sharing_enabled":true,"jetpack_likes_enabled":true,"_links":{"self":[{"href":"https:\/\/blogopara.com.br\/index.php\/wp-json\/wp\/v2\/posts\/65495","targetHints":{"allow":["GET"]}}],"collection":[{"href":"https:\/\/blogopara.com.br\/index.php\/wp-json\/wp\/v2\/posts"}],"about":[{"href":"https:\/\/blogopara.com.br\/index.php\/wp-json\/wp\/v2\/types\/post"}],"author":[{"embeddable":true,"href":"https:\/\/blogopara.com.br\/index.php\/wp-json\/wp\/v2\/users\/1"}],"replies":[{"embeddable":true,"href":"https:\/\/blogopara.com.br\/index.php\/wp-json\/wp\/v2\/comments?post=65495"}],"version-history":[{"count":1,"href":"https:\/\/blogopara.com.br\/index.php\/wp-json\/wp\/v2\/posts\/65495\/revisions"}],"predecessor-version":[{"id":65497,"href":"https:\/\/blogopara.com.br\/index.php\/wp-json\/wp\/v2\/posts\/65495\/revisions\/65497"}],"wp:featuredmedia":[{"embeddable":true,"href":"https:\/\/blogopara.com.br\/index.php\/wp-json\/wp\/v2\/media\/51475"}],"wp:attachment":[{"href":"https:\/\/blogopara.com.br\/index.php\/wp-json\/wp\/v2\/media?parent=65495"}],"wp:term":[{"taxonomy":"category","embeddable":true,"href":"https:\/\/blogopara.com.br\/index.php\/wp-json\/wp\/v2\/categories?post=65495"},{"taxonomy":"post_tag","embeddable":true,"href":"https:\/\/blogopara.com.br\/index.php\/wp-json\/wp\/v2\/tags?post=65495"}],"curies":[{"name":"wp","href":"https:\/\/api.w.org\/{rel}","templated":true}]}}